{"id":1011,"date":"2020-09-20T10:40:51","date_gmt":"2020-09-20T10:40:51","guid":{"rendered":"http:\/\/zakarybelamy.com\/img\/?p=1011"},"modified":"2020-09-19T12:55:58","modified_gmt":"2020-09-19T12:55:58","slug":"rencontres-musicales-de-noyers-2013","status":"publish","type":"post","link":"https:\/\/zakarybelamy.com\/img\/2020\/09\/20\/rencontres-musicales-de-noyers-2013\/","title":{"rendered":"Rencontres Musicales De Noyers 2013"},"content":{"rendered":"<p>Encontres musicales ProQuart et Seine-et-Marne Yonne Renseignements et r\u00e9servations T. 33 01 44 61 83 68 www.proquart et.fr 14 e Le FestivaL du Quatuor \u00e0 cordes 12 concerts du 24 mai au 23 juin 2013 seine-et-Marne Bois-le-Roi Le Vaudou\u00e9 Montigny-sur-Loing La Genevraye Villiers-sous-Grez Mor et-sur-Loing Thomery Chartr ettes Longueville Yonne Gron Chaumot Les Bordes Membre Premium Confirmation Imm\u00e9diate Non-fumeur Connexion internet T\u00e9l\u00e9vision Satellite ou C\u00e2ble \u03a7\u03b5\u03b9\u03bc\u03b5\u03c1\u03b9\u03bd\u03cc \u03c3\u03b1\u03ba\u03af\u03b4\u03b9\u03bf \u03bc\u03b5 \u03b9\u03bc\u03ac\u03bd\u03c4\u03b1 \u03b3\u03b9\u03b1 snowboard \u03c3\u03c4\u03bf \u03bc\u03c0\u03c1\u03bf\u03c3\u03c4\u03b9\u03bd\u03cc \u03bc\u03ad\u03c1\u03bf\u03c2 \u03ba\u03b1\u03b9 \u03c0\u03af\u03c3\u03c9 \u03c0\u03c1\u03cc\u03c3\u03b2\u03b1\u03c3\u03b7 \u03c3\u03c4\u03bf \u03c0\u03c1\u03c9\u03c4\u03b5\u03cd\u03bf\u03bd \u03b4\u03b9\u03b1\u03bc\u03ad\u03c1\u03b9\u03c3\u03bc\u03b1. De musique de chambre avec le violoniste Patrice Fontanarosa et le R\u00e9cital de master de Hugo Philippeau, piano CNSMD <img decoding=\"async\" src=\"http:\/\/www.avanne-aveney.com\/IMG\/Capture%20d'%C3%A9cran%202014-10-10%20%C3%A0%2014.44.27.png\" alt=\"rencontres musicales de noyers 2013\" align=\"center\"> <img decoding=\"async\" src=\"http:\/\/www.tvfigeac.com\/media\/2011\/parc\/20111005_paleonautes.jpg\" alt=\"rencontres musicales de noyers 2013\" align=\"right\">  N\u00e9 en 1966, ayant grandi entre les Landes et les Charentes, Herv\u00e9 \u00e9tait un passionn\u00e9 de nature et de grands espaces. Apr\u00e8s loc\u00e9an de ses ann\u00e9es denfance, cest, \u00e0 16 ans, la d\u00e9couverte de la montagne. Grimpeur, skieur, alpiniste, il ne cessait darpenter les sommets, \u00e0 la recherche de la lumi\u00e8re et de l\u00e9motion justes. Maryline G\u00e9rard est conteuse et com\u00e9dienne. Vous la croiserez en Sa\u00f4ne-et-Loire sous le nom de Marylune. Elle conte pour les petits et les grands. On pense souvent que le conte est r\u00e9serv\u00e9 aux enfants. Mais les contes sont universels et leur port\u00e9e symbolique peut toucher chacun de nous, quel que soit notre \u00e2ge. Le r\u00e9pertoire de Marylune se compose principalement de contes traditionnels mais elle en \u00e9crit aussi. Elle a \u00e9dit\u00e9 le recueil Les contes de Marylune avec des illustrations dAdeline Ruel, recueil compos\u00e9 de six contes pour toute la famille. Elle nous offre ici son premier ab\u00e9c\u00e9daire. Nathalie GU\u00c9RAUD Festival Couleur en t\u00eate organis\u00e9 par lassociation OCRERIE \u00e0 Auxerre! S\u00e9bastien Texier Toxic Parasites Quintet-Nouvel Album Dimanche 14 Avril 2013-17:00 Au Sud du Nord Concert Paris Jazz Club Il a fait leffort de ne pas \u00e9voquer une seule fois le mot jaune dans un reccueil qui en est rempli. La Porte Peinte, lune des entr\u00e9es fortifi\u00e9es de Noyers. 18h00 : \u00e9glise N-D de Noyers Anne Queff\u00e9lec r\u00e9cital de piano Pour commenter vous devez \u00eatre identifi\u00e9. Si vous \u00eates abonn\u00e9 ou d\u00e9j\u00e0 inscrit, sinon  INTERNET. Lop\u00e9ra et le ballet chez soi, mai 2020. LOp\u00e9ra national de Paris poursuit son offre dop\u00e9ras et de ballets accessibles chez soi, gratuitement ; il sagit de ses productions embl\u00e9matiques d\u00e9j\u00e0 pr\u00e9sent\u00e9es. Chaque lundi \u00e0 19h30, un op\u00e9ra ou un ballet est mis en ligne dans son int\u00e9gralit\u00e9 sur operadeparis.fr et sur france.tvculturebox. En mai 2020, ne manquez pas Carmen, Don Pasquale, Boris Godounov, c\u00f4t\u00e9 op\u00e9ra ; et c\u00f4t\u00e9 ballets : Le songe dune nuit d\u00e9t\u00e9, Body and soul Crystal Pite Identifiez bien la date limite de visionnage car chaque production est accessible pour un temps limit\u00e9. Luc YEREMIYEULart de cr\u00e9er et de restaurer le vitrail!  si\u00e8cle, et qui a cette \u00e9poque faisait face au ch\u00e2teau aujourdhui E.G : Il y aurait donc un lien avec la m\u00e9moire, la fa\u00e7on dont elle se d\u00e9veloppe et r\u00e9gresse? Avez-vous men\u00e9 des recherches sur ce point? <img decoding=\"async\" src=\"http:\/\/inthemoodforfilmfestivals.com\/wp-content\/uploads\/2014\/06\/couv.jpg\" alt=\"rencontres musicales de noyers 2013\" align=\"center\"> Le travail de Niki Ellinidous sera pr\u00e9sent\u00e9 au public en octobre 2016, celuidAnna Dreschers un mois plus tard au th\u00e9\u00e2tre de Biel Solothurn en Suisse. Les Mis\u00e9rables ont du choeur! La c\u00e9l\u00e8bre com\u00e9die musicale qui a vu le jour en 1980 se voit revisit\u00e9e par les chorales scolaires.<\/p>\n","protected":false},"excerpt":{"rendered":"<p>rencontres musicales de noyers 2013<\/p>\n","protected":false},"author":1,"featured_media":0,"comment_status":"closed","ping_status":"closed","sticky":false,"template":"","format":"standard","meta":{"footnotes":""},"categories":[1],"tags":[],"_links":{"self":[{"href":"https:\/\/zakarybelamy.com\/img\/wp-json\/wp\/v2\/posts\/1011"}],"collection":[{"href":"https:\/\/zakarybelamy.com\/img\/wp-json\/wp\/v2\/posts"}],"about":[{"href":"https:\/\/zakarybelamy.com\/img\/wp-json\/wp\/v2\/types\/post"}],"author":[{"embeddable":true,"href":"https:\/\/zakarybelamy.com\/img\/wp-json\/wp\/v2\/users\/1"}],"replies":[{"embeddable":true,"href":"https:\/\/zakarybelamy.com\/img\/wp-json\/wp\/v2\/comments?post=1011"}],"version-history":[{"count":1,"href":"https:\/\/zakarybelamy.com\/img\/wp-json\/wp\/v2\/posts\/1011\/revisions"}],"predecessor-version":[{"id":1012,"href":"https:\/\/zakarybelamy.com\/img\/wp-json\/wp\/v2\/posts\/1011\/revisions\/1012"}],"wp:attachment":[{"href":"https:\/\/zakarybelamy.com\/img\/wp-json\/wp\/v2\/media?parent=1011"}],"wp:term":[{"taxonomy":"category","embeddable":true,"href":"https:\/\/zakarybelamy.com\/img\/wp-json\/wp\/v2\/categories?post=1011"},{"taxonomy":"post_tag","embeddable":true,"href":"https:\/\/zakarybelamy.com\/img\/wp-json\/wp\/v2\/tags?post=1011"}],"curies":[{"name":"wp","href":"https:\/\/api.w.org\/{rel}","templated":true}]}}