{"id":10241,"date":"2020-10-13T06:35:55","date_gmt":"2020-10-13T06:35:55","guid":{"rendered":"http:\/\/zakarybelamy.com\/img\/?p=10241"},"modified":"2020-10-03T23:50:51","modified_gmt":"2020-10-03T23:50:51","slug":"programme-artiste-rencontre-territoire","status":"publish","type":"post","link":"https:\/\/zakarybelamy.com\/img\/2020\/10\/13\/programme-artiste-rencontre-territoire\/","title":{"rendered":"Programme Artiste Rencontre Territoire"},"content":{"rendered":"<p>Au del\u00e0 de sa dimension normative, le dialogue social recouvre des r\u00e9alit\u00e9s bien diff\u00e9rentes. Dans un secteur anim\u00e9 par des engagements passionnels, il vise \u00e0 r\u00e9guler les relations entre employeurs et salari\u00e9s alors que le contexte \u00e9conomique est particuli\u00e8rement tendus et que le travail sintensifie. <img decoding=\"async\" src=\"http:\/\/www.artaem.fr\/artaem\/Programmation_dArtaem_files\/ProgrammeOASISmail_Page_2.jpg\" alt=\"programme artiste rencontre territoire\" align=\"center\"> Conf\u00e9rence-lecture propos\u00e9e par lAssociation Trans Musicales  Zone daction des Rives de lArt en moyenne vall\u00e9e de la Dordogne, pr\u00e8s de Bergerac ; cliquer pour agrandir En partenariat avec le Collectif des festivals engag\u00e9s pour le d\u00e9veloppement durable et solidaire en Bretagne, le CNV propose \u00e0 tous les organisateurs de festivals pr\u00e9sents \u00e0 Rennes dans le cadre des Trans Musicales une r\u00e9union de travail \u00e0 partir des r\u00e9sultats pr\u00e9liminaires de l\u00e9tude quil conduit sur l\u00e9volution des caract\u00e9ristiques \u00e9conomiques, sociales et budg\u00e9taires des manifestations fran\u00e7aises. Cette \u00e9tude, lanc\u00e9e au d\u00e9but de l\u00e9t\u00e9 2013, devrait permettre de disposer d\u00e9but 2014 dindicateurs dactivit\u00e9 des festivals pour la p\u00e9riode 2008-2012, dans une version mise \u00e0 jour et enrichie des r\u00e9sultats de l\u00e9tude publi\u00e9e en juin 2010. La couleur, visite th\u00e9matique dans les collections am\u00e9nager des rencontres avec des professionnels ;  inciter \u00e0 la solidarit\u00e9 entre habitants afin de donner le sentiment dappartenance \u00e0 un m\u00eame territoire : cr\u00e9ation de p\u00f4les de b\u00e9n\u00e9voles, mises en place de circuits de covoiturage Le D\u00e9partement de lIs\u00e8re souhaite affirmer son attachement \u00e0 la culture de proximit\u00e9, en identifiant les structures qui participent \u00e0 la diversit\u00e9 de loffre culturelle des territoires. Tr\u00e8s impliqu\u00e9 dans le soutien au spectacle vivant, celui-ci accompagne des lieux qui favorisent louverture culturelle au plus grand nombre. Par leurs sp\u00e9cificit\u00e9s culturelles et g\u00e9ographiques, ces lieux identifi\u00e9s par le D\u00e9partement Sc\u00e8ne Ressource en Is\u00e8re constituent de r\u00e9els partenaires pour : Enfin, nous continuons \u00e0 mener des actions en pays Salonais entre Miramas et Saint-Chamas au c\u0153ur du parc de la Poudrerie quEstefania Penafiel Loiza rejoindra au printemps prochain. Dautres projets suivront, les artistes nayant \u00e0 ce jour pas encore \u00e9t\u00e9 s\u00e9lectionn\u00e9s, au Domaine du D\u00e9fend \u00e0 Rousset en partenariat avec les \u00e9coles dart dAix en Provence et de Marseille.  pas d\u00e9passer 20 minutes avant le 1er juillet 2019 \u00e0 Charlotte Weidmann : Ferm\u00e9 depuis le 24 mars, le plus grand march\u00e9 de Nantes reprend progressivement des couleurs. 220 commer\u00e7ants sur les 250 habituels sont pr\u00e9sents ce samedi 13 juin, avant un retour complet \u00e0 la normale le 20 juin. Trans 2011 : le cheminement vers les droits culturels Les Trans sont un festival et ne se d\u00e9finissent dailleurs pas autrement, ni forum ni s\u00e9minaire ni march\u00e9. Mais parce que leur programmation est os\u00e9e et aventuri\u00e8re, elles attirent et accueillent de tr\u00e8s nombreux professionnels et m\u00e9dias. Credits visuels photo background : Usine Utopik Noe\u0301mie Boulon, Nicolas Desverronnie\u0300res, re\u0301sidences 5758, 2019-un curriculum vitae ou une biographie dudes porteurs de projet <img decoding=\"async\" src=\"http:\/\/www.orient-occident.org\/wp-content\/uploads\/2018\/04\/Communique%CC%81-PARCOURS-Avril-2018-page-001.jpg\" alt=\"programme artiste rencontre territoire\" align=\"right\"> Sophian Fanen Cofondateur, journaliste, LES JOURS Mod\u00e9rateur : Florent Le Duc Francofaune Bruxelles Une r\u00e9sidence est un nouveau d\u00e9part, pour lartiste, pour les artistes, pour lensemble musical, pour la ou les structures accueillant la r\u00e9sidence, pour le d\u00e9veloppement culturel dun territoire, pour une collectivit\u00e9 ou une communaut\u00e9 de communes, pour les individus. Acc\u00e8s aux droits culturels et participation des personnes en situation de pr\u00e9carit\u00e9 sociale \u00e0 la vie culturelle Fadil Kasri R\u00e9seau Hip Hop Bretagne Cie Eskemm Lorient <img decoding=\"async\" src=\"http:\/\/fracama.org\/upload\/1nMknULM4x.jpg\" alt=\"programme artiste rencontre territoire\" align=\"center\">.<\/p>\n","protected":false},"excerpt":{"rendered":"<p>programme artiste rencontre territoire<\/p>\n","protected":false},"author":1,"featured_media":0,"comment_status":"closed","ping_status":"closed","sticky":false,"template":"","format":"standard","meta":{"footnotes":""},"categories":[1],"tags":[],"_links":{"self":[{"href":"https:\/\/zakarybelamy.com\/img\/wp-json\/wp\/v2\/posts\/10241"}],"collection":[{"href":"https:\/\/zakarybelamy.com\/img\/wp-json\/wp\/v2\/posts"}],"about":[{"href":"https:\/\/zakarybelamy.com\/img\/wp-json\/wp\/v2\/types\/post"}],"author":[{"embeddable":true,"href":"https:\/\/zakarybelamy.com\/img\/wp-json\/wp\/v2\/users\/1"}],"replies":[{"embeddable":true,"href":"https:\/\/zakarybelamy.com\/img\/wp-json\/wp\/v2\/comments?post=10241"}],"version-history":[{"count":1,"href":"https:\/\/zakarybelamy.com\/img\/wp-json\/wp\/v2\/posts\/10241\/revisions"}],"predecessor-version":[{"id":10244,"href":"https:\/\/zakarybelamy.com\/img\/wp-json\/wp\/v2\/posts\/10241\/revisions\/10244"}],"wp:attachment":[{"href":"https:\/\/zakarybelamy.com\/img\/wp-json\/wp\/v2\/media?parent=10241"}],"wp:term":[{"taxonomy":"category","embeddable":true,"href":"https:\/\/zakarybelamy.com\/img\/wp-json\/wp\/v2\/categories?post=10241"},{"taxonomy":"post_tag","embeddable":true,"href":"https:\/\/zakarybelamy.com\/img\/wp-json\/wp\/v2\/tags?post=10241"}],"curies":[{"name":"wp","href":"https:\/\/api.w.org\/{rel}","templated":true}]}}