{"id":10251,"date":"2020-10-13T17:55:05","date_gmt":"2020-10-13T17:55:05","guid":{"rendered":"http:\/\/zakarybelamy.com\/img\/?p=10251"},"modified":"2020-10-04T00:04:13","modified_gmt":"2020-10-04T00:04:13","slug":"rencontres-en-humanite-lyon","status":"publish","type":"post","link":"https:\/\/zakarybelamy.com\/img\/2020\/10\/13\/rencontres-en-humanite-lyon\/","title":{"rendered":"Rencontres En Humanit\u00e9 Lyon"},"content":{"rendered":"<p>Karima Lazali, autrice de louvrage, sera parmi les invit\u00e9s du salon du livre. J Lutars a \u00e9crit le 06012020 \u00e0 13h20 Peut etre un peu damertume apres la d\u00e9faite 7-0 Dialogue en humanit\u00e9 revient d\u00e9but juillet \u00e0 Lyon avec un objectif affirm\u00e9 : sortir la soci\u00e9t\u00e9 de la morosit\u00e9. Comment? En s\u00e9coutant les uns les autres et en rapprochant les entrepreneurs, les artistes, les intellectuels et les scientifiques. 150 ateliers sont notamment programm\u00e9s pour d\u00e9couvrir toutes les initiatives existantes et avancer autour de la th\u00e9matique 2018 : Il est trop tard pour \u00eatre pessimiste! La r\u00e9sistance, aujourdhui, cest loptimisme. Dialogues en humanit\u00e9, demandez le programme!  Bado 2004 et m\u00eame plus, LInterligne, Ottawa, 2004. A loccasion du festival Jazz \u00e0 Vienne, le CMTRA, Zone Franche et Jazz \u00e0 Vienne proposent une conf\u00e9rence avec pour th\u00e9matique la place des Antilles fran\u00e7aises dans la culture fran\u00e7aise. En cette ann\u00e9e anniversaire du mythique groupe Kassav, les patrimoines culturels antillais brillent dune lumi\u00e8re contrast\u00e9e. Certes depuis quelques ann\u00e9es, la cr\u00e9ativit\u00e9 musicale de larchipel rencontre en m\u00e9tropole une reconnaissance qui lui est d\u00e9j\u00e0 acquise \u00e0 linternational depuis pr\u00e8s de 40 ans. Pour autant, limmense majorit\u00e9 des artistes de la diaspora antillaise peinent \u00e0 trouver leur place sur les sc\u00e8nes culturelles et m\u00e9diatiques fran\u00e7aises, dont les angles morts sont fa\u00e7onn\u00e9s par les \u00e9chos ambivalents de notre histoire coloniale. Si les \u00e9crivains ont \u00e9t\u00e9 et demeurent les principaux porte-voix des r\u00e9alit\u00e9s insulaires, la musique et la danse en sont elles aussi des expressions manifestes. Cette table-ronde souhaite donner la parole \u00e0 des artistes, des programmateurs et des penseurs des cultures antillaises francophones contemporaines. Nous prendrons le temps de les \u00e9couter sur leurs parcours, leurs contournements et leurs engagements en faveur dune juste int\u00e9gration de ces patrimoines culturels fran\u00e7ais encore maintenus en ultra-p\u00e9riph\u00e9rie des sc\u00e8nes m\u00e9tropolitaines et des r\u00e9cits nationaux. Superbe \u00e9nergie et b\u00e9n\u00e9dictions affectives! \u00c2me s\u0153ur, \u00e9motions fortes, inexplicables! Gr\u00e2ce \u00e0 V\u00e9nus, le triomphe sera garanti dans toutes vos relations! Vous devenez lami id\u00e9al, celui ou celle dont tout le monde se dispute la compagnie. Votre charme et votre s\u00e9duction fonctionneront \u00e0 merveille! Fusion, amicale, amoureuse, intellectuelle, physique ou spirituelle! Votre entourage vous \u00e9coutera, vous soutiendra et vous fera enti\u00e8rement confiance! Quel jus! \u00e0 Messimy, \u00e0 linitiative du Caf\u00e9 Citoyen de la commune De laventure, du myst\u00e8re de lhumour : un r\u00e9gal! \u00c9dition Dominium 3 juin : un moment o\u00f9 des drag-queens se retrouvent pour lire des histoires aux enfants. Rencontre avec Maboula Soumahoro sur la P\u00e9niche Anako pour son livre, dans le cadre du Black History Month dont elle est la co-fondatrice. Quand jai rencontr\u00e9 Victorien Salagnon, il ne pouvait \u00eatre pire, il lavait faite la guerre de 20 ans qui nous obs\u00e8de, qui narrive pas \u00e0 finir, il avait parcouru le monde avec sa bande arm\u00e9e, il devait avoir du sang jusquaux coudes. Mais il ma appris \u00e0 peindre. Il devait \u00eatre le seul peintre de toute larm\u00e9e coloniale, mais l\u00e0-bas on ne faisait pas attention \u00e0 ces d\u00e9tails. Il mapprit \u00e0 peindre, et en \u00e9change je lui \u00e9crivis son histoire. Voici le compte-rendu des rencontres de la Mirly qui se sont d\u00e9roul\u00e9es les 24 et 25 janvier dernier \u00e0 Oullins 69, sur le th\u00e8me Travail des \u00e9trangers, travail \u00e0 l\u00e9tranger. Interventions, t\u00e9moignages, r\u00e9flexions et d\u00e9bats entre participants : tout est ici! Dans une 2\u00e8me partie, il rapelle les objectifs retenus au niveau mondial, europ\u00e9en et fran\u00e7ais, et pr\u00e9sente les r\u00e9sultats effectivement obtenus. Aucun des objectifs annonc\u00e9s nest ou ne sera tenu. En particulier, au niveau fran\u00e7ais, les objectifs retenus par la LTECV ou les PPE en mati\u00e8re de r\u00e9duction des GES, r\u00e9duction de la consommation d\u00e9nergie et r\u00e9duction de la consommation de fossiles ne seront pas atteints, et de loin. <img decoding=\"async\" src=\"http:\/\/www.grandsitedefrance.com\/images\/stories\/images-actu\/changeons_dairs_02-03-06_infos.jpg\" alt=\"rencontres en humanit\u00e9 lyon\" align=\"right\"> Cr\u00e9\u00e9e en janvier 2016, lassociation a notamment pour but de promouvoir la librairie ind\u00e9pendante. Elle organise r\u00e9guli\u00e8rement des \u00e9v\u00e9nements, lectures, pr\u00e9sentations de livres, etc. Nh\u00e9sitez pas \u00e0 vous renseigner.  Lassociation Anciela propose ce semestre une nouvelle s\u00e9rie de formations ouvertes \u00e0 tous les citoyens sur diff\u00e9rents enjeux : engagement citoyen, participation citoyenne, outils et les dispositifs participatifs et des m\u00e9thodes alternatives dinformation citoyenne. Apr\u00e8s le cycle de Septembre sur le th\u00e8me Favoriser lengagement citoyen, les mois doctobre et de <img decoding=\"async\" src=\"http:\/\/histoiredenparler.info\/wp-content\/uploads\/2017\/06\/Paccalet14-722x1024.jpeg\" alt=\"rencontres en humanit\u00e9 lyon\" align=\"left\"> Aux premiers jours de la pand\u00e9mie, la Haut-commissaire aux droits de lHomme des Nations-Unies, Madame Michelle Bachelet, avait affirm\u00e9 que dans cette p\u00e9riode les droits de lHomme doivent \u00eatre au c\u0153ur des d\u00e9cisions. Le dispositif juridique du gouvernement se situe aux antipodes. Au point que la Commission nationale consultative des droits de lHomme sen inqui\u00e8te, soulignant quil conduit \u00e0 une concentration entre les mains de lEx\u00e9cutif du pouvoir de restreindre les droits et libert\u00e9s que la R\u00e9publique na jamais connue en temps de paix. <img decoding=\"async\" src=\"http:\/\/resize.over-blog.com\/170x170-ct.jpg?http:\/\/i35.servimg.com\/u\/f35\/13\/33\/02\/69\/stfc_f10.jpg\" alt=\"rencontres en humanit\u00e9 lyon\" align=\"right\"> 23 janvier Hors les murs \u00e0 la Biblioth\u00e8que municipale de la Part-Dieu Apr\u00e8s le colonialisme avec Emmanuelle Sibeud et Philippe Colin. Co-organis\u00e9 par le 27 septembre : TROC-LECTURE en partenariat avec lassociation. Conf\u00e9rence avec Fran\u00e7oise Verg\u00e8s et \u00c9lise Thi\u00e9baut, autrice de et, sur le sujet : Comment les corps des femmes sont-ils exploit\u00e9s sous un r\u00e9gime capitaliste?  Le cercle sp\u00e9cifique science, tr\u00e8s jeune, puisquil na que quatre ans, regroupe environ 30 personnes, encore actifs ou retait\u00e9s issus de milieux universitaire, recherche, m\u00e9dical, industrie chimie, pharmacie, p\u00e9trole et \u00e9nergie..Il se r\u00e9unit en moyenne 6 fois par an. A chaque chapitre une chanson, de Barbara \u00e0 Edith Piaf, de Nino Ferrer \u00e0 David Bowie en passant par Aretha Franklin et Arno.. mais le graphique ressemblant, et le plus frappant, des derniers mois na rien dartistique : Claude Acket a donn\u00e9 une conf\u00e9rence sur le th\u00e8me de La transition \u00e9nerg\u00e9tique.<\/p>\n","protected":false},"excerpt":{"rendered":"<p>rencontres en humanit\u00e9 lyon<\/p>\n","protected":false},"author":1,"featured_media":0,"comment_status":"closed","ping_status":"closed","sticky":false,"template":"","format":"standard","meta":{"footnotes":""},"categories":[1],"tags":[],"_links":{"self":[{"href":"https:\/\/zakarybelamy.com\/img\/wp-json\/wp\/v2\/posts\/10251"}],"collection":[{"href":"https:\/\/zakarybelamy.com\/img\/wp-json\/wp\/v2\/posts"}],"about":[{"href":"https:\/\/zakarybelamy.com\/img\/wp-json\/wp\/v2\/types\/post"}],"author":[{"embeddable":true,"href":"https:\/\/zakarybelamy.com\/img\/wp-json\/wp\/v2\/users\/1"}],"replies":[{"embeddable":true,"href":"https:\/\/zakarybelamy.com\/img\/wp-json\/wp\/v2\/comments?post=10251"}],"version-history":[{"count":1,"href":"https:\/\/zakarybelamy.com\/img\/wp-json\/wp\/v2\/posts\/10251\/revisions"}],"predecessor-version":[{"id":10252,"href":"https:\/\/zakarybelamy.com\/img\/wp-json\/wp\/v2\/posts\/10251\/revisions\/10252"}],"wp:attachment":[{"href":"https:\/\/zakarybelamy.com\/img\/wp-json\/wp\/v2\/media?parent=10251"}],"wp:term":[{"taxonomy":"category","embeddable":true,"href":"https:\/\/zakarybelamy.com\/img\/wp-json\/wp\/v2\/categories?post=10251"},{"taxonomy":"post_tag","embeddable":true,"href":"https:\/\/zakarybelamy.com\/img\/wp-json\/wp\/v2\/tags?post=10251"}],"curies":[{"name":"wp","href":"https:\/\/api.w.org\/{rel}","templated":true}]}}