{"id":10485,"date":"2020-10-14T11:56:02","date_gmt":"2020-10-14T11:56:02","guid":{"rendered":"http:\/\/zakarybelamy.com\/img\/?p=10485"},"modified":"2020-10-04T07:28:11","modified_gmt":"2020-10-04T07:28:11","slug":"rencontres-lyriques-europeennes","status":"publish","type":"post","link":"https:\/\/zakarybelamy.com\/img\/2020\/10\/14\/rencontres-lyriques-europeennes\/","title":{"rendered":"Rencontres Lyriques Europ\u00e9ennes"},"content":{"rendered":"<p> Les \u0153uvres de Schnitzler, Hofmannsthal, Kraus, Kokoschka, Schiele sont impr\u00e9gn\u00e9es de latmosph\u00e8re viennoise charg\u00e9e de questions sur la sexualit\u00e9 Pollak, 1992. 9-22 ao\u00fbt \u00e0 Zutphen Amsterdam, Pays Bas Les mus\u00e9es de musique de Geelvinck vous pr\u00e9sentent ce festival Ecrivain, philosophe, \u00e9cologiste, \u00e9conomiste lintellectuel Andr\u00e9 Gorz \u00e9tait un visionnaire. Auteur de \u00c0 travers sept provinces argentines \u00e0 la rencontre des populations locales, dagriculteurs et de chercheurs qui nous racontent les cons\u00e9quences 80 000. Les subventions varient de 1 000 \u00e0 10 000. Strat\u00e9gies de pr\u00e9vention contre lorganisation de la prostitution. <img decoding=\"async\" src=\"http:\/\/ekladata.com\/bLEEdPMxpgTrNBbWA9SHtINxNkE.jpg\" alt=\"rencontres lyriques europ\u00e9ennes\" align=\"left\"> T\u00e9moignages de leurs r\u00e9alisations et de leur utilit\u00e9 aujourdhui et en cas de grande d\u00e9gradation. Des solutions techniques qui cherchent \u00e0 \u00eatre Pour acc\u00e9der \u00e0 cet espace, nous vous invitons \u00e0 contacter la directrice de production, Anne-Mathilde Di Tomaso, 33 04 90 27 66 50 ou festivalfestival-avignon.com pour le mot de passe requis ci-dessous. <img decoding=\"async\" src=\"http:\/\/www.collectiflahorde.com\/img\/actu\/1510245697_1483624884_Gaite_brandbloc_v5_2%20-%20copie.jpg\" alt=\"rencontres lyriques europ\u00e9ennes\" align=\"left\">  Premi\u00e8res r\u00e9p\u00e9titions \u00e0 l Op\u00e9ra de Vichy de La Belle H\u00e9l\u00e8ne! Repr\u00e9sentations samedi 19 septembre \u00e0 20h et dimanche 20.. Lactuelle exposition \u00e0 Paris : a mis en lumi\u00e8re le go\u00fbt musical du peintre ind\u00e9pendant qui a expos\u00e9 avec les impressionnistes. Degas a applaudi \u00e9perdument la soprano ROSA CARON cr\u00e9atrice du r\u00f4lede Brunnhilde dans SIGURD de REYER. Lenthousiasme du peintre, inventeur de lart moderne en peinture \u00e0 lextr\u00eame fin du XIX\u00e8 fut tel que Degas \u00e9crivit m\u00eame un po\u00e8me pour exprimer l\u00e9motion qui lui procurait Sigurd applaudi plus de 36 fois \u00e0 lOp\u00e9ra de Paris Degas \u00e9tait partisan du grand op\u00e9ra \u00e0 la fran\u00e7aise quand beaucoup dintellectuels parisiens pr\u00e9f\u00e9raient alors lop\u00e9ra du futur, celui de Wagner LIRE notre pr\u00e9sentation de lexposition DEGAS \u00e0 lop\u00e9ra jusquau janvier 2020 : Le Festival du Printemps de Bourges, qui devait se tenir du 21 au 26 avril. La 44e \u00e9dition du festival devait accueillir Catherine Ringer, Alain Souchon,-M, Suzane, Philippe Katerine ou Rom\u00e9o Elvis. Vincent Dumestre, C\u00e9cile Roussat, Julien Lubek, Mireille Delunsch, Katherine Watson, Caroline Meng, Lucile Richardot, Cyril Auvity, Beno\u00eet Arnould- Elle compl\u00e8te \u00e9galement sa formation au Conservatoire National de Montpellier ainsi que dans la classe dArt lyrique du CNR de Marseille et suit depuis 2004 des \u00e9tudes de musicologie et de m\u00e9diation culturelle \u00e0 lUniversit\u00e9 Paul Val\u00e9ry. Ce vendredi les jeunes de P\u00e9guy sont all\u00e9s \u00e0 la rencontre de r\u00e9sidents de la maison de retraite rue Nationale \u00e0 Tourcoing. La priorit\u00e9 est LA qualit\u00e9 de notre fa\u00e7on de nous exprimer et LA qualit\u00e9 de notre fa\u00e7on d\u00e9couter. <img decoding=\"async\" src=\"http:\/\/www.reseau-map.fr\/files\/articles\/rencontreseuropeennes.png\" alt=\"rencontres lyriques europ\u00e9ennes\" align=\"right\"> 21 mars 2020 Samedi 21 mars 2020 KoncertKirken Bl\u00e5g\u00e5rds Plads PROGRAMME: 14.00: Miriam Anders\u00e9n Anna Rynefors Fruer, I Nous organiserons donc une journ\u00e9e sur l\u00e9cof\u00e9minisme ult\u00e9rieurement et vous tiendrons au courant de la date lorsquelle sera confirm\u00e9e. Des musiques \u00e0 danser issues des diff\u00e9rentes R\u00e9gions de France, dEurope de lEst, dIrlande et dItalie. Nous sommes responsables de pr\u00e9server lint\u00e9grit\u00e9 de tout ce qui vit : chaque fleuve, for\u00eat, montagne, animal dans toute la vari\u00e9t\u00e9 des esp\u00e8ces existantes.<\/p>\n","protected":false},"excerpt":{"rendered":"<p>rencontres lyriques europ\u00e9ennes<\/p>\n","protected":false},"author":1,"featured_media":0,"comment_status":"closed","ping_status":"closed","sticky":false,"template":"","format":"standard","meta":{"footnotes":""},"categories":[1],"tags":[],"_links":{"self":[{"href":"https:\/\/zakarybelamy.com\/img\/wp-json\/wp\/v2\/posts\/10485"}],"collection":[{"href":"https:\/\/zakarybelamy.com\/img\/wp-json\/wp\/v2\/posts"}],"about":[{"href":"https:\/\/zakarybelamy.com\/img\/wp-json\/wp\/v2\/types\/post"}],"author":[{"embeddable":true,"href":"https:\/\/zakarybelamy.com\/img\/wp-json\/wp\/v2\/users\/1"}],"replies":[{"embeddable":true,"href":"https:\/\/zakarybelamy.com\/img\/wp-json\/wp\/v2\/comments?post=10485"}],"version-history":[{"count":1,"href":"https:\/\/zakarybelamy.com\/img\/wp-json\/wp\/v2\/posts\/10485\/revisions"}],"predecessor-version":[{"id":10486,"href":"https:\/\/zakarybelamy.com\/img\/wp-json\/wp\/v2\/posts\/10485\/revisions\/10486"}],"wp:attachment":[{"href":"https:\/\/zakarybelamy.com\/img\/wp-json\/wp\/v2\/media?parent=10485"}],"wp:term":[{"taxonomy":"category","embeddable":true,"href":"https:\/\/zakarybelamy.com\/img\/wp-json\/wp\/v2\/categories?post=10485"},{"taxonomy":"post_tag","embeddable":true,"href":"https:\/\/zakarybelamy.com\/img\/wp-json\/wp\/v2\/tags?post=10485"}],"curies":[{"name":"wp","href":"https:\/\/api.w.org\/{rel}","templated":true}]}}