{"id":10519,"date":"2020-10-14T10:44:37","date_gmt":"2020-10-14T10:44:37","guid":{"rendered":"http:\/\/zakarybelamy.com\/img\/?p=10519"},"modified":"2020-10-04T08:36:58","modified_gmt":"2020-10-04T08:36:58","slug":"rencontre-nationale-du-sport-solidaire","status":"publish","type":"post","link":"https:\/\/zakarybelamy.com\/img\/2020\/10\/14\/rencontre-nationale-du-sport-solidaire\/","title":{"rendered":"Rencontre Nationale Du Sport Solidaire"},"content":{"rendered":"<p>Les b\u00e9n\u00e9voles de la F\u00e9d\u00e9ration Fran\u00e7aise des diab\u00e9tiques vous accueillent! La Ville recrute des animateurs p\u00e9riscolaires pour.. <img decoding=\"async\" src=\"http:\/\/www.udv-asso.fr\/iota\/196\/img\/rencontresportsol.jpg\" alt=\"rencontre nationale du sport solidaire\" align=\"right\"> Dans le prolongement de notre derni\u00e8re pl\u00e9ni\u00e8re, nous allons lancer un groupe de travail sur le th\u00e8me des synergies \u00e0 mettre en place entre entrepreneurs et travailleurs sociaux. 1er072015 M\u00e9t\u00e9o-France a plac\u00e9 le d\u00e9partement du Nord en vigilance orange canicule, \u00e0 compter de ce mercredi 12h00, en raison dun pic de chaleur Nouveau t\u00e9moignage de gniacqueur, avec cette fois-ci, Anna St\u00e9panoff, fondatrice de l\u00e9cole WILD CODE SCHOOL qui forme aux m\u00e9tiers du num\u00e9rique en offrant une p\u00e9dagogie efficace pour former aux nouveaux.. La Nef, coop\u00e9rative financi\u00e8re de plus de 40 000 \u00e9pargnants solidaires, lance son livret d\u00e9pargne \u00e0 destination des particuliers et organismes sans but lucratif. Elle franchit ainsi une \u00e9tape majeure pour devenir la premi\u00e8re banque \u00e9thique en France. <img decoding=\"async\" src=\"http:\/\/caen.cmcas.com\/files\/2015\/04\/RSN-CCAS-Bike-and-Run-20151.jpg\" alt=\"rencontre nationale du sport solidaire\" align=\"right\"> Manifestation non-comp\u00e9titive VILLENAVE D ORNON 33140  Fran\u00e7oise-Marie Lemoine vous convie chaleureusement \u00e0 linauguration de sa structure dans les Yvelines le 9 f\u00e9vrier prochain Martine Pinville, Secr\u00e9taire dEtat charg\u00e9e de Commerce, de lArtisanat, de la Consommation et de l\u00c9conomie sociale et solidaire, accompagn\u00e9e de ses homologues europ\u00e9ens, a la plaisr de vous inviter au lancement de Scale Me UP!  15062016 : Votes La France SEngage 2016 : soutenez les gniacqueurs candidats! Brendan Berne \u00e9tait venu \u00e0 Villers-Bretonneux en f\u00e9vrier. Sa derni\u00e8re rencontre avec Patrick Simon-Photo Dominique Touchart Dans le cadre de la 5\u00e8me semaine Franco-Chinoise du sport universitaire et des relations entre notre F\u00e9d\u00e9ration Fran\u00e7aise du Sport Universitaire FFSU et son homologue chinoise FUSC, nos joueurs seront accueillis par la Chine \u00e0 ZHUHAI du 26102019 au 03112019!  Cette jeune agronome est directrice dexploitation dans un lyc\u00e9e agricole. 07 Juin 2021-09 Juin 2021 Le tennis dans la soci\u00e9t\u00e9 de demain <img decoding=\"async\" src=\"http:\/\/medias.kmforchange.com\/charities\/solidaritesinternational\/eaupotable\/si-eaupotable-header.jpg\" alt=\"rencontre nationale du sport solidaire\" align=\"right\"> Pour permettre \u00e0 ses habitants de retrouver les bienfaits du sport en toute s\u00e9curit\u00e9, la Ville de Bordeaux organise la reprise des activit\u00e9s physiques dans le respect des consignes sanitaires fix\u00e9es p.. La Recyclerie Sportive est une ressourcerie sp\u00e9cialis\u00e9e dans le mat\u00e9riel et \u00e9quipement sportif avec pour objectif un Sport Z\u00e9ro D\u00e9chet. Elle dispose de deux espaces sur Massy : une boutique solidaire de r\u00e9emploi et dun atelier dautor\u00e9paration et de transformation du mat\u00e9riel et de l\u00e9quipement sportif v\u00e9lo, raquette, ski. La m\u00e9canique v\u00e9lo est principalement travaill\u00e9e au sein de latelier pour toutes les questions de l\u00e9comobilit\u00e9! \u03cc\u03c3\u03c4\u03c1\u03b9\u03b1 \u03ba\u03b1\u03c6\u03ad \u03ac\u03bb\u03b9\u03bc\u03bf\u03c2 \u03c4\u03b1\u03b9\u03bd\u03b9\u03b5\u03c3 \u03c3\u03b9\u03bd\u03b5\u03bc\u03b1 \u03c3\u03b7\u03bc\u03b5\u03c1\u03b1 mall \u03b1\u03bd\u03b8\u03bf\u03bb\u03bf\u03b3\u03b9\u03bf \u03b2 \u03b3\u03c5\u03bc\u03bd \u03bb\u03c5\u03c3\u03b5\u03b9\u03c2 \u0394\u03c9\u03c1\u03b5\u03ac\u03bd \u03b1\u03c0\u03bf\u03c3\u03c4\u03bf\u03bb\u03ae, \u03c7\u03c9\u03c1\u03af\u03c2 \u03c0\u03c1\u03bf\u03bc\u03ae\u03b8\u03b5\u03b9\u03b1 \u03c3\u03c5\u03bd\u03b1\u03bb\u03bb\u03b1\u03b3\u03ce\u03bd! 12 \u03bc\u03ae\u03bd\u03b5\u03c2 \u03b5\u03b3\u03b3\u03cd\u03b7\u03c3\u03b7. M\u00e9diation Nomade, initiative port\u00e9e par lakdar KHERFI, relance ses programmes sur le 93 et vous invite \u00e9galement \u00e0 son Forum annuel la nuit vous appartient qui se d\u00e9roule cette fois-ci.. Manifestation non-comp\u00e9titive SAINTE CATHERINE 62223 Plus de 30 000 personnes expuls\u00e9es en 2017, combien cette ann\u00e9e? Rencontres nationales des territoires d\u00e9ducation, mercredi 2 et jeudi 3 octobre ; ateliers et conf\u00e9rences gratuits et ouverts \u00e0 tous, sur inscriptions pr\u00e9alables sur.<\/p>\n","protected":false},"excerpt":{"rendered":"<p>rencontre nationale du sport solidaire<\/p>\n","protected":false},"author":1,"featured_media":0,"comment_status":"closed","ping_status":"closed","sticky":false,"template":"","format":"standard","meta":{"footnotes":""},"categories":[1],"tags":[],"_links":{"self":[{"href":"https:\/\/zakarybelamy.com\/img\/wp-json\/wp\/v2\/posts\/10519"}],"collection":[{"href":"https:\/\/zakarybelamy.com\/img\/wp-json\/wp\/v2\/posts"}],"about":[{"href":"https:\/\/zakarybelamy.com\/img\/wp-json\/wp\/v2\/types\/post"}],"author":[{"embeddable":true,"href":"https:\/\/zakarybelamy.com\/img\/wp-json\/wp\/v2\/users\/1"}],"replies":[{"embeddable":true,"href":"https:\/\/zakarybelamy.com\/img\/wp-json\/wp\/v2\/comments?post=10519"}],"version-history":[{"count":1,"href":"https:\/\/zakarybelamy.com\/img\/wp-json\/wp\/v2\/posts\/10519\/revisions"}],"predecessor-version":[{"id":10520,"href":"https:\/\/zakarybelamy.com\/img\/wp-json\/wp\/v2\/posts\/10519\/revisions\/10520"}],"wp:attachment":[{"href":"https:\/\/zakarybelamy.com\/img\/wp-json\/wp\/v2\/media?parent=10519"}],"wp:term":[{"taxonomy":"category","embeddable":true,"href":"https:\/\/zakarybelamy.com\/img\/wp-json\/wp\/v2\/categories?post=10519"},{"taxonomy":"post_tag","embeddable":true,"href":"https:\/\/zakarybelamy.com\/img\/wp-json\/wp\/v2\/tags?post=10519"}],"curies":[{"name":"wp","href":"https:\/\/api.w.org\/{rel}","templated":true}]}}