{"id":10715,"date":"2020-10-14T16:31:22","date_gmt":"2020-10-14T16:31:22","guid":{"rendered":"http:\/\/zakarybelamy.com\/img\/?p=10715"},"modified":"2020-10-04T14:11:19","modified_gmt":"2020-10-04T14:11:19","slug":"rencontre-des-familles-milan","status":"publish","type":"post","link":"https:\/\/zakarybelamy.com\/img\/2020\/10\/14\/rencontre-des-familles-milan\/","title":{"rendered":"Rencontre Des Familles Milan"},"content":{"rendered":"<p>Artiste radical, Yves Klein constitue un mod\u00e8le pour les artistes europ\u00e9ens du groupe Zero. Isabelle Delens-Ravier, Le placement denfants et les familles. Recherche qualitative sur le point de vue de parents denfants plac\u00e9s, Li\u00e8ge, \u00e9ditions Jeunesse et Droit, 2001.  Avez-vous quelque conseil pour nous aider \u00e0 retrouver cette n\u00e9cessaire harmonie? Dans le tourbillon de tant dincitations impos\u00e9es par la soci\u00e9t\u00e9 contemporaine, comment aider les familles \u00e0 vivre la f\u00eate selon le coeur de Dieu? Au match aller, au Groupama Stadium \u00e0 Lyon, les deux \u00e9quipes s\u00e9taient quitt\u00e9es sur le score de 0-0. Donald Trump a d\u00e9cal\u00e9 son meeting de Tulsa, qui devait avoir lieu le jour de la c\u00e9l\u00e9bration de labolition de lesclavage. Dautres meetings auront lieu, malgr\u00e9 les risques de contamination au Covid-19. Paris Match sest rendu Rue Montorgueil, \u00e0 Paris, pour prendre un verre de ros\u00e9 avec les Parisiens qui retrouvaient l.. <img decoding=\"async\" src=\"http:\/\/star.miracle-bra.com\/3038-home_default_2x\/istick-10-watt-pack-complet-eleaf.jpg\" alt=\"rencontre des familles milan\" align=\"center\"> Larchev\u00eaque de Toulouse est loin d\u00eatre le seul \u00e0 exprimer son m\u00e9contentement et son incompr\u00e9hension. Je ne vois aucune raison pour que les \u00e9coles accueillent des \u00e9l\u00e8ves \u00e0 partir du 11 mai et que les \u00e9glises ne puissent pas accueillir des fid\u00e8les \u00e0 partir de cette m\u00eame date avec les pr\u00e9cautions n\u00e9cessaires, a confi\u00e9 au l\u00e9v\u00eaque de Nanterre, Mgr Matthieu Roug\u00e9. Du c\u00f4t\u00e9 de lex\u00e9cutif, on assure pour linstant que rien nest tranch\u00e9.  Calciomio est la r\u00e9f\u00e9rence du calcio et du foot italien en France. <img decoding=\"async\" src=\"http:\/\/1.bp.blogspot.com\/-mh8ZkMOAzHk\/VgfjA4sgmdI\/AAAAAAABGTk\/FUgRgBuC4_A\/s640\/14EADDB452B5B9B9EB981AB26F361BBC.jpg\" alt=\"rencontre des familles milan\" align=\"left\"> Evoquant les grandes figures historiques de lEglise milanaise, de saint Ambroise et saint Charles Borrom\u00e9e jusquaux deux papes issus du chef-lieu lombard, Pie XI 1922-1939 et Paul VI 1963-1978, Beno\u00eet XVI a \u00e9galement rappel\u00e9 la figure de sainte Gianna Beretta Molla, m\u00e9decin, canonis\u00e9e en 2004 pour son h\u00e9ro\u00efsme en tant que m\u00e8re de famille exemplaire, ayant donn\u00e9 la vie au p\u00e9ril de la sienne. Beno\u00eet XVI a ainsi appel\u00e9 les Milanais \u00e0 sengager pour transmettre aux g\u00e9n\u00e9rations futures la flamme dune tradition si lumineuse. Vous savez bien \u00e0 quel point il est important dins\u00e9rer le levain \u00e9vang\u00e9lique dans le contexte culturel actuel, a-t-il encore assur\u00e9, fr\u00e9quemment applaudi par la foule.  Carton dinvitation avec timbre bleu de lexposition Yves Klein : Propositions monochromes Galerie Iris Clert et Galerie Collette Allendy, Paris, mai 1957 Carte de professeur de Judo dYves Klein, Acad\u00e9mie de Paris, 104 boulevard de Clichy, Paris, 1955 Aleteia vous offre cet espace pour commenter ses articles. <img decoding=\"async\" src=\"http:\/\/resize.over-blog.com\/400x260-ct.jpg?http:\/\/img.over-blog.com\/1\/37\/63\/54\/logo\/RMF_Milan_2012.jpg\" alt=\"rencontre des familles milan\" align=\"left\"> et Jean-Marie Dumont, La famille c\u00e9l\u00e9br\u00e9e \u00e0 Dublin, n2120 du 1er au 7 septembre 2018, pp. 14-16 Le pape Fran\u00e7ois a rencontr\u00e9 samedi des habitants dun quartier d\u00e9favoris\u00e9 de Milan, \u00e0 loccasion dune visite qui la ensuite emmen\u00e9 \u00e0 la cath\u00e9drale puis en prison, avant une messe devant 700.000 personnes \u00e0 Monza. Donc l\u00e9cole primaires et non pas le coll\u00e8ge et les lices voil\u00e0.<\/p>\n","protected":false},"excerpt":{"rendered":"<p>rencontre des familles milan<\/p>\n","protected":false},"author":1,"featured_media":0,"comment_status":"closed","ping_status":"closed","sticky":false,"template":"","format":"standard","meta":{"footnotes":""},"categories":[1],"tags":[],"_links":{"self":[{"href":"https:\/\/zakarybelamy.com\/img\/wp-json\/wp\/v2\/posts\/10715"}],"collection":[{"href":"https:\/\/zakarybelamy.com\/img\/wp-json\/wp\/v2\/posts"}],"about":[{"href":"https:\/\/zakarybelamy.com\/img\/wp-json\/wp\/v2\/types\/post"}],"author":[{"embeddable":true,"href":"https:\/\/zakarybelamy.com\/img\/wp-json\/wp\/v2\/users\/1"}],"replies":[{"embeddable":true,"href":"https:\/\/zakarybelamy.com\/img\/wp-json\/wp\/v2\/comments?post=10715"}],"version-history":[{"count":1,"href":"https:\/\/zakarybelamy.com\/img\/wp-json\/wp\/v2\/posts\/10715\/revisions"}],"predecessor-version":[{"id":10716,"href":"https:\/\/zakarybelamy.com\/img\/wp-json\/wp\/v2\/posts\/10715\/revisions\/10716"}],"wp:attachment":[{"href":"https:\/\/zakarybelamy.com\/img\/wp-json\/wp\/v2\/media?parent=10715"}],"wp:term":[{"taxonomy":"category","embeddable":true,"href":"https:\/\/zakarybelamy.com\/img\/wp-json\/wp\/v2\/categories?post=10715"},{"taxonomy":"post_tag","embeddable":true,"href":"https:\/\/zakarybelamy.com\/img\/wp-json\/wp\/v2\/tags?post=10715"}],"curies":[{"name":"wp","href":"https:\/\/api.w.org\/{rel}","templated":true}]}}