{"id":10721,"date":"2020-10-14T08:27:26","date_gmt":"2020-10-14T08:27:26","guid":{"rendered":"http:\/\/zakarybelamy.com\/img\/?p=10721"},"modified":"2020-10-04T14:24:38","modified_gmt":"2020-10-04T14:24:38","slug":"rencontres-harpe-celtique-dinan","status":"publish","type":"post","link":"https:\/\/zakarybelamy.com\/img\/2020\/10\/14\/rencontres-harpe-celtique-dinan\/","title":{"rendered":"Rencontres Harpe Celtique Dinan"},"content":{"rendered":"<p><img decoding=\"async\" src=\"http:\/\/general.gabygannon.com\/wp-content\/uploads\/2018\/03\/28944329_1759464584113762_1759277032_o-314x160.jpg\" alt=\"rencontres harpe celtique dinan\" align=\"right\">  Ma\u00eblle a jou\u00e9 dans divers groupes de musiques traditionnelles fran\u00e7aise et irlandaise LAccord des Muses, Arann, le Gillie McPherson Trio, ainsi que dans des ensembles de musiques m\u00e9di\u00e9vales et Renaissance lEnsemble Ishtar, la Compagnie de lAloete. Les 36 es Rencontres font ainsi la part belle aux jeunes, avec des nouveaux talents largement repr\u00e9sent\u00e9s dans la programmation, et notamment f\u00e9minins, comme la Morbihannaise Virginie Le Furaut, le 11 juillet, sur la sc\u00e8ne des Cordeliers. Le duo des Rennaises Les Craspouilles associera aussi avec originalit\u00e9 le th\u00e9\u00e2tre \u00e0 la harpe, en proposant une performance de dessin, projet\u00e9 sur une interpr\u00e9tation musicale. Autres rencontres attendues, le duo Keryda, avec la harpiste Sara Evans dialoguant avec Damien Papin \u00e0 la contrebasse, ou encore le trio harpe-violon-guitare Skeeq, inspir\u00e9 par la musique traditionnelle su\u00e9doise. Le V\u00e9n\u00e9zu\u00e9lien Eduardo Betancourt sera la t\u00eate daffiche du festival. Photo DR Alors quune \u00e9tude am\u00e9ricaine a class\u00e9 en septembre dernier les abeilles en tant qu esp\u00e8ces en.. FESTIVALS EN 2020 EN VILLES SERVICES PRO MEDIA A PROPOS  Le centre de musique traditionnelle Y. Palamour, plac\u00e9 sous la direction de Fabrice Lothod\u00e9, fonctionne.. Publi\u00e9 le 260409 10:54- mis \u00e0 jour le 000000 00:00 <img decoding=\"async\" src=\"http:\/\/img.over-blog-kiwi.com\/1\/48\/67\/51\/20150622\/ob_48adf9_affiche.jpg\" alt=\"rencontres harpe celtique dinan\" align=\"left\"> \u00c0 peine les chiffres de la d\u00e9mographie de lInsee sortis assiste-t-on \u00e0 la multiplication des.. <img decoding=\"async\" src=\"http:\/\/www.lucasevents.eu\/wp-content\/uploads\/2017\/03\/katias-concert_modif1.png\" alt=\"rencontres harpe celtique dinan\" align=\"left\">  D\u00e8s lorigine, RCF porte lambition de diffuser un message desp\u00e9rance et de proposer au plus grand nombre une Ses 14 222 habitants en 2016 sont les Dinannais et Dinannaises. Source : La talentueuse harpiste C\u00e9cile Corbel nous a fait lhonneur dinaugurer, Le Peuple breton vous tient r\u00e9guli\u00e8rement au courant de lactualit\u00e9 concernant Monsanto, via le mariage.. \u00c0 Paris et \u00e0 Clermont Ferrand au sein de lassociation voudrais rendre hommage \u00e0 Madame Armelle Gourlaou\u00ebn qui, \u00e0 Champs obligatoires. Adresse email visible uniquement par lauteur du blog. En ce lendemain de d\u00e9c\u00e8s de Jacques Chirac, o\u00f9 chaque quotidien consacre sa Une et.. 1967-2017 : la Conf\u00e9d\u00e9ration War l Leur f\u00eatait le week-end du 1er mai ses 50 ans.. Ronan Leprohon est mort le 23 ao\u00fbt 2017 \u00e0 78 ans. Avec lui sest \u00e9teinte.. Rouedad ar Brezhoneg est un collectif dassociation travaillant pour la langue bretonne lanc\u00e9 \u00e0 loccasion..<\/p>\n","protected":false},"excerpt":{"rendered":"<p>rencontres harpe celtique dinan<\/p>\n","protected":false},"author":1,"featured_media":0,"comment_status":"closed","ping_status":"closed","sticky":false,"template":"","format":"standard","meta":{"footnotes":""},"categories":[1],"tags":[],"_links":{"self":[{"href":"https:\/\/zakarybelamy.com\/img\/wp-json\/wp\/v2\/posts\/10721"}],"collection":[{"href":"https:\/\/zakarybelamy.com\/img\/wp-json\/wp\/v2\/posts"}],"about":[{"href":"https:\/\/zakarybelamy.com\/img\/wp-json\/wp\/v2\/types\/post"}],"author":[{"embeddable":true,"href":"https:\/\/zakarybelamy.com\/img\/wp-json\/wp\/v2\/users\/1"}],"replies":[{"embeddable":true,"href":"https:\/\/zakarybelamy.com\/img\/wp-json\/wp\/v2\/comments?post=10721"}],"version-history":[{"count":1,"href":"https:\/\/zakarybelamy.com\/img\/wp-json\/wp\/v2\/posts\/10721\/revisions"}],"predecessor-version":[{"id":10722,"href":"https:\/\/zakarybelamy.com\/img\/wp-json\/wp\/v2\/posts\/10721\/revisions\/10722"}],"wp:attachment":[{"href":"https:\/\/zakarybelamy.com\/img\/wp-json\/wp\/v2\/media?parent=10721"}],"wp:term":[{"taxonomy":"category","embeddable":true,"href":"https:\/\/zakarybelamy.com\/img\/wp-json\/wp\/v2\/categories?post=10721"},{"taxonomy":"post_tag","embeddable":true,"href":"https:\/\/zakarybelamy.com\/img\/wp-json\/wp\/v2\/tags?post=10721"}],"curies":[{"name":"wp","href":"https:\/\/api.w.org\/{rel}","templated":true}]}}