{"id":10755,"date":"2020-10-14T11:50:09","date_gmt":"2020-10-14T11:50:09","guid":{"rendered":"http:\/\/zakarybelamy.com\/img\/?p=10755"},"modified":"2020-10-04T15:25:59","modified_gmt":"2020-10-04T15:25:59","slug":"rencontres-cyclables","status":"publish","type":"post","link":"https:\/\/zakarybelamy.com\/img\/2020\/10\/14\/rencontres-cyclables\/","title":{"rendered":"Rencontres Cyclables"},"content":{"rendered":"<p>Rue Demangel. Rue du Clos Munier. Double-sens cyclable. <img decoding=\"async\" src=\"http:\/\/img.besancon.fr\/gallery_images\/site_1\/257\/258\/602\/43338\/zonerencontre.jpg\" alt=\"rencontres cyclables\" align=\"left\"> Avant la sortie du confinement, que le gouvernement annonce progressive, il nous faut r\u00e9fl\u00e9chir \u00e0 lapr\u00e8s. La n\u00e9cessit\u00e9 des gestes barri\u00e8res qui perdurera rendra les trottoirs trop \u00e9troits pour les pi\u00e9tons et risque de mettre en difficult\u00e9 les capacit\u00e9s des transports publics. Il est donc essentiel de permettre aux habitants de continuer \u00e0 se d\u00e9placer \u00e0 pied et \u00e0 v\u00e9lo dans de bonnes conditions de s\u00e9curit\u00e9. Plan de communication VELO de Loire-Atlantique d\u00e9veloppement, pr\u00e9sentation par Sandrine Samzun, Responsable Communication.  Le Maine-et-Loire donne rendez-vous pour les 23es Rencontres V\u00e9lo Territoires  Nous utilisons des cookies pour vous garantir la meilleure exp\u00e9rience sur notre site. Si vous continuez \u00e0 utiliser ce dernier, nous consid\u00e9rerons que vous acceptez lutilisation des cookies. Un d\u00e9cret 2008-754 du 30 juillet 2008 introduit dans le Code la g\u00e9n\u00e9ralisation des avec la municipalit\u00e9 pour la r\u00e9alisation de la piste cyclable <img decoding=\"async\" src=\"http:\/\/www.pistescyclables.ca\/Faune\/marmotte.jpg\" alt=\"rencontres cyclables\" align=\"center\"> Aquarium \u00e0 La Rochelle : 15 km-Le phare des baleines : 7 km-Mus\u00e9e Ernest Cognacq : 2km-\u00c9comus\u00e9e du marais salant : 5 km-Clocher de St Martin : 3 km-Les fortifications de Vauban : 2 km Mobilit\u00e9 : transport public et pistes cyclables temporaires <img decoding=\"async\" src=\"http:\/\/www.weelz.fr\/fr\/wp-content\/uploads\/2016\/10\/Weelz-salon-Autonomy-2016-35.jpg\" alt=\"rencontres cyclables\" align=\"right\"> If you are on a personal connection, like at home, you can run an anti-virus scan on your device to make sure it is not infected with malware. Ce nest pas le cas de lAvenue de la Grand Pi\u00e8ce : large et rectiligne. Seul la sortie de garage dune r\u00e9sidence pourrait n\u00e9cessiter que lon supprime une place de stationnement pour que les habitants gagnent en visibilit\u00e9. La ville fut \u00e9vang\u00e9lis\u00e9e au IV e si\u00e8cle par ou Romain du Mans, pr\u00eatre venu d n\u00e9 vers 335, et qui serait enterr\u00e9 \u00e0 Blaye. Le IV de larticle L. 1231-17 du code des transports, pr\u00e9voit enfin la possibilit\u00e9 pour le gestionnaire du domaine public de d\u00e9l\u00e9guer la d\u00e9livrance de ces titres \u00e0 lautorit\u00e9 organisatrice de la mobilit\u00e9 AOM. Larticle L. 1231-18 du m\u00eame code d\u00e9finit les pouvoirs de lautorit\u00e9 organisatrice de la mobilit\u00e9 AOM sur ces services de partage de v\u00e9hicule. LAOM pourra ainsi organiser une concertation avec les communes relevant de son ressort territorial ainsi quavec les autorit\u00e9s charg\u00e9es de la police de la circulation et du stationnement portant notamment sur les prescriptions mentionn\u00e9es au II de larticle L 1231-17.  Date de demande : ancienne demande, redemand\u00e9e en septembre 2009 dans le cadre des discussions concernant la rue Edison Je soutiens la plateforme qui mobilise et f\u00e9d\u00e8re toutes les \u00e9nergies et les savoir-faire pour r\u00e9pondre aux besoins quotidiens de tous nos concitoyens. Sous la route de Dole 4 voies. Souterrain pi\u00e9tons v\u00e9los afin de relier Planoise au P\u00f4le Sant\u00e9. Quelles exp\u00e9riences ont fait leurs preuves dans les territoires peu denses?<\/p>\n","protected":false},"excerpt":{"rendered":"<p>rencontres cyclables<\/p>\n","protected":false},"author":1,"featured_media":0,"comment_status":"closed","ping_status":"closed","sticky":false,"template":"","format":"standard","meta":{"footnotes":""},"categories":[1],"tags":[],"_links":{"self":[{"href":"https:\/\/zakarybelamy.com\/img\/wp-json\/wp\/v2\/posts\/10755"}],"collection":[{"href":"https:\/\/zakarybelamy.com\/img\/wp-json\/wp\/v2\/posts"}],"about":[{"href":"https:\/\/zakarybelamy.com\/img\/wp-json\/wp\/v2\/types\/post"}],"author":[{"embeddable":true,"href":"https:\/\/zakarybelamy.com\/img\/wp-json\/wp\/v2\/users\/1"}],"replies":[{"embeddable":true,"href":"https:\/\/zakarybelamy.com\/img\/wp-json\/wp\/v2\/comments?post=10755"}],"version-history":[{"count":1,"href":"https:\/\/zakarybelamy.com\/img\/wp-json\/wp\/v2\/posts\/10755\/revisions"}],"predecessor-version":[{"id":10756,"href":"https:\/\/zakarybelamy.com\/img\/wp-json\/wp\/v2\/posts\/10755\/revisions\/10756"}],"wp:attachment":[{"href":"https:\/\/zakarybelamy.com\/img\/wp-json\/wp\/v2\/media?parent=10755"}],"wp:term":[{"taxonomy":"category","embeddable":true,"href":"https:\/\/zakarybelamy.com\/img\/wp-json\/wp\/v2\/categories?post=10755"},{"taxonomy":"post_tag","embeddable":true,"href":"https:\/\/zakarybelamy.com\/img\/wp-json\/wp\/v2\/tags?post=10755"}],"curies":[{"name":"wp","href":"https:\/\/api.w.org\/{rel}","templated":true}]}}