{"id":10985,"date":"2020-10-15T05:38:41","date_gmt":"2020-10-15T05:38:41","guid":{"rendered":"http:\/\/zakarybelamy.com\/img\/?p=10985"},"modified":"2020-10-04T23:20:51","modified_gmt":"2020-10-04T23:20:51","slug":"rabat-rencontre","status":"publish","type":"post","link":"https:\/\/zakarybelamy.com\/img\/2020\/10\/15\/rabat-rencontre\/","title":{"rendered":"Rabat Rencontre"},"content":{"rendered":"<p>La librairie Kalila Wa Dimna \u00e0 Rabat, organise jeudi 17 octobre 2019 \u00e0 18 heures 30, une rencontre avec Guillaume Jobin, pour la pr\u00e9sentation de son dernier ouvrage Le Roi : Le Maroc de Mohammed VI, quil a co\u00e9crit avec l\u00e9crivaine Val\u00e9rie Attias-Morales et qui a \u00e9t\u00e9 \u00e9dit\u00e9 par les \u00e9ditions Descartes et Cie. <img decoding=\"async\" src=\"http:\/\/www.alainamiel.com\/VOYAGES\/rabat\/rabatweb\/Rabatw0039.JPG\" alt=\"rabat rencontre\" align=\"center\"> <img decoding=\"async\" src=\"http:\/\/www.supinfo.com\/SupinfoCommonResources\/SUPINFO-PICTURES\/Schools\/Maroc\/Casablanca\/TitlePicture\/RabatTitlePicture.jpg\" alt=\"rabat rencontre\" align=\"right\">  J\u00e9r\u00f4me Dupuis, Ma\u00eetre de conf\u00e9rences HDR, Universit\u00e9 de Lille Alex de Minaur a v\u00e9cu son confinement \u00e0 Alicante, loin de son Australie. Interrog\u00e9 par le Sydney Morning Herald, le prot\u00e9g\u00e9 de.. Last but not least, la probl\u00e9matique de p\u00e9nuries de rendez-vous pour lobtention de visas Schengen a \u00e9t\u00e9 \u00e9voqu\u00e9e lors de cette conf\u00e9rence de presse. Alors que son homologue espagnol Josep Borrell avait, le 3 juin, pour les longs d\u00e9lais dattente, Jean-Yves Le Drian a adopt\u00e9 un ton radicalement diff\u00e9rent ce 8 juin. Jamais dans lhistoire, la France na d\u00e9livr\u00e9 autant de visas \u00e0 des Marocains 400.000 visas ont \u00e9t\u00e9 d\u00e9livr\u00e9s aux Marocains lann\u00e9e pass\u00e9e ce qui place le Maroc au deuxi\u00e8me rang, derri\u00e8re la Chine, il y a eu une croissance de 10 par an, a-t-il d\u00e9clar\u00e9. Et de plaisanter sur un sujet qui namuse que tr\u00e8s peu les milliers de demandeurs marocain de visas en attente : Il va falloir prendre un peu d\u00e9lan si vous voulez rattraper les Chinois. Et de conclure : Cest repr\u00e9sentatif de lengouement quont les Marocains pour la France. Je suis plut\u00f4t pour me r\u00e9jouir de cette situation, mais nous sommes victimes de notre succ\u00e8s. Il faut comprendre quil ya des d\u00e9lais dinstruction que lon g\u00e8re au mieux possible au vu des demandes. Salwa Bahyaoui, Professeur habilit\u00e9, Universit\u00e9 Mohammed V de Rabat La capitale administrative du Royaume est un march\u00e9 important pour nous. Cest une ville o\u00f9 la marque Kia a \u00e9t\u00e9 absente pendant des ann\u00e9es. A travers le nouveau site, nous ciblons une nouvelle client\u00e8le, souligne Cedric Veau, Directeur g\u00e9n\u00e9ral de Kia Maroc, lors dune rencontre avec la presse par vid\u00e9oconf\u00e9rence. Please enter your username or email address. You will receive a link to create a new password via email. <img decoding=\"async\" src=\"http:\/\/1.bp.blogspot.com\/-SQaK-E9kT20\/VllDvVeKkoI\/AAAAAAAAW1M\/esbVGLc9w0M\/s1600\/tcszap20151128.jpg\" alt=\"rabat rencontre\" align=\"right\"> 3-Des s\u00e9ances photographiques pour th\u00e8me portraits des invit\u00e9s. Les \u00e9l\u00e8ves ont pour mission de r\u00e9aliser deux \u00e9missions au terme des 2 jours de travail ; pour recueillir le mat\u00e9riau n\u00e9cessaire sons, interviews, deux groupes d\u00e9l\u00e8ves ont \u00e9t\u00e9 constitu\u00e9s : lun sest rendu au mus\u00e9e Mohamed VI dart moderne et contemporain et lautre, \u00e0 la m\u00e9dina de Rabat, \u00e0 la rencontre dartisans. Notre journal sengage \u00e0 vous livrer une information pr\u00e9cise, originale et sans parti-pris vis \u00e0 vis des op\u00e9rateurs. Mohamed BENNACER Universit\u00e9 Moulay Ismail, Mekn\u00e8s, Maroc Si les fans des deux clubs se retrouvent partout dans la ville, On consid\u00e8re souvent que les supporters Rajaouis proviennent en majorit\u00e9 du quartier populaire de et lFida ainsi que dautres quartiers p\u00e9riph\u00e9riques, de ce fait le club est tr\u00e8s soutenu par les tranches populaires de la ville.  Pour une protection contre les maladies: Continuons la vaccination Aucune \u00e9tape de la Diamond League, dont le coup denvoi devait \u00eatre donn\u00e9 le 17 avril \u00e0 Doha, au Qatar, ne pourra se d\u00e9rouler avant la mi-ao\u00fbt. Chaque organisateur aura toute la latitude pour adapter son programme et la forme de ses comp\u00e9titions, a annonc\u00e9 mardi la Diamond League dans un communiqu\u00e9. Au moment o\u00f9 lhydrog\u00e8ne solaire a pris forme \u00e0 travers certaines initiatives men\u00e9es en Europe ou encore en Asie, le Maroc, fort de son mix \u00e9nerg\u00e9tique solaire et \u00e9olien, mais aussi de sa proximit\u00e9 avec les march\u00e9s europ\u00e9ens, est id\u00e9alement positionn\u00e9 pour saisir les opportunit\u00e9s offertes par ce nouveau substitut \u00e9nerg\u00e9tique, ont-ils relev\u00e9. Homme calme s\u00e9rieux gentil. Recherche: Je cherche une femme pour une relation s\u00e9rieuse et plus si affinit\u00e9 Jaime.. Les discussions entre les deux ministres ont \u00e9galement port\u00e9 sur lorganisation de la prochaine Rencontre de hautniveau Maroc-France qui devrait avoir lieu dici la fin de lann\u00e9e 2019. Elle constituera, \u00e0 en croire les propos des deux ministres, une occasion de renforcer la relation entre les deux pays. La derni\u00e8re \u00e9dition de cette rencontre, qui sest tenue en novembre 2017 \u00e0 Rabat, avait \u00e9t\u00e9 marqu\u00e9e par la signature de 14 accords de coop\u00e9ration entre les deux pays. Si les deux hommes ont lou\u00e9 la force de la relation bilat\u00e9rale entre les deux pays, le ministre des Affaires \u00e9trang\u00e8res fran\u00e7ais a lui, tenu, \u00e0 insister sur la relation \u00e9conomique consid\u00e9rable entre les deux pays signalant que plus de 900 entreprises sont implant\u00e9es directement ou indirectement au Maroc. Pour illustrer ce point, le chef de la diplomatie fran\u00e7aise a mentionn\u00e9 la Ligne \u00e0 grande vitesse ainsi que la centrale solaire Noor, en exemple. Comme pour \u00e9voquer une piste de collaboration entre les deux pays, Jean Yves Le Drian a \u00e9galement fait part de la volont\u00e9 de son pays de participer au d\u00e9veloppement de la formation professionnelle et de l\u00e9ducation au Maroc M. Jos\u00e9-Luis Herrero, Chef du Bureau du Conseil de lEurope \u00e0 Rabat a \u00e9t\u00e9 re\u00e7u par le Ministre de la Justice, M. Mohamed Aujjar, le lundi 25 septembre au si\u00e8ge du Minist\u00e8re de la Justice MJ \u00e0 Rabat. Ont trait respectivement \u00e0 la mise en \u0153uvre dun programme de formation en soft skills, dun Au les ann\u00e9es 2011-2012 voient arriver la professionnalisation. Au cours de l\u00e9t\u00e9 2011 en effet, la annon\u00e7a que le championnat du Maroc de football devenait professionnel. Le deuxi\u00e8me derby de Casablanca a lieu dans le cadre de la phase retour du Championnat du Maroc de football 1956-1957, ce match sest jou\u00e9 au Stade dhonneur, nouveau nom du stade Marcel Cerdan. Le match est pour le Wydad loccasion de se venger de sa d\u00e9faite en match aller,Le match sest jou\u00e9 en 1957 et finalement, le Wydad a totalement domin\u00e9 le match et a r\u00e9ussi \u00e0 battre le Raja de Casablanca sur un score \u00e9crasant de trois buts \u00e0 z\u00e9ro. .<\/p>\n","protected":false},"excerpt":{"rendered":"<p>rabat rencontre<\/p>\n","protected":false},"author":1,"featured_media":0,"comment_status":"closed","ping_status":"closed","sticky":false,"template":"","format":"standard","meta":{"footnotes":""},"categories":[1],"tags":[],"_links":{"self":[{"href":"https:\/\/zakarybelamy.com\/img\/wp-json\/wp\/v2\/posts\/10985"}],"collection":[{"href":"https:\/\/zakarybelamy.com\/img\/wp-json\/wp\/v2\/posts"}],"about":[{"href":"https:\/\/zakarybelamy.com\/img\/wp-json\/wp\/v2\/types\/post"}],"author":[{"embeddable":true,"href":"https:\/\/zakarybelamy.com\/img\/wp-json\/wp\/v2\/users\/1"}],"replies":[{"embeddable":true,"href":"https:\/\/zakarybelamy.com\/img\/wp-json\/wp\/v2\/comments?post=10985"}],"version-history":[{"count":1,"href":"https:\/\/zakarybelamy.com\/img\/wp-json\/wp\/v2\/posts\/10985\/revisions"}],"predecessor-version":[{"id":10986,"href":"https:\/\/zakarybelamy.com\/img\/wp-json\/wp\/v2\/posts\/10985\/revisions\/10986"}],"wp:attachment":[{"href":"https:\/\/zakarybelamy.com\/img\/wp-json\/wp\/v2\/media?parent=10985"}],"wp:term":[{"taxonomy":"category","embeddable":true,"href":"https:\/\/zakarybelamy.com\/img\/wp-json\/wp\/v2\/categories?post=10985"},{"taxonomy":"post_tag","embeddable":true,"href":"https:\/\/zakarybelamy.com\/img\/wp-json\/wp\/v2\/tags?post=10985"}],"curies":[{"name":"wp","href":"https:\/\/api.w.org\/{rel}","templated":true}]}}