{"id":11637,"date":"2020-10-17T13:24:48","date_gmt":"2020-10-17T13:24:48","guid":{"rendered":"http:\/\/zakarybelamy.com\/img\/?p=11637"},"modified":"2020-10-05T20:36:15","modified_gmt":"2020-10-05T20:36:15","slug":"rencontre-theatrale-bulle","status":"publish","type":"post","link":"https:\/\/zakarybelamy.com\/img\/2020\/10\/17\/rencontre-theatrale-bulle\/","title":{"rendered":"Rencontre Th\u00e9\u00e2trale Bulle"},"content":{"rendered":"<p>Impulsez! Festival International dImprovisation Th\u00e9\u00e2trale organis\u00e9 par la Bulle Carr\u00e9e par Bulle Carr\u00e9e KissKissBankBank Comment ce qui n\u00e9tait que de lencre et du papier, des mots, des mots, des mots, couch\u00e9s dans un livre, comment cela se l\u00e8ve-t-il de la page, pour se tenir debout sur la sc\u00e8ne. Pr\u00e9sence en chair et en os?  <img decoding=\"async\" src=\"http:\/\/koikadi.pagesperso-orange.fr\/duntheatrelautre\/bulle_comediens.gif\" alt=\"rencontre th\u00e9\u00e2trale bulle\" align=\"left\"> Vous pouvez ajouter ce document \u00e0 votre ou vos collections d\u00e9tude. Pour faire p\u00e9tiller le quotidien et amener la culture dans les foyers confin\u00e9s, TPA et les artistes proposent des petites bulles de culture \u00e0 partager Coproductions : Ville dAlenya ; Th\u00e9\u00e2tre Jean Vilar-Ville de Montpellier ; Collectif En Jeux. <img decoding=\"async\" src=\"http:\/\/www.bdangouleme.com\/medias\/2015\/photos\/Fauve-Rencontres-Pro.png\" alt=\"rencontre th\u00e9\u00e2trale bulle\" align=\"left\">  A quoi pr\u00eater attention : La s\u00e9ance ne doit pas durer trop longtemps afin que ceux qui ont une position difficile \u00e0 tenir puisse rester en place jusqu\u00e0 la fin de la sculpture totale., sur www.murtenclassics.ch consult\u00e9 le 29 juillet 2016  <img decoding=\"async\" src=\"http:\/\/www.regardencoulisse.com\/wp-content\/uploads\/2017\/02\/cristos-mitropoulos.jpg\" alt=\"rencontre th\u00e9\u00e2trale bulle\" align=\"center\"> Un projet unique voulu, mis en place et financ\u00e9 par. 14:00 \u00e0 16:00 au Centre George Mah\u00e9, 21 rue de la Mare \u00e0 l\u00c2ne, Montreuil D\u00e9dicace \u00e0 la librairie \u00e9ph\u00e9m\u00e8re BULLE, de 14h30 \u00e0 18h30 S\u00e9ance exceptionnelle de Je ne suis pas mort de Mehdi Ben Attia pr\u00e9sent\u00e9e par Maria de Medeiros D\u00e9dicace de 14h30 \u00e0 18h30 \u00e0 la librairie \u00e9ph\u00e9m\u00e8re Bulle : mode demploi de la rencontre entre b\u00e9b\u00e9 et les b\u00eates D\u00e8s 0 ans La p\u00e9riode dexploitation au Th\u00e9\u00e2tre est termin\u00e9e. VENDREDI 28 SAMEDI 29 DIMANCHE 30 SEPTEMBRE 2018 D\u00e9dicace de 15h \u00e0 19h \u00e0 la librairie \u00e9ph\u00e9m\u00e8re BULLE ARNAUD FLOCH Mojo hand : la face sombre de lAm\u00e9rique.<\/p>\n","protected":false},"excerpt":{"rendered":"<p>rencontre th\u00e9\u00e2trale bulle<\/p>\n","protected":false},"author":1,"featured_media":0,"comment_status":"closed","ping_status":"closed","sticky":false,"template":"","format":"standard","meta":{"footnotes":""},"categories":[1],"tags":[],"_links":{"self":[{"href":"https:\/\/zakarybelamy.com\/img\/wp-json\/wp\/v2\/posts\/11637"}],"collection":[{"href":"https:\/\/zakarybelamy.com\/img\/wp-json\/wp\/v2\/posts"}],"about":[{"href":"https:\/\/zakarybelamy.com\/img\/wp-json\/wp\/v2\/types\/post"}],"author":[{"embeddable":true,"href":"https:\/\/zakarybelamy.com\/img\/wp-json\/wp\/v2\/users\/1"}],"replies":[{"embeddable":true,"href":"https:\/\/zakarybelamy.com\/img\/wp-json\/wp\/v2\/comments?post=11637"}],"version-history":[{"count":1,"href":"https:\/\/zakarybelamy.com\/img\/wp-json\/wp\/v2\/posts\/11637\/revisions"}],"predecessor-version":[{"id":11638,"href":"https:\/\/zakarybelamy.com\/img\/wp-json\/wp\/v2\/posts\/11637\/revisions\/11638"}],"wp:attachment":[{"href":"https:\/\/zakarybelamy.com\/img\/wp-json\/wp\/v2\/media?parent=11637"}],"wp:term":[{"taxonomy":"category","embeddable":true,"href":"https:\/\/zakarybelamy.com\/img\/wp-json\/wp\/v2\/categories?post=11637"},{"taxonomy":"post_tag","embeddable":true,"href":"https:\/\/zakarybelamy.com\/img\/wp-json\/wp\/v2\/tags?post=11637"}],"curies":[{"name":"wp","href":"https:\/\/api.w.org\/{rel}","templated":true}]}}