{"id":11809,"date":"2020-10-17T19:59:55","date_gmt":"2020-10-17T19:59:55","guid":{"rendered":"http:\/\/zakarybelamy.com\/img\/?p=11809"},"modified":"2020-10-06T03:18:48","modified_gmt":"2020-10-06T03:18:48","slug":"rta-rencontre-theatre-ados","status":"publish","type":"post","link":"https:\/\/zakarybelamy.com\/img\/2020\/10\/17\/rta-rencontre-theatre-ados\/","title":{"rendered":"Rta Rencontre Th\u00e9\u00e2tre-Ados"},"content":{"rendered":"<p>Le Festival 2015 de la Rencontre Th\u00e9\u00e2tre Ados commence aujourdhui L\u00c9cho de Laval Rencontres et discussions : Autours de mon travail, ou du travail dun auteur, ou dun th\u00e8me donn\u00e9. Je fais une pr\u00e9sention, suivi des discussions Finaliste au Prix RIDEAU dans la cat\u00e9gorie Initiative projet Jeunesse en cr\u00e9ation 2014 Il y a quelques mois maintenant que Sophielit.ca sest associ\u00e9 au festival Rencontre Th\u00e9\u00e2tre Ados qui pourraient int\u00e9resser les ados et leur donner envie daller au th\u00e9\u00e2tre ou bien den jouer. Quand jai rencontr\u00e9 l\u00e9quipe de la RTA, jai \u00e9t\u00e9 frapp\u00e9e par la passion qui anime ces femmes qui travaillent toute lann\u00e9e pour permettre aux adolescents davoir acc\u00e8s \u00e0 de nombreuses cr\u00e9ations en plus de rencontrer les artisans et de monter diff\u00e9rentes activit\u00e9s. Jai donc eu envie de vous pr\u00e9senter Sylvie Lessard, la directrice g\u00e9n\u00e9rale de la RTA. Rencontre avec une femme passionn\u00e9e! Quil soit un moyen dexpression ou dapprentissage, lart offre des bienfaits formidables aux jeunes Canadiens qui forgent leur identit\u00e9. En facilitant lacc\u00e8s aux arts, les diffuseurs comme la Rencontre Th\u00e9\u00e2tre Ados leur permettent de vivre des exp\u00e9riences artistiques positives et participatives. Notre gouvernement est fier de soutenir la Rencontre Th\u00e9\u00e2tre Ados et de contribuer au rayonnement du th\u00e9\u00e2tre pour adolescents. Vou\u00e9e depuis plus de dix ans \u00e0 la d\u00e9mocratisation des technologies de Festival de la Rencontre Th\u00e9\u00e2tre Ados: Pourquoi aller au th\u00e9\u00e2tre? Vid\u00e9os La Fabrique culturelle La Fabrique Culturelle  Les jeunes en action : Rencontre Th\u00e9\u00e2tre Ados RTA iframe width512px height384px srchttps:www.yumpu.comfrembedviewayseSzBDxif8V5n2 frameborder0 allowfullscreentrue allowtransparencytrueiframe  <img decoding=\"async\" src=\"http:\/\/www.elu-terminalen.tk\/wp-content\/uploads\/2017\/06\/assemblee-nationale-632x474.jpg\" alt=\"rta rencontre th\u00e9\u00e2tre-ados\" align=\"right\"> Une remarque, une suggestion, une actu ou autre chose \u00e0 proposer pour le site ou le forum? Faites-le nous savoir ici. Suite aux travaux men\u00e9s dans les ateliers, la MJC propose une restitution publique des diff\u00e9rents projets. Notre mission \u00e0 la RTA est de pr\u00e9senter des oeuvres de cr\u00e9ation contemporaine. Nous croyons que ces formes parlent plus aux publics auxquels nous nous adressons. Mise en sc\u00e8ne : Mise en sc\u00e8ne Gianni Gr\u00e9gory Fornet Collaboration artistique Martin Bellemare et Sufo-Sufo Bien s\u00fbr, les jeunes entendent parler des drames, de tout ce qui va mal, poursuit Vermeulen. Alors, cest int\u00e9ressant de leur parler de gestes de beaut\u00e9. Ces gestes peuvent \u00eatre gauches parce que nous ne sommes pas dans la performance. Oser lire un po\u00e8me \u00e0 voix haute m\u00eame si on nest pas tr\u00e8s bon, cest quand m\u00eame porter de la po\u00e9sie, cest faire voir la beaut\u00e9. Pour le metteur en sc\u00e8ne, lart permet ainsi de sortir de la m\u00e9canique du quotidien et de prendre conscience que lon fait partie de quelque chose de plus grand qui nous pousse \u00e0 croire et \u00e0 agir. Et cest exactement ce que propose la pi\u00e8ce. Ce nest pas du m\u00eame ordre que la manifestation du 15 mars dernier, mais cest un peu dans la m\u00eame veine, dans lid\u00e9e que des gestes simples peuvent apaiser la violence.  Apr\u00e8s inscription, nh\u00e9sitez pas \u00e0 nous en dire un peu plus sur vous et vos machines, sans forc\u00e9ment entrer dans les d\u00e9tails. Pensez \u00e9galement \u00e0 vous localiser m\u00eame approximativement sur et \u00e0 nous pr\u00e9senter vos machines dans. <img decoding=\"async\" src=\"http:\/\/www.metcpare.ga\/4207-22799-thickbox\/location-appartement-4-pieces-gex-01170-gex.jpg\" alt=\"rta rencontre th\u00e9\u00e2tre-ados\" align=\"right\"> En 1996, la Rencontre Th\u00e9\u00e2tre Ados RTA est cr\u00e9\u00e9e par Fran\u00e7ois Hurtubise, coordonnateur de la programmation de la Maison des Arts de Laval, Sarto Gendron, directeur artistique et auteur et moi-m\u00eame. Pour sauver du naufrage les compagnies qui survivent toujours, et ainsi assurer la diffusion de leurs cr\u00e9ations, la RTA cr\u00e9e, d\u00e8s la premi\u00e8re ann\u00e9e, un festival dont la programmation comprend un spectacle professionnel et trois productions \u00e9tudiantes, pr\u00e9sent\u00e9es devant 1 600 spectateurs. Pendant ce festival, on offre d\u00e9j\u00e0 aux jeunes loccasion de participer \u00e0 des ateliers. <img decoding=\"async\" src=\"http:\/\/www.shzeave.ga\/15071-home_default\/marins-francais-explorateurs.jpg\" alt=\"rta rencontre th\u00e9\u00e2tre-ados\" align=\"left\"> Didier Lucien a accept\u00e9 de poursuivre son association en tant que porte-parole officiel. Photo TC Media-Archives.<\/p>\n","protected":false},"excerpt":{"rendered":"<p>rta rencontre th\u00e9\u00e2tre-ados<\/p>\n","protected":false},"author":1,"featured_media":0,"comment_status":"closed","ping_status":"closed","sticky":false,"template":"","format":"standard","meta":{"footnotes":""},"categories":[1],"tags":[],"_links":{"self":[{"href":"https:\/\/zakarybelamy.com\/img\/wp-json\/wp\/v2\/posts\/11809"}],"collection":[{"href":"https:\/\/zakarybelamy.com\/img\/wp-json\/wp\/v2\/posts"}],"about":[{"href":"https:\/\/zakarybelamy.com\/img\/wp-json\/wp\/v2\/types\/post"}],"author":[{"embeddable":true,"href":"https:\/\/zakarybelamy.com\/img\/wp-json\/wp\/v2\/users\/1"}],"replies":[{"embeddable":true,"href":"https:\/\/zakarybelamy.com\/img\/wp-json\/wp\/v2\/comments?post=11809"}],"version-history":[{"count":1,"href":"https:\/\/zakarybelamy.com\/img\/wp-json\/wp\/v2\/posts\/11809\/revisions"}],"predecessor-version":[{"id":11810,"href":"https:\/\/zakarybelamy.com\/img\/wp-json\/wp\/v2\/posts\/11809\/revisions\/11810"}],"wp:attachment":[{"href":"https:\/\/zakarybelamy.com\/img\/wp-json\/wp\/v2\/media?parent=11809"}],"wp:term":[{"taxonomy":"category","embeddable":true,"href":"https:\/\/zakarybelamy.com\/img\/wp-json\/wp\/v2\/categories?post=11809"},{"taxonomy":"post_tag","embeddable":true,"href":"https:\/\/zakarybelamy.com\/img\/wp-json\/wp\/v2\/tags?post=11809"}],"curies":[{"name":"wp","href":"https:\/\/api.w.org\/{rel}","templated":true}]}}