{"id":11837,"date":"2020-10-17T12:48:31","date_gmt":"2020-10-17T12:48:31","guid":{"rendered":"http:\/\/zakarybelamy.com\/img\/?p=11837"},"modified":"2020-10-06T04:00:38","modified_gmt":"2020-10-06T04:00:38","slug":"rencontres-nationales-d-arboriculture-2012","status":"publish","type":"post","link":"https:\/\/zakarybelamy.com\/img\/2020\/10\/17\/rencontres-nationales-d-arboriculture-2012\/","title":{"rendered":"Rencontres Nationales D Arboriculture 2012"},"content":{"rendered":"<p>M. Le pr\u00e9sident. Lordre du jour appelle la suite de la discussion de la seconde partie du projet de loi de finances pour 2013 n os 235, 251. <img decoding=\"async\" src=\"http:\/\/www.think.johnthursday.com\/images\/990x200\/98-5-VAYRES.gif\" alt=\"rencontres nationales d arboriculture 2012\" align=\"right\"> En effet, ce concours ne juge pas seulement dun aspect fleuri mais repose sur des crit\u00e8res pr\u00e9cis dattribution en rapport avec les d\u00e9marches de d\u00e9veloppement durable : modes de gestion mis en place pour entretenir le patrimoine en respectant les ressources naturelles de la biodiversit\u00e9, actions pour valoriser les espaces publics et faciliter leurs usages par la population, actions danimation et de promotion du d\u00e9veloppement durable Cet appel \u00e0 projet porte vraiment sur la qualit\u00e9 de gestion que peut avoir une collectivit\u00e9 dun patrimoine. La ville est jug\u00e9e sur des crit\u00e8res tr\u00e8s pr\u00e9cis et le fleurissement, la partie la plus connue, nest quun aspect symbolique, le plus visible. Cela impacte sur le rayonnement positif de la commune. Lid\u00e9e est de pouvoir d\u00e9montrer que les actions viennent apr\u00e8s une r\u00e9flexion pouss\u00e9e, au terme dune d\u00e9marche qualitative \u00e9valu\u00e9e et reconnue par un jury. Il est important daboutir \u00e0 un r\u00e9sultat dans le respect de lenvironnement tout en pr\u00e9servant une identit\u00e9 forte, vecteur de lien social et en \u00e9tant soucieux de la bonne gestion du denier public. Cest cette approche qui est \u00e9valu\u00e9e par le jury. Cest pour cela quautant de communes se reconnaissent dans ces crit\u00e8res d\u00e9valuation de politique et ont \u00e0 coeur \u00e0 participer \u00e0 ce concours. Pour d\u00e9velopper leur activit\u00e9 ils ont besoin de vous. A quoi va servir la collecte? Leur besoin est simple : afin de d\u00e9velopper la production, il leur manque un tracteur et une ombri\u00e8re. M. St\u00e9phane Le Foll, ministre. Vous voulez dire le d\u00e9fi!  Troisi\u00e8me point, un bon budget de lagriculture doit d\u00e9finir un cadre professionnel qui englobe toutes les agricultures : agriculture conventionnelle, extensive, bio, les agricultures de niche, les circuits courts M. St\u00e9phane Le Foll, ministre. Deuxi\u00e8me priorit\u00e9 : la question de l\u00e9levage. En effet, cette priorit\u00e9 qui est la mienne au plan europ\u00e9en, dans le cadre des n\u00e9gociations de la r\u00e9forme de la politique agricole, devait se traduire dans le budget. Certes, \u00e0 cette \u00e9chelle, elle ne peut b\u00e9n\u00e9ficier de lensemble des aides que nous pourrons mobiliser dans le cadre de la politique agricole commune, mais, avec la prime \u00e0 la vache allaitante, dot\u00e9e de 165 millions, lIndemnit\u00e9 compensatoire de handicaps naturels ICHN, dont le montant est de 248 millions, et la Prime herbag\u00e8re agro-environnementale PHAE, qui s\u00e9l\u00e8ve \u00e0 60 millions, l\u00e9levage b\u00e9n\u00e9ficie, au total, de 473 millions deuros. Applaudissements sur plusieurs bancs du groupe SRC. Il convient dy ajouter les mesures agro-environnementales du deuxi\u00e8me pilier, qui ont augment\u00e9 de 12. Nous traduisons ainsi dans le budget national la priorit\u00e9 qui est la n\u00f4tre dans le cadre de la n\u00e9gociation europ\u00e9enne. Jajoute, puisque la question ma \u00e9t\u00e9 pos\u00e9e, que, dans ces discussions, nous int\u00e9grons le pastoralisme, car il est important de tenir compte de la diversit\u00e9 des capacit\u00e9s de production de l\u00e9levage et, surtout, des modes doccupation de lespace. Ou pourquoi lAFAF et ses partenaires ne peuvent \u00eatre dAccor Soci\u00e9t\u00e9 Fran\u00e7aise dArboriculture ada di Facebook. Untuk terhubung dengan Soci\u00e9t\u00e9 Fran\u00e7aise dArboriculture, masuk ke Facebook. Il est vrai quen agriculture, le d\u00e9veloppements du machinisme a fortement contribu\u00e9 \u00e0 lam\u00e9liorationde la production et de la comp\u00e9titivit\u00e9 de nos fili\u00e8res. A ce titre, le dynamisme des entrepreneurs en mati\u00e8re dinvestissement de pointe a jou\u00e9 un r\u00f4le essentiel. L\u00e0 aussi, dans notrecoeur de m\u00e9tier, la valeur ajout\u00e9e de nos activit\u00e9s passera par le d\u00e9veloppement des prestations immat\u00e9rielles.  Pour ma part, je suis tr\u00e8s sensible \u00e0 la priorit\u00e9 que vous accordez \u00e0 lenseignement. Cest fondamental. Cest synonyme de professionnalisme, de qualit\u00e9 et surtout de valorisation de limage de la fili\u00e8re agricole aupr\u00e8s des jeunes g\u00e9n\u00e9rations. En ce domaine, la p\u00e9riode de d\u00e9sengagement que nous avons connue est s\u00fbrement derri\u00e8re nous. De la coloration \u00e0 partir de photos de caisse de pommes 50&#215;30., Son Excellence lAmbassadeur de Hongrie en France, Paris Si les arbres de Pau avaient un compte Facebook, ils auraient certainement beaucoup damis. On compte pr\u00e9cis\u00e9ment 261 esp\u00e8ces pour un total de 25 000 unit\u00e9s. Daujourdhui \u00e0 dimanche, ils sont les stars des Rencontres nationales de larboriculture lire par ailleurs. Fin f\u00e9vrier, se sont tenues \u00e0 Paris les 1\u00e8res Rencontres Internationales de lAgriculture du Vivant. Au final, un \u00e9v\u00e8nement pl\u00e9biscit\u00e9 par les participants tant pour la richesse du contenu que pour la qualit\u00e9 des \u00e9changes et la parfaite organisation : encore f\u00e9licitations pour cette organisation. Cest le plus riche colloque auquel jai assist\u00e9 au cours du centenaire. Nous sommes tr\u00e8s heureux davoir partag\u00e9 tant d\u00e9motions, de t\u00e9moignages forts, humoristiques, r\u00e9alistes et de projets pour le futur. Nous esp\u00e9rons continuer \u00e0 \u00e9changer avec chacun dentre vous comme vous avons eu la chance de le faire \u00e0 Liffol-Le-Grand autour de ces All\u00e9es de Paix. Dabord bravo de tout c\u0153ur pour lorganisation du colloque de Liffol-le-Grand, remarquable \u00e0 tout point de vue. Quant aux dotations du programme 149 For\u00eat, elles s\u00e9l\u00e8vent, pour 2013, \u00e0 290,74 millions deuros en autorisations dengagement au lieu de 349,68 millions en 2012, soit une baisse tr\u00e8s sensible de 17,3, la plus forte observ\u00e9e depuis dix ans. Elles s\u00e9l\u00e8vent \u00e0 315,42 millions en cr\u00e9dits de paiement au lieu de 358,44 millions en 2012, soit une diminution de 12,3. Lazadirachtin A \u00cfokos : R\u00e9 \u00e9valuation pour AMM en cours en Italie attente AMM en 2017. Produit en processus de reconnaissance mutuelle vers la France via lItalie en 2018 pour une AMM en 2019. D\u00e9rogation en Italie contre : pucerons, aleurodes, mineuses, cicadelles et thrips des agrumes et pucerons, mineuses et cicadelles des pommiers Formateurs : Jaime Elizondo USA et Gautier Gras France, experts internationaux de l\u00e9levage bon pour la plan\u00e8te et auteurs du tout nouvel ouvrage \u03bd\u03ad\u03b1 \u03c4\u03bf\u03c5\u03c1\u03ba\u03b9\u03ba\u03ae navtex \u03a0\u03b5\u03c1\u03b9\u03bf\u03c1\u03b9\u03c3\u03bc\u03ad\u03bd\u03b5\u03c2 \u03bf\u03b9 \u03bb\u03cd\u03c3\u03b5\u03b9\u03c2 \u03b3\u03b9\u03b1 \u03c4\u03bf\u03bd \u03a0\u03ad\u03b4\u03c1\u03bf \u039c\u03b1\u03c1\u03c4\u03af\u03bd\u03c2 \u03c3\u03c4\u03bf\u03bd \u03c7\u03ce\u03c1\u03bf \u03c4\u03b7\u03c2 \u03b5\u03c0\u03af\u03b8\u03b5\u03c3\u03b7\u03c2 \u03b1\u03bb\u03bb\u03ac \u03ba\u03b1\u03b9 \u03c4\u03b7\u03c2 \u03ac\u03bc\u03c5\u03bd\u03b1\u03c2, \u03bc\u03b5 \u03c4\u03bf\u03bd \u039f\u03bb\u03c5\u03bc\u03c0\u03b9\u03b1\u03ba\u03cc \u03bd\u03b1 \u03c0\u03b7\u03b3\u03b1\u03af\u03bd\u03b5\u03b9 \u03c3\u03c4\u03bf \u03a0\u03b5\u03c1\u03b9\u03c3\u03c4\u03ad\u03c1\u03b9 \u03c7\u03c9\u03c1\u03af\u03c2 \u03c4\u03bf\u03c5\u03c2 \u03a7\u03b1\u03c3\u03ac\u03bd, \u03a7\u03c1\u03b9\u03c3\u03c4\u03bf\u03b4\u03bf\u03c5\u03bb\u03cc\u03c0\u03bf\u03c5\u03bb\u03bf, \u03a4\u03c3\u03b9\u03bc\u03af\u03ba\u03b1 \u03ba\u03b1\u03b9 \u039c\u03b5\u03c1\u03b9\u03ac \u03b5\u03bd\u03ce \u03b5\u03c0\u03b1\u03bd\u03ad\u03c1\u03c7\u03b5\u03c4\u03b1\u03b9 \u03bc\u03b5\u03c4\u03ac \u03c4\u03bf\u03bd \u03c4\u03c1\u03b1\u03c5\u03bc\u03b1\u03c4\u03b9\u03c3\u03bc\u03cc \u03c4\u03bf\u03c5 \u03bf \u0393\u03ba\u03b5\u03c1\u03ad\u03c1\u03bf. <img decoding=\"async\" src=\"http:\/\/medias.blogbmw.fr\/2018\/04\/P90300857_highRes_rome-ita-13th-14th-a-1680x600.jpg\" alt=\"rencontres nationales d arboriculture 2012\" align=\"center\"> Le tribunal ne la pas entendu de cette oreille et a condamn\u00e9 M. Chakib Limane \u00e0 24 mois de prison dont 6 en sursis mise \u00e0 l\u00e9preuve de 3 ans. Il a obligation de soins et de chercher un travail. Il a \u00e9t\u00e9 maintenu en d\u00e9tention. , pr\u00e9sident de la commission des affaires \u00e9conomiques. Pr\u00e9sidente de lAssociation nationale des \u00e9lus de la montagne! Un hommage qui fait plaisir \u00e0 Marc Jubault-Bregler, l\u00e9lu local charg\u00e9 de lenvironnement. Ils font partie de notre identit\u00e9. Regardez aux all\u00e9es de Morlaas, la distance entre chaque arbre est une distance typiquement anglaise. Et contrairement \u00e0 ce que lon simagine, ce ne sont pas les parcs et les arbres qui sont apparus dans les villes. Mais les villes qui ont gagn\u00e9 du terrain sur les arbres. Ayons la sagesse de Fernand Braudel, natif de Lorraine, historien des longs temps, qui nous rappelle que les soci\u00e9t\u00e9s solides ont un pied dans l\u00e9conomie monde et lautre dans un syst\u00e8me local dense. \u00c9largissons notre regard avec le grand Edgar Pisani qui proph\u00e9tise que la plan\u00e8te, pour se nourrir, aura besoin de toutes les agricultures du monde. Et osons le parall\u00e8le avec lindustrie, le rapport de notre coll\u00e8gue Jean Grellier sur la sid\u00e9rurgie nous signalant que le point de non-retour serait moins la perte des infrastructures que celle des savoir-faire. Avec notamment une session de travail sur lappel \u00e0 projet europ\u00e9en. <img decoding=\"async\" src=\"http:\/\/p9.storage.canalblog.com\/92\/98\/692115\/113439510_o.jpg\" alt=\"rencontres nationales d arboriculture 2012\" align=\"right\"> Rencontres Internationales de lAgriculture du Vivant.<\/p>\n","protected":false},"excerpt":{"rendered":"<p>rencontres nationales d arboriculture 2012<\/p>\n","protected":false},"author":1,"featured_media":0,"comment_status":"closed","ping_status":"closed","sticky":false,"template":"","format":"standard","meta":{"footnotes":""},"categories":[1],"tags":[],"_links":{"self":[{"href":"https:\/\/zakarybelamy.com\/img\/wp-json\/wp\/v2\/posts\/11837"}],"collection":[{"href":"https:\/\/zakarybelamy.com\/img\/wp-json\/wp\/v2\/posts"}],"about":[{"href":"https:\/\/zakarybelamy.com\/img\/wp-json\/wp\/v2\/types\/post"}],"author":[{"embeddable":true,"href":"https:\/\/zakarybelamy.com\/img\/wp-json\/wp\/v2\/users\/1"}],"replies":[{"embeddable":true,"href":"https:\/\/zakarybelamy.com\/img\/wp-json\/wp\/v2\/comments?post=11837"}],"version-history":[{"count":1,"href":"https:\/\/zakarybelamy.com\/img\/wp-json\/wp\/v2\/posts\/11837\/revisions"}],"predecessor-version":[{"id":11838,"href":"https:\/\/zakarybelamy.com\/img\/wp-json\/wp\/v2\/posts\/11837\/revisions\/11838"}],"wp:attachment":[{"href":"https:\/\/zakarybelamy.com\/img\/wp-json\/wp\/v2\/media?parent=11837"}],"wp:term":[{"taxonomy":"category","embeddable":true,"href":"https:\/\/zakarybelamy.com\/img\/wp-json\/wp\/v2\/categories?post=11837"},{"taxonomy":"post_tag","embeddable":true,"href":"https:\/\/zakarybelamy.com\/img\/wp-json\/wp\/v2\/tags?post=11837"}],"curies":[{"name":"wp","href":"https:\/\/api.w.org\/{rel}","templated":true}]}}