{"id":11867,"date":"2020-10-17T09:21:30","date_gmt":"2020-10-17T09:21:30","guid":{"rendered":"http:\/\/zakarybelamy.com\/img\/?p=11867"},"modified":"2020-10-06T04:49:45","modified_gmt":"2020-10-06T04:49:45","slug":"rencontres-parlementaires-sur-l-urbanisme-durable","status":"publish","type":"post","link":"https:\/\/zakarybelamy.com\/img\/2020\/10\/17\/rencontres-parlementaires-sur-l-urbanisme-durable\/","title":{"rendered":"Rencontres Parlementaires Sur L Urbanisme Durable"},"content":{"rendered":"<p>Nicolas Inglebert, Directeur des services techniques, Ville de Cr\u00e9py-en-Valois La culture dans la ville : architectures, patrimoines et identit\u00e9s <img decoding=\"async\" src=\"http:\/\/www.handisport-lemag.org\/archive\/158\/catalogues\/catalogue_accessible\/images\/p21_2.jpg\" alt=\"rencontres parlementaires sur l urbanisme durable\" align=\"right\">  Article publi\u00e9 le mercredi 6 f\u00e9vrier 2019 Champs daction : Mobilit\u00e9 durable Mots-cl\u00e9s : Article publi\u00e9 le mercredi 6 mai 2020 Champs daction : Mobilit\u00e9 durable Mots-cl\u00e9s :,,,,  <img decoding=\"async\" src=\"http:\/\/www.more.wfcrimewatch.com\/public\/upload\/news\/first\/5851b1536a52e6.16870107.jpg\" alt=\"rencontres parlementaires sur l urbanisme durable\" align=\"center\"> R\u00e9gis Lambert, jusque-l\u00e0 Vice-Pr\u00e9sident, inscrira son action dans la coh\u00e9rence du projet strat\u00e9gique UNGE 2020 adopt\u00e9 \u00e0 Reims en 2016 et conduisant sur quatre ans le syndicat vers un accroissement de son dynamisme, de son influence et des services apport\u00e9s \u00e0 ses adh\u00e9rents. Quels sont les obstacles qui contraignent le r\u00f4le que devraient jouer les sciences \u00e9cologiques dans les r\u00e9ponses que nos soci\u00e9t\u00e9s apportent aux d\u00e9fis environnementaux actuels? Une journ\u00e9e d\u00e9changes et dateliers sur le th\u00e8me : permettra de mieux comprendre et de consolider les liens entre d\u00e9veloppement durable et sant\u00e9 dans les politiques publiques.  Sujet : Le paysage, un paradigme daujourdhui \u00e9crits le 29.07.95 <img decoding=\"async\" src=\"http:\/\/www.serievbibeln.tk\/photos\/photo-article-1386698451-1386699864.jpg\" alt=\"rencontres parlementaires sur l urbanisme durable\" align=\"center\"> Collection Ces lieux qui changent, le 69 de l\u00e9t\u00e9, 2017, reportages de 7mn, r\u00e9alis\u00e9s en collaboration avec les M\u00e9dias Francophones Publics, France Inter, Radio lagriculture biologique, partenaire de la biodiversit\u00e9 ; Les participants ont enfin jug\u00e9 que la nouvelle ordonnance, telle que pr\u00e9sent\u00e9e \u00e9tait adapt\u00e9e malgr\u00e9 la raccourcis de la suspension des d\u00e9lais en majorit\u00e9 67. Elle reste cependant g\u00e9n\u00e9ratrice dinqui\u00e9tude pour plus dun tiers des participants. La fin de lurbanisme commercial \u00e0 la fran\u00e7aise-Pers\u00e9e Au programme : conf\u00e9rences, partages de bonnes pratiques et doutils, moments conviviaux et de mise \u00e0 lhonneur de projets innovants, salon avec des espaces de rendez-vous et d\u00e9changes au c\u0153ur du salon, repr\u00e9sentant lensemble de la fili\u00e8re et des m\u00e9tiers : industriels, concepteurs, installateurs, fournisseurs de services, bureaux d\u00e9tudes, soci\u00e9t\u00e9s de services, institutions, associsation, \u00e9coles, entreprises innovantes nationales et internationales Champs daction : Biodiversit\u00e9, D\u00e9veloppement durable Mots-cl\u00e9s :,, Changer la fabrique urbaine pour contrer la pr\u00e9carit\u00e9 \u00e9nerg\u00e9tique li\u00e9e \u00e0 la mobilit\u00e9 Ouverture de la Rencontre nationale du Club 2018 Allocution de Pierre Serne, pr\u00e9sident du Club des villes et territoires cyclables Mercredi 6 avril 2016 Table-ronde sur lenvironnement ; DossierR\u00e9sum\u00e9 en 89 pages de l\u00e9tude du cabinet Boston Consulting Group, command\u00e9e en 2009 par le minist\u00e8re de l\u00e9conomie R\u00e9dig\u00e9 par : SER de Tokyo-P\u00f4le D\u00e9veloppement Durable 19 f\u00e9vrier 2020.. 17\u00e8me rencontre des responsables communication des SDIS de France.. La derni\u00e8re modification de cette page a \u00e9t\u00e9 faite le 11 juin 2020 \u00e0 23:42.<\/p>\n","protected":false},"excerpt":{"rendered":"<p>rencontres parlementaires sur l urbanisme durable<\/p>\n","protected":false},"author":1,"featured_media":0,"comment_status":"closed","ping_status":"closed","sticky":false,"template":"","format":"standard","meta":{"footnotes":""},"categories":[1],"tags":[],"_links":{"self":[{"href":"https:\/\/zakarybelamy.com\/img\/wp-json\/wp\/v2\/posts\/11867"}],"collection":[{"href":"https:\/\/zakarybelamy.com\/img\/wp-json\/wp\/v2\/posts"}],"about":[{"href":"https:\/\/zakarybelamy.com\/img\/wp-json\/wp\/v2\/types\/post"}],"author":[{"embeddable":true,"href":"https:\/\/zakarybelamy.com\/img\/wp-json\/wp\/v2\/users\/1"}],"replies":[{"embeddable":true,"href":"https:\/\/zakarybelamy.com\/img\/wp-json\/wp\/v2\/comments?post=11867"}],"version-history":[{"count":1,"href":"https:\/\/zakarybelamy.com\/img\/wp-json\/wp\/v2\/posts\/11867\/revisions"}],"predecessor-version":[{"id":11868,"href":"https:\/\/zakarybelamy.com\/img\/wp-json\/wp\/v2\/posts\/11867\/revisions\/11868"}],"wp:attachment":[{"href":"https:\/\/zakarybelamy.com\/img\/wp-json\/wp\/v2\/media?parent=11867"}],"wp:term":[{"taxonomy":"category","embeddable":true,"href":"https:\/\/zakarybelamy.com\/img\/wp-json\/wp\/v2\/categories?post=11867"},{"taxonomy":"post_tag","embeddable":true,"href":"https:\/\/zakarybelamy.com\/img\/wp-json\/wp\/v2\/tags?post=11867"}],"curies":[{"name":"wp","href":"https:\/\/api.w.org\/{rel}","templated":true}]}}