{"id":11893,"date":"2020-10-17T15:14:49","date_gmt":"2020-10-17T15:14:49","guid":{"rendered":"http:\/\/zakarybelamy.com\/img\/?p=11893"},"modified":"2020-10-06T05:30:04","modified_gmt":"2020-10-06T05:30:04","slug":"rencontre-europeenne-des-personnes-en-situation-de-pauvrete","status":"publish","type":"post","link":"https:\/\/zakarybelamy.com\/img\/2020\/10\/17\/rencontre-europeenne-des-personnes-en-situation-de-pauvrete\/","title":{"rendered":"Rencontre Europ\u00e9enne Des Personnes En Situation De Pauvret\u00e9"},"content":{"rendered":"<p><img decoding=\"async\" src=\"http:\/\/www.slate.fr\/sites\/default\/files\/styles\/1060x523\/public\/rtr2ps6t.jpg\" alt=\"rencontre europ\u00e9enne des personnes en situation de pauvret\u00e9\" align=\"right\"> Dautre part concernant la baisse des retraites taux de remplacement cest les lois Riester de r\u00e9forme des retraites, qui ont baiss\u00e9 le taux de remplacement dune part et y ont ajout\u00e9 une part de produit financiers li\u00e9s aux cours de la bourse, et dautre part la financiarisation mise en place par le gouvernement Schroeder, ventes des participations industrielles dans les banques et des banques dans lindustrie ont fragilis\u00e9 le syst\u00e8me bancaire, mais aussi la stabilit\u00e9 des entreprises, qui g\u00e8rent elle mme le fonds de retraite compl\u00e9mentaire de leurs salari\u00e9s, ont plac\u00e9 en bourse une partie importante de ces fonds. Rendant ces fonds d\u00e9pendant de la sant\u00e9 des march\u00e9s financiers. Le pr\u00e9sident de Sanofi France, Olivier Bogillot, sest abstenu de d\u00e9mentir M. Hudson, appelant lUnion europ\u00e9enne \u00e0 \u00eatre aussi efficace que les Etats-Unis en nous aidant \u00e0 mettre \u00e0 disposition tr\u00e8s vite ce vaccin. 9 la lutte contre la pauvret\u00e9 et l exclusion sociale au sommet de l agenda politique, tant au niveau national qu europ\u00e9en. Voil\u00e0 une preuve \u00e9vidente que l efficacit\u00e9 des politiques d inclusion sociale d\u00e9pend de la participation politique des personnes en situation de pauvret\u00e9. Le nombre de personnes en situation de pauvret\u00e9 n a pas diminu\u00e9 au cours des derni\u00e8res ann\u00e9es ; \u00e0 cause de la crise \u00e9conomique et financi\u00e8re, le nombre de personnes menac\u00e9es par la pauvret\u00e9 a d\u00e9pass\u00e9 les 80 millions. La grande question est : comment \u00e9viter un d\u00e9tricotage de la protection sociale et une augmentation de la pauvret\u00e9 alors que l heure est aux graves contraintes budg\u00e9taires? Pour la premi\u00e8re fois, la lutte contre la pauvret\u00e9 se trouve au c\u0153ur de l agenda europ\u00e9en gr\u00e2ce \u00e0 la strat\u00e9gie Europe 2020, pour une croissance intelligente, durable et inclusive. Dans un premier temps, les Etats membres ont adopt\u00e9 un objectif chiffr\u00e9 europ\u00e9en commun visant \u00e0 sortir de la pauvret\u00e9 au moins 20 millions de personnes d ici Le mois dernier, les Etats membres ont, pour la plupart, pr\u00e9sent\u00e9 leurs objectifs chiffr\u00e9s nationaux, cens\u00e9s contribuer \u00e0 la r\u00e9alisation de l objectif chiffr\u00e9 europ\u00e9en. Cependant, nous ne pourrons y parvenir seuls. Nous aurons besoin de votre aide pour capitaliser sur ces objectifs chiffr\u00e9s gr\u00e2ce \u00e0 vos activit\u00e9s. En second lieu, la Plateforme europ\u00e9enne de lutte contre la pauvret\u00e9 et l exclusion a \u00e9t\u00e9 adopt\u00e9e en d\u00e9cembre 2010 avec l objectif de combattre non seulement les sympt\u00f4mes, mais \u00e9galement les causes de la pauvret\u00e9 et de l exclusion sociale. Il s agit d aller audel\u00e0 de nos domaines traditionnels d action, la protection sociale et les services sociaux. En effet, la Plateforme appuiera \u00e9galement l innovation sociale afin de promouvoir des r\u00e9ponses plus novatrices aux besoins sociaux. Elle d\u00e9finira \u00e9galement les m\u00e9canismes d une utilisation plus efficace des financements europ\u00e9ens. Troisi\u00e8mement, la Commission a adopt\u00e9 une initiative politique cens\u00e9e traduire et appliquer l approche de la strat\u00e9gie Europe 2020 \u00e0 la situation socio-\u00e9conomique particuli\u00e8re des populations Roms. En Avril, la Commission a pr\u00e9sent\u00e9 une communication qui, tout en soulignant le caract\u00e8re inacceptable de la situation des populations Roms, propose un cadre europ\u00e9en pour des strat\u00e9gies nationales d int\u00e9gration des communaut\u00e9s Roms. La toute premi\u00e8re r\u00e9union du Conseil de l EPSCO consacr\u00e9e exclusivement aux populations Roms d\u00e9finira les prochaines \u00e9tapes de l application de ce nouveau cadre europ\u00e9en. Cette ann\u00e9e, la Rencontre Europ\u00e9enne des personnes en situation de pauvret\u00e9 a pour th\u00e8me l emploi, le travail et les boulots. A c\u00f4t\u00e9 de l objectif chiffr\u00e9 de r\u00e9duction de la pauvret\u00e9, la strat\u00e9gie Europe 2020 poursuit \u00e9galement un objectif chiffr\u00e9 ambitieux en mati\u00e8re d emploi : 75 de taux d emploi pour les hommes et les femmes d ici \u00e0 l horizon Il s agit l\u00e0 d un d\u00e9fi rendu plus grand encore par la r\u00e9cente crise. Actuellement, dans toute l Europe, on estime \u00e0 23 millions le nombre de personnes \u00e0 la recherche d un emploi-7 millions de plus qu avant la crise tandis que le ch\u00f4mage des jeunes a augment\u00e9 de 1,3 millions. Parmi ceux-ci, ils sont nombreux \u00e0 n avoir jamais eu l occasion d acqu\u00e9rir la moindre exp\u00e9rience professionnelle. L objectif consiste \u00e0 responsabiliser tous les europ\u00e9ens et \u00e0 leur offrir la meilleure combinaison de comp\u00e9tences. Cependant, avoir un emploi ne met pas toujours \u00e0 l abri de la pauvret\u00e9 ni de la pr\u00e9carit\u00e9 aujourd hui encore, 8 de travailleurs dans la population active sont menac\u00e9s par la pauvret\u00e9. La l\u00e9gislation de protection du travail n\u00e9cessite une r\u00e9forme en profondeur afin que se r\u00e9alise un \u00e9quilibre r\u00e9el entre croissance de l emploi et qualit\u00e9 des emplois, et que se r\u00e9duise la segmentation du march\u00e9 de l emploi. L inclusion active des personnes les plus \u00e9loign\u00e9es du march\u00e9 du travail est un objectif central de l UE et des Etats membres. Il est essentiel que les personnes les plus \u00e9loign\u00e9es du march\u00e9 de l emploi b\u00e9n\u00e9ficient d une meilleure aide sociale et que cette aide se poursuive une fois un emploi trouv\u00e9. En effet, il importe d \u00e9viter la spirale dangereuse ch\u00f4mage-emploi de faible qualit\u00e9-emploi pr\u00e9caire-ch\u00f4mage. Toutefois, dans plusieurs Etats membres, un pourcentage consid\u00e9rable de personnes dans le besoin n ont pas acc\u00e8s \u00e0 l aide sociale ou ne la sollicitent pas alors qu elles y ont droit. Dans 20 Etats membres sur 27, le niveau de pauvret\u00e9 des enfants est \u00e9lev\u00e9. Dans le cadre de la strat\u00e9gie Europe 2020, certains Etats membres ont choisi de privil\u00e9gier la lutte contre la pauvret\u00e9 des enfants dans leur Programme National de R\u00e9forme. Une recommandation sur la pauvret\u00e9 des enfants sera pr\u00e9sent\u00e9e en La strat\u00e9gie Europe 2020 propose une nouvelle structure de gouvernance favorisant l approche de partenariat. Il s agit d associer plus \u00e9troitement les parties prenantes dans l \u00e9valuation et le suivi des r\u00e9sultats. Dans ce cadre, la Commission demande aux Etats membres de nouer de v\u00e9ritables partenariats avec leurs parlements nationaux et avec les parties prenantes, telles que les partenaires sociaux, la soci\u00e9t\u00e9 civile et les personnes en situation de pauvret\u00e9. 9 Allusion au nom dun blog, Fortresseurop qui compte les morts aux fronti\u00e8res de lEurope. <img decoding=\"async\" src=\"http:\/\/www.fondation-abbe-pierre.fr\/sites\/default\/files\/les_chiffres_clefs_du_mal-logement_en_europe_-_2015.jpg\" alt=\"rencontre europ\u00e9enne des personnes en situation de pauvret\u00e9\" align=\"center\"> Pour \u00eatre alert\u00e9 par email dune r\u00e9action \u00e0 ce commentaire, merci de Pour Manon Aubry, responsable de plaidoyer justice fiscale et in\u00e9galit\u00e9s \u00e0 Oxfam France : LEurope est un continent riche et prosp\u00e8re et pourtant, la pauvret\u00e9 et les in\u00e9galit\u00e9s sont en hausse cette situation nest pas une fatalit\u00e9, elle r\u00e9sulte de choix politiques. Dans lUE, la pauvret\u00e9 ne rel\u00e8ve pas dun manque de ressources mais de la fa\u00e7on dont elles sont partag\u00e9es. Dapr\u00e8s le Cr\u00e9dit Suisse, les 1 des Europ\u00e9ens les plus riches d\u00e9tiennent pr\u00e8s dun tiers des richesses du continent, alors que les 40 les plus pauvres de la population se partagent moins de 1 des richesses nettes totales de lEurope Http:www.francetvinfo.freconomiecrisecrise-de-la-dettequand-l-interieur-des-poubelles-devient-une-mine-d-or_1356907.html Revue de sociologie politique de linternational, qui \u00e9tudie la conflictualit\u00e9 sous toutes ses formes, de la guerre \u00e0 la violence symbolique There is a group of countries clustered a little above.. Dans ce contexte, le rapport juge que le secteur associatif-qui joue un r\u00f4le cl\u00e9 dans la mise en \u0153uvre de laide alimentaire-est dense mais fragilis\u00e9. Ceci tient notamment aux nouveaux modes de fonctionnement du Fead et \u00e0 ses cons\u00e9quences sur lorganisation du dispositif en France. Cest le cas, par exemple, avec la direction g\u00e9n\u00e9rale de la coh\u00e9sion sociale qui devient lautorit\u00e9 de gestion \u00e0 la place de la direction g\u00e9n\u00e9rale de lalimentation qui conserve toutefois certaines pr\u00e9rogatives.. Ou de la d\u00e9signation de FranceAgriMer comme organisme interm\u00e9diaire, mais \u00e9galement organisme b\u00e9n\u00e9ficiaire en lieu et place des associations pour limiter les risques financiers, tandis que la DGFIP a \u00e9t\u00e9 d\u00e9sign\u00e9e comme autorit\u00e9 de certification.. Les sch\u00e9mas de proc\u00e9dure reproduits dans le rapport mettent en \u00e9vidence la complexit\u00e9 du dispositif. Le chef de l\u00c9tat doit sengager clairement pour la pr\u00e9servation du Fead Un programme europ\u00e9en daide alimentaire fortement remis en question, alors quil est tr\u00e8s utile aux associations nationales, une compensation par l Etat fran\u00e7ais alors, des interrogations sur ce que pourrait \u00eatre une alimentation durable et saine pour les personnes en situation de pauvret\u00e9 qui parfois se retrouvent avec des probl\u00e8mes de sant\u00e9 li\u00e9s \u00e0 une aide alimentaire partant de bons sentiments mais inadapt\u00e9e. Suivez toute lactualit\u00e9 du Temps sur les r\u00e9seaux sociaux On doit ces Rencontres Europ\u00e9ennes \u00e0 Fr\u00e8re Roger, le pr\u00e9d\u00e9cesseur de Fr\u00e8re Alois. Beaucoup de jeunes venaient \u00e0 l\u00e9poque \u00e0 Taiz\u00e9. La communaut\u00e9 avait organis\u00e9 \u00e0 l\u00e9poque un concile des jeunes, mais pour ne pas donner limpression de cr\u00e9er un mouvement, Taiz\u00e9 a vite voulu organiser des rassemblements de jeunes en-dehors de la communaut\u00e9. Dans notre b\u00e2timent, certains parmi nous nont plus deau chaude depuis des mois et les toits fuient. Tout le quartier est laiss\u00e9 \u00e0 labandon. Les r\u00e9sidents se sont rassembl\u00e9s fin 2008 pour faire pression sur les autorit\u00e9s afin quon maintienne lespace de jeux en bas du b\u00e2timent. Avec laide de la travailleuse sociale nous avons invit\u00e9 sur cet espace de jeux des repr\u00e9sentants de la police et du conseil municipal. Ils sont venus. Nous avons ainsi jet\u00e9 les bases du groupe dappui aux parents.  Loin de limage de secteur immat\u00e9riel qui lui est trop souvent associ\u00e9e, le num\u00e9rique alimente sa croissance exponentielle gr\u00e2ce \u00e0 une quantit\u00e9 \u00e9galement croissante Lors dune rencontre pr\u00e9c\u00e9dente, un participant sest exprim\u00e9 comme suit \u00e0 ce sujet: Les personnes en situation de pauvret\u00e9 ont quelque chose \u00e0 offrir aux d\u00e9cideurs politiques. Ils ont besoin de nous pour franchir le foss\u00e9 des r\u00e9alit\u00e9s. Avec nous, ils sont en mesure de faire de meilleures lois. En mars dernier, le Conseil europ\u00e9en a demand\u00e9 aux \u00c9tats membres d\u00e9tablir des Programmes nationaux de r\u00e9forme qui devront faire lobjet dune large consultation.   Pour \u00eatre alert\u00e9 par email dune r\u00e9action \u00e0 ce commentaire, merci de <img decoding=\"async\" src=\"http:\/\/nimes.catholique.fr\/actualite\/imarti\/180829_taize_bale.jpg\" alt=\"rencontre europ\u00e9enne des personnes en situation de pauvret\u00e9\" align=\"center\"> mais seulement 30 dentre elles ont pu participer \u00e0 latelier et cinq ont jou\u00e9 comme acteurs dans une pi\u00e8ce de th\u00e9\u00e2tre qui constituait l\u00e9l\u00e9ment central du projet.<\/p>\n","protected":false},"excerpt":{"rendered":"<p>rencontre europ\u00e9enne des personnes en situation de pauvret\u00e9<\/p>\n","protected":false},"author":1,"featured_media":0,"comment_status":"closed","ping_status":"closed","sticky":false,"template":"","format":"standard","meta":{"footnotes":""},"categories":[1],"tags":[],"_links":{"self":[{"href":"https:\/\/zakarybelamy.com\/img\/wp-json\/wp\/v2\/posts\/11893"}],"collection":[{"href":"https:\/\/zakarybelamy.com\/img\/wp-json\/wp\/v2\/posts"}],"about":[{"href":"https:\/\/zakarybelamy.com\/img\/wp-json\/wp\/v2\/types\/post"}],"author":[{"embeddable":true,"href":"https:\/\/zakarybelamy.com\/img\/wp-json\/wp\/v2\/users\/1"}],"replies":[{"embeddable":true,"href":"https:\/\/zakarybelamy.com\/img\/wp-json\/wp\/v2\/comments?post=11893"}],"version-history":[{"count":1,"href":"https:\/\/zakarybelamy.com\/img\/wp-json\/wp\/v2\/posts\/11893\/revisions"}],"predecessor-version":[{"id":11894,"href":"https:\/\/zakarybelamy.com\/img\/wp-json\/wp\/v2\/posts\/11893\/revisions\/11894"}],"wp:attachment":[{"href":"https:\/\/zakarybelamy.com\/img\/wp-json\/wp\/v2\/media?parent=11893"}],"wp:term":[{"taxonomy":"category","embeddable":true,"href":"https:\/\/zakarybelamy.com\/img\/wp-json\/wp\/v2\/categories?post=11893"},{"taxonomy":"post_tag","embeddable":true,"href":"https:\/\/zakarybelamy.com\/img\/wp-json\/wp\/v2\/tags?post=11893"}],"curies":[{"name":"wp","href":"https:\/\/api.w.org\/{rel}","templated":true}]}}