{"id":11973,"date":"2020-10-17T22:27:12","date_gmt":"2020-10-17T22:27:12","guid":{"rendered":"http:\/\/zakarybelamy.com\/img\/?p=11973"},"modified":"2020-10-06T07:47:57","modified_gmt":"2020-10-06T07:47:57","slug":"ars-monument-de-la-rencontre","status":"publish","type":"post","link":"https:\/\/zakarybelamy.com\/img\/2020\/10\/17\/ars-monument-de-la-rencontre\/","title":{"rendered":"Ars Monument De La Rencontre"},"content":{"rendered":"<p> ils pr\u00e9sentent aux visiteurs le monument dans ses trois dimensions : historique, artistique et chr\u00e9tienne, dans un esprit d\u00e9change et de partage des diverses traditions spirituelles et culturelles ; Le dioc\u00e8se de Lyon se retrouvait \u00e0 11h30 au monument de la rencontre pour un temps autour de la vocation avec un t\u00e9moignage dun jeune pr\u00eatre et tous ses questionnements sur son engagement puis Mgr Barbarin a accueilli chaque chr\u00e9tien l\u00e0 o\u00f9 il en est dans sa foi en parlant dune fa\u00e7on dynamique de la pri\u00e8re et des vocations. Comment les chr\u00e9tiens vont-ils r\u00e9pondre \u00e0 nos appels et puis chaque fois des milliers de personnes sont pr\u00e9sentes! Ars-sur-Formans, Une grande histoire-4 e trimestre 2012, 176 pages, \u00c9dition Carr\u00e9 Blanc, Strasbourg, disponible en mairie. Ilavait fr\u00e9quent\u00e9 la fac de Vincennes a une p\u00e9riode florissante et il y a rencontr\u00e9 toute une mouvance qui \u00e9tait dans la pens\u00e9e constitutive des alternatives a la psychiatrie pour le dire bri\u00e8vement.  Copyright 1995-2020 eBay Inc. Tous droits r\u00e9serv\u00e9s,, et <img decoding=\"async\" src=\"http:\/\/mw2.google.com\/mw-panoramio\/photos\/medium\/41486935.jpg\" alt=\"ars monument de la rencontre\" align=\"center\"> Contactez nos conseillers pour vous aider \u00e0 choisir votre abonnement. La premi\u00e8re ministre de la Sant\u00e9 \u00e0 accrocher au tableau sappelle Mich\u00e8le Barzach, en poste de 1986 \u00e0 1988. Signalons sans insister sa contribution \u00e0 la catastrophe de Tchernobyl. Le 16 mai 1986, vingt jours apr\u00e8s lexplosion, elle d\u00e9clare \u00e8s qualit\u00e9s : La Sant\u00e9 nest aucunement menac\u00e9e par les cons\u00e9quences de cet accident. Les activit\u00e9s courantes peuvent donc \u00eatre poursuivies sans pr\u00e9cautions particuli\u00e8res. Mais passons, car nous la retrouverons plus loin. 150\u00e8me anniversaire de la mort du Saint Cur\u00e9 dArs-mise \u00e0 jour Chaque jour, une radio locale de la r\u00e9gion Auvergne-Rh\u00f4ne-Alpes vous propose un reportage pour plonger dans une r\u00e9alit\u00e9 locale. Vous ne pouvez pas pratiquer de sport collectif, ni de sport de contact la liste pr\u00e9cise est diffus\u00e9e par le minist\u00e8re des sports ; 700 masques \u00e0 disposition de la population tr\u00e8s bient\u00f4t Privacy Cookies: This site uses cookies. By continuing to use this website, you agree to their use. D\u00e9jeuner au restaurant du Domaine du Gouverneur \u00e0 Monthieux. Aussi dans la Cath\u00e9drale de Lisieux un os de son bras. Pour preuve, ce lieu dentrep\u00f4t de d\u00e9chets o\u00f9 lon trouve m\u00eame lancien v\u00e9hicule communal qui se d\u00e9compose depuis plusieurs ann\u00e9es l\u00e2chant des effluents toxiques qui polluent la nappe phr\u00e9atique situ\u00e9e \u00e0 proximit\u00e9, au pied dun site class\u00e9 aux b\u00e2timents de France par Alain Bari le conseiller d\u00e9partemental du canton. Bien entendu, la mairie de Ste Croix, ne portera pas plainte aupr\u00e8s de la gendarmerie, \u00e9tant donn\u00e9 que ces d\u00e9chets, entrepos\u00e9s sur un terrain public ferm\u00e9, lui appartiennent. Il ny a eu aucune r\u00e9action des Amis du Prieur\u00e9, association cens\u00e9e mettre en valeur ce lieu et soutenue par les instances communales, cantonales et d\u00e9partementales! Cest vrai, on a une municipalit\u00e9 qui g\u00e8re plut\u00f4t bien la commune.. Sauf ses propres d\u00e9chets! Cela pourrait changer si des personnes d\u00e9posent plaintes contre cette d\u00e9charge plus ou moins l\u00e9gale mais aussi sauvage \u00e0 lheure du retraitement des produits polluants! Parfois m\u00eame, il sy prend bien pour nous inviter au d\u00e9pouillement.. <img decoding=\"async\" src=\"http:\/\/www.sothebys.com\/content\/dam\/stb\/lots\/PF1\/PF1519\/282PF1519_8GRPH_1.jpg\" alt=\"ars monument de la rencontre\" align=\"center\">  Se r\u00e9unir pour construire et partager une chapelle Ce nest quau dernier moment quelle appara\u00eetra sous vos yeux : majestueuse \u00e9glise abbatiale \u00e0 ciel ouvert avec ses b\u00e2timents conventuels flanqu\u00e9s dune tour \u00e0 m\u00e2chicoulis restaur\u00e9s \u00e0 l\u00e9poque classique avec un escalier monumental, sa salle capitulaire du 12\u00e8me si\u00e8cle, sa grange d\u00eemi\u00e8re, son chai et \u00e9galement ses jardins \u00e0 la fran\u00e7aise. Le label Pays dArt et dHistoire est une juste r\u00e9compense pour Tr\u00e9voux et les communes alentours. Ancienne capitale de la Principaut\u00e9 de la Dombes, Tr\u00e9voux poss\u00e9dait sa propre monnaie, et m\u00eame son encyclop\u00e9die! 1 Au bout du plan deau, p\u00e9n\u00e9trer dans le sous-bois sur un sentier \u00e0 droite. Longer le ruisseau, rejoindre un chemin plus large et le suivre en face. Poursuivre tout droit en sous-bois jusqu\u00e0 une barri\u00e8re. La passer et continuer en prairie sur 100 m\u00e8tres. <img decoding=\"async\" src=\"http:\/\/1.im6.fr\/00DC007D08800770-c1-photo-logo-turbo-1280-sportives-p2.jpg\" alt=\"ars monument de la rencontre\" align=\"center\"> Chacun a parl\u00e9 de cette atroce guerre qui frappe encore les familles quand on souligne le nom des morts pour la France beaucoup plus touch\u00e9 en milieu rural en 1914 que pendant la seconde guerre mondiale. Une pens\u00e9e aussi aux soldats morts pour la France en mission. Ces trois comm\u00e9morations se sont d\u00e9roul\u00e9es \u00e0 fabas et tourtouse en suivant celle du chef lieu du canton le matin. Durant ces c\u00e9l\u00e9brations il faut rendre hommage aux porte drapeaux qui chaque fois se rendent disponibles pour honorer la m\u00e9moire de nos combattants pour une France libre. Il faut souligner que pour certains maires pr\u00e9sents c\u00e9tait la derni\u00e8re fois car ils ne se repr\u00e9senteront pas aux prochaines municipales. A Ste Croix c\u00e9tait aussi la derni\u00e8re c\u00e9l\u00e9bration du garde champ\u00eatre qui partira \u00e0 la retraite \u00e0 la fin de lann\u00e9e. Faut-il pr\u00e9senter une carte didentit\u00e9 pour acc\u00e9der \u00e0 cette attraction? Oui Non Je ne sais pas Des peines de 4 \u00e0 15 ans de prison ont \u00e9t\u00e9 prononc\u00e9es par le tribunal correctionnel de Lyon pour une affaire denl\u00e8vement et s\u00e9questration remontant \u00e0 ao\u00fbt 2016 \u00e0 Villeurbanne.<\/p>\n","protected":false},"excerpt":{"rendered":"<p>ars monument de la rencontre<\/p>\n","protected":false},"author":1,"featured_media":0,"comment_status":"closed","ping_status":"closed","sticky":false,"template":"","format":"standard","meta":{"footnotes":""},"categories":[1],"tags":[],"_links":{"self":[{"href":"https:\/\/zakarybelamy.com\/img\/wp-json\/wp\/v2\/posts\/11973"}],"collection":[{"href":"https:\/\/zakarybelamy.com\/img\/wp-json\/wp\/v2\/posts"}],"about":[{"href":"https:\/\/zakarybelamy.com\/img\/wp-json\/wp\/v2\/types\/post"}],"author":[{"embeddable":true,"href":"https:\/\/zakarybelamy.com\/img\/wp-json\/wp\/v2\/users\/1"}],"replies":[{"embeddable":true,"href":"https:\/\/zakarybelamy.com\/img\/wp-json\/wp\/v2\/comments?post=11973"}],"version-history":[{"count":1,"href":"https:\/\/zakarybelamy.com\/img\/wp-json\/wp\/v2\/posts\/11973\/revisions"}],"predecessor-version":[{"id":11974,"href":"https:\/\/zakarybelamy.com\/img\/wp-json\/wp\/v2\/posts\/11973\/revisions\/11974"}],"wp:attachment":[{"href":"https:\/\/zakarybelamy.com\/img\/wp-json\/wp\/v2\/media?parent=11973"}],"wp:term":[{"taxonomy":"category","embeddable":true,"href":"https:\/\/zakarybelamy.com\/img\/wp-json\/wp\/v2\/categories?post=11973"},{"taxonomy":"post_tag","embeddable":true,"href":"https:\/\/zakarybelamy.com\/img\/wp-json\/wp\/v2\/tags?post=11973"}],"curies":[{"name":"wp","href":"https:\/\/api.w.org\/{rel}","templated":true}]}}