{"id":1231,"date":"2020-09-21T17:21:15","date_gmt":"2020-09-21T17:21:15","guid":{"rendered":"http:\/\/zakarybelamy.com\/img\/?p=1231"},"modified":"2020-09-19T18:59:49","modified_gmt":"2020-09-19T18:59:49","slug":"association-photographies-rencontres","status":"publish","type":"post","link":"https:\/\/zakarybelamy.com\/img\/2020\/09\/21\/association-photographies-rencontres\/","title":{"rendered":"Association Photographies Rencontres"},"content":{"rendered":"<p>De\u0301sert boise\u0301, les choix daujourdhui dessineront le paysage de demain. Open-Eye magazine VP Vice-Pr\u00e9sident du magazine Open-Eye Les Rencontres photographiques du 10 e sont une biennale cr\u00e9\u00e9e en 2005 par lassociation Fetart, organisatrice du festival Circulations, consacr\u00e9 \u00e0 la jeune photographie europ\u00e9enne.  Dans un communiqu\u00e9 dat\u00e9 du mercredi 27 mai 2020, la Soci\u00e9t\u00e9 des r\u00e9alisateurs de films SRF annonce la nomination de sa nouvelle d\u00e9l\u00e9gu\u00e9e g\u00e9n\u00e9rale, \u00e0 compter du 2 juin 2020. Rosalie Brun succ\u00e8de ainsi \u00e0 Julie Lethiphu, qui occupait ce poste depuis mai 2014 et qui devient la nouvelle directrice g\u00e9n\u00e9rale des Cahiers du Cin\u00e9ma. Prix du Livre : Objets de Secker Warburg ; mentions \u00e0 Syntax de Lustrum Press et Stieglitz de Callaway Editions En effet, \u00e0 loccasion des 60 ans de la mort dAlbert Camus, en partenariat avec la Succession Albert Camus, les Rencontres M\u00e9diterran\u00e9ennes Albert Camus avaient pr\u00e9vues de c\u00e9l\u00e9brer la vie et l\u0153uvre du Prix Nobel 1957 en organisant le festival CAMUS AVEC NOUS, initiative soutenue par la R\u00e9gion PACA et le D\u00e9partement de Vaucluse. Souvenange offre gratuitement aux parents qui le souhaitent un service infiniment pr\u00e9cieux : le souvenir photographique doux et tendre de leur b\u00e9b\u00e9 d\u00e9c\u00e9d\u00e9. Lassociation donne ainsi aux parents la possibilit\u00e9 de recevoir des photographies de qualit\u00e9 professionnelle de leur b\u00e9b\u00e9. En effet, ces deux appels \u00e0 projet se concr\u00e9tiseront par deux expositions qui se d\u00e9rouleront en parall\u00e8le dans les 300m2 de lespace Culturel appel\u00e9 le 3013 52 rue de la R\u00e9publique du 17 au 31 octobre 2020 le 1er novembre \u00e9tant le jour du d\u00e9crochage. Un lieu en friche, d\u00e9di\u00e9 \u00e0 la cr\u00e9ation, en plein c\u0153ur de Marseille, \u00e0 mi-chemin entre le vieux port et les docks de la Joliette Http:www.dailymotion.comvideoxqweg6_jean-yves-le-poulain_shortfilms Dans Les vid\u00e9os A. Davanne, Exposition universelle de Vienne. Section fran\u00e7aise. Rapport sur la photographie, Paris, Imprimerie nationale, 1875, p 6. <img decoding=\"async\" src=\"http:\/\/www.modeouverture.com\/medias\/images\/capture-d-e-cran-2018-03-05-a-18.04.12.png\" alt=\"association photographies rencontres\" align=\"left\"> Das Familienfotoalbum erteilt keine Lektionen, schaut nicht von oben herab, urteilt nicht. Die Darsteller stehen mit beiden F\u00fc\u00dfen in ihrer Gegenwart, ohne R\u00fccksicht auf die n\u00e4chste Seite und ihre Zukunft. Das Album ist da, steht auf einem Regal, liegt ganz unten in einem Karton.  dune sensibilisation du grand public et des autorit\u00e9s comp\u00e9tentes pour Afin de rendre ces moments plus conviviaux, une buvette avec petite restauration sera propos\u00e9e sur place.  transforment leurs territoires et, par contagion, leur pays, leur continent Cette section est vide, insuffisamment d\u00e9taill\u00e9e ou incompl\u00e8te. Est la bienvenue! Pendant la Seconde Guerre mondiale, nayant pas lautorisation de photographier dans les espaces publics, le photographe tch\u00e8que Josef Sudek commence \u00e0 r\u00e9aliser des clich\u00e9s depuis la fen\u00eatre de son atelier. La vitre lui appara\u00eet autant comme une ouverture vers lext\u00e9rieur que comme une fronti\u00e8re infranchissable. Amateur de peinture, Josef Sudek nignore pas que la fen\u00eatre Lassociation Ecologie au Quotidien est en p\u00e9riode de transition : elle a besoin quun plus grand nombre de personnes simpliquent activement En partenariat avec la revue artpress et l Universit\u00e9 Paris Panth\u00e9on-Sorbonne Depuis 2004, Le festival photographique Pluie dImages, avec son m\u00e9lange de photographes professionnels et photographes amateurs, fait partie des rendez-vous qui rythment la vie de Brest et de sa m\u00e9tropole. <img decoding=\"async\" src=\"http:\/\/www.bestarchidesign.com\/wp-content\/uploads\/2018\/07\/arles-photo-luma-03.jpg\" alt=\"association photographies rencontres\" align=\"right\"> 2012 : Exposition mobile sur des bus diffus\u00e9e par lassociation RegardAilleurs <img decoding=\"async\" src=\"http:\/\/www.heros-limite.com\/v3\/wp-content\/uploads\/2015\/04\/Fly_LIB_2.jpg\" alt=\"association photographies rencontres\" align=\"left\"> Mercredi 9 octobre dernier, l\u00e9quipe de Studio97 accompagn\u00e9e dune dizaine de jeunes volontaires ont r\u00e9alis\u00e9 leur premier plateau TV musical au Studio du Ptit Bonheur \u00e0 la Villeneuve. Quatre jeunes artistes du quartier se sont succ\u00e9d\u00e9s, interview\u00e9s par le rappeur Degra qui animait l\u00e9mission. Ils ont parl\u00e9 de leurs parcours, leurs idoles, leurs familles et.<\/p>\n","protected":false},"excerpt":{"rendered":"<p>association photographies rencontres<\/p>\n","protected":false},"author":1,"featured_media":0,"comment_status":"closed","ping_status":"closed","sticky":false,"template":"","format":"standard","meta":{"footnotes":""},"categories":[1],"tags":[],"_links":{"self":[{"href":"https:\/\/zakarybelamy.com\/img\/wp-json\/wp\/v2\/posts\/1231"}],"collection":[{"href":"https:\/\/zakarybelamy.com\/img\/wp-json\/wp\/v2\/posts"}],"about":[{"href":"https:\/\/zakarybelamy.com\/img\/wp-json\/wp\/v2\/types\/post"}],"author":[{"embeddable":true,"href":"https:\/\/zakarybelamy.com\/img\/wp-json\/wp\/v2\/users\/1"}],"replies":[{"embeddable":true,"href":"https:\/\/zakarybelamy.com\/img\/wp-json\/wp\/v2\/comments?post=1231"}],"version-history":[{"count":1,"href":"https:\/\/zakarybelamy.com\/img\/wp-json\/wp\/v2\/posts\/1231\/revisions"}],"predecessor-version":[{"id":1232,"href":"https:\/\/zakarybelamy.com\/img\/wp-json\/wp\/v2\/posts\/1231\/revisions\/1232"}],"wp:attachment":[{"href":"https:\/\/zakarybelamy.com\/img\/wp-json\/wp\/v2\/media?parent=1231"}],"wp:term":[{"taxonomy":"category","embeddable":true,"href":"https:\/\/zakarybelamy.com\/img\/wp-json\/wp\/v2\/categories?post=1231"},{"taxonomy":"post_tag","embeddable":true,"href":"https:\/\/zakarybelamy.com\/img\/wp-json\/wp\/v2\/tags?post=1231"}],"curies":[{"name":"wp","href":"https:\/\/api.w.org\/{rel}","templated":true}]}}