{"id":12478,"date":"2020-10-19T16:03:35","date_gmt":"2020-10-19T16:03:35","guid":{"rendered":"http:\/\/zakarybelamy.com\/img\/?p=12478"},"modified":"2020-10-07T00:12:34","modified_gmt":"2020-10-07T00:12:34","slug":"rencontres-europeennes-des-artistes","status":"publish","type":"post","link":"https:\/\/zakarybelamy.com\/img\/2020\/10\/19\/rencontres-europeennes-des-artistes\/","title":{"rendered":"Rencontres Europ\u00e9ennes Des Artistes"},"content":{"rendered":"<p>Lautre point, cest quon doit inventer une saison hors norme. Je le disais, je ne sais pas comment est la saison qui est \u00e0 venir, mais on doit collectivement linventer, la penser et peut-\u00eatre la penser, surtout si on a des contraintes en termes de public, en renouvelant les publics, cest-\u00e0-dire quon doit essayer, sil y a moins de monde, peut-\u00eatre quil faut essayer daller chercher des gens qui ne viennent jamais et leur proposer justement pour les salles qui auront ces contraintes. Et \u00e7a, vous savez infiniment mieux que moi le faire. On doit vous donner cette libert\u00e9, cette capacit\u00e9 \u00e0 le faire vous, collectivement. Mais je pense quon doit en faire une opportunit\u00e9 peut-\u00eatre de fracturer les choses et faire de la limitation des jauges, au fond, une capacit\u00e9 \u00e0 inventer de nouveaux rapports, \u00e7a a \u00e9t\u00e9 tr\u00e8s bien dit tout \u00e0 lheure dans l\u00e9change, pour aller chercher dautres gens. Au fond, et cest l\u00e0 o\u00f9 il y a une continuit\u00e9 entre la crise dans son urgence, l\u00e9tat de r\u00e9silience et la refondation, on voit bien quon doit utiliser le fait d\u00eatre artiste en France pour inventer et am\u00e9liorer encore ce quest cette capacit\u00e9 \u00e0 penser, \u00e0 faire vivre la culture dans notre nation. Cest \u00e0 la fois un d\u00e9fi qui nous est pos\u00e9, on assume avec les ministres de porter ce cadre, mais je dois dire que \u00e7a va \u00eatre une opportunit\u00e9, du coup, de penser, de porter des initiatives nouvelles. Et donc ce que je voudrais quon arrive \u00e0 faire, durant cet \u00e9t\u00e9, et pour moi, le point de rencontre doit \u00eatre fin ao\u00fbt, d\u00e9but septembre, cest de penser ce temps de refondation. Oui cest une bonne nouvelle pour nous si le label se fait visible! \u00c7a veut dire beaucoup pour nous, et pas seulement parce que cest le mod\u00e8le de fonctionnement du projet, mais aussi car cela permet de donner une vision kal\u00e9idoscopique de la musique moderne en Europe. Surtout mis en place par les programmateurs de seize tr\u00e8s diff\u00e9rents festivals. Rencontres artistes chercheurs Agence Nationale de la Recherche Discussion le d by E ti enne Rob ial, artistic d ire cto r and jury president.. Paolacci, Claire, Les danseurs mythiques, Paris, Ellipses, 2015. Rencontre avec SHAPE, la boite de Pandore des artistes \u00e9mergents Par Publi\u00e9 le 09042019 \u00e0 00:29 Mis \u00e0 jour le 09042019 \u00e0 10:00 <img decoding=\"async\" src=\"http:\/\/europoesie.e.u.pic.centerblog.net\/35304d49.jpg\" alt=\"rencontres europ\u00e9ennes des artistes\" align=\"right\"> les 26 et 27 mai \u00e0 20h au ccn, en partenariat avec le th\u00e9\u00e2tre de Caen Du hip-hop au blues en passant par la pop urbaine, la programmation ou laccompagnement dartistes, on a tous et toutes des choses \u00e0 y apprendre. La R\u00e9serve Naturelle R\u00e9gionale des Landes de Monteneuf IRCAM, the Institute for Research and Coordination in AcousticsMusic is one of the worlds largest public research centers dedicated to musical creation and scientific research. A unique venue where artistic vision converges with scientific and technological innovation, the institute directed by Frank Madlener brings together over 160 collaborators. IRCAM hosts the UMR9912 STMS Ircam-CNRS-Sorbonne University science and technologies research lab. Les compagnies Amplitude Jazz pour la danse moderne et Du Temps Lev\u00e9 pour la danse acad\u00e9mique avec le chor\u00e9graphe Dominique Mikolajczyk nous proposent une cr\u00e9ation pour 12 danseurs. Deux heures et demie de route \u00e0 travers la campagne lettonne sont n\u00e9cessaires pour parcourir les 170 kilom\u00e8tres s\u00e9parant Riga du village de Nigrande en Lettonie. Le paysage, tr\u00e8s vert, alterne lacs et for\u00eats de bouleaux, petits vallons champ\u00eatres o\u00f9 lon distingue des chevreuils en bordure de for\u00eats, et des nids de cigogne \u00e0 la cime des poteaux \u00e9lectriques. Dans ce petit pays balte, la nature est omnipr\u00e9sente, la for\u00eat recouvre 40 du territoire et 12 000 cours deau ainsi que 3 000 lacs \u00e9maillent le paysage. Quelques hameaux aux maisons aust\u00e8res de briques grises mais aux jardins fleuris o\u00f9 les nains c\u00f4toient les cigognes en c\u00e9ramique et les \u00e9pouvantails, sont dispers\u00e9s \u00e7\u00e0 et l\u00e0. En approchant de Nigrande, le paysage se transforme, fa\u00e7onn\u00e9 par lagriculture, et les routes deviennent plus cahoteuses. Aux abords dun entrep\u00f4t, une ancienne ferme abandonn\u00e9e, Krists Eberlin, jeune homme aux grandes lunettes et boucles brunes, nous ouvre les portes de sa fabrique de production de miel. Except\u00e9s les samedi 11 et dimanche 12 avril, de 10h \u00e0 19h Les enseignements obligatoires dispens\u00e9s \u00e0 l\u00e9cole, enseignements de culture humaniste, mais \u00e9galement enseignements scientifiques et technologiques, sont les principaux vecteurs de l\u00e9ducation artistique et culturelle. <img decoding=\"async\" src=\"http:\/\/www.fedec.eu\/picture\/2714\/pivot_960x480\/fedec.jpg\" alt=\"rencontres europ\u00e9ennes des artistes\" align=\"center\"> <img decoding=\"async\" src=\"http:\/\/www.saint-die.eu\/images\/09_ACTU\/2018\/09-Septembre\/slide-JEP.jpg\" alt=\"rencontres europ\u00e9ennes des artistes\" align=\"right\"> Cest gr\u00e2ce \u00e0 eux que c et t e rencontre artistique c o nna\u00eet un tel succ\u00e8s. Sexprimant lors de lAng\u00e9lus place Saint-Pierre dimanche 28 f\u00e9vrier, le pape Fran\u00e7ois a exhort\u00e9 les En plus des choix du jury, la r\u00e9daction de LUsine Digitale recommande Ayahuasca: Kosmik Journey, un voyage mystique et psych\u00e9d\u00e9lique guid\u00e9 par la voix dun chaman dans la jungle, Dreams of the Jaguars Daughter, le r\u00e9cit surr\u00e9aliste des causes de l\u00e9migration dune jeune fille dAm\u00e9rique du Sud, et Gloomy Eyes: First Light, un conte fantastique mettant en sc\u00e8ne de petits personnages anim\u00e9s.   Par CARINE GIGOUT, publi\u00e9 le lundi 1 avril 2019 17:03-Mis \u00e0 jour le lundi 1 avril 2019 17:03 En septembre, rendez-vous aux salons Bijorhca, Maison et Objet, Omnivore, Salon Food Wine Gourmet Selection, Jeunes dAvenir, Salon Faire Construire sa Maison, Salon des S\u00e9niors, Version Scrap.. Berlin, Amsterdam, Paris et Hambourg : voici les \u00e9tapes de cette aventure in\u00e9dite pour les deux artistes. Ils devraient amarrer en juin 2018 \u00e0 Hambourg pour le festival consacr\u00e9 au 8\u00e8me art. La circulation des artistes \u00e9trangers en France et en Europe : du parcours du combattant aux chemins de la coop\u00e9ration  Martine Spangaro nous a quitt\u00e9s le 31 mai. Elle \u00e9tait, dans le Le 2 juin par Je crois que cest Catherine qui disait que ce mot \u00e9tait bizarre ou Norah, parce que \u00e7a ne correspond pas \u00e0 ce que vivent celles et ceux qui sont dans la culture, quils soient artistes, techniciens. Au fond, cest de dire on a quelques heures de travail qui sont reconnues parce que cest vrai que les heures quon compte pour lintermittence ne repr\u00e9sentent pas tout ce quun artiste ou un technicien fait en dehors de ce temps o\u00f9 il est devant un public. Mais ce qui est clair cest que beaucoup ne pourront pas faire ces heures. Il y a eu cette neutralisation que Franck Riester a \u00e9voqu\u00e9 qui \u00e9tait importante. Moi je veux quon sengage \u00e0 ce que les artistes et techniciens intermittents soient prolong\u00e9s dune ann\u00e9e au-del\u00e0 des 6 mois o\u00f9 leur activit\u00e9 aura \u00e9t\u00e9 impossible ou tr\u00e8s d\u00e9grad\u00e9e, cest-\u00e0-dire jusqu\u00e0 fin ao\u00fbt 2021. Cest tr\u00e8s compliqu\u00e9, cest tr\u00e8s exorbitant du droit commun. Donc il faut que le ministre de la culture et la ministre du travail y bossent ensemble. Ma conviction en faisant \u00e7a cest que je vais donner, cest cette fameuse ann\u00e9e blanche, je vais donner suffisamment confiance pour que quasiment on nen ait pas besoin. Je vais vous dire pourquoi, cest parce que je pense quon va donner par ailleurs avec beaucoup de projets les heures qui permettront de cr\u00e9er et \u00e0 tous ces artistes et ces techniciens de ne pas activer ces dispositifs. Mais ce que je sais cest quil y a une pr\u00e9carit\u00e9 immense sinon et une forme deffondrement, comme cela a \u00e9t\u00e9 dit, psychologique, en tout cas de perte de confiance qui fait que sinon on ny arrivera pas. Et donc sur lintermittence avan\u00e7ons dans ce dispositif qui est en effet unique et OK, on y va, on sengage.<\/p>\n","protected":false},"excerpt":{"rendered":"<p>rencontres europ\u00e9ennes des artistes<\/p>\n","protected":false},"author":1,"featured_media":0,"comment_status":"closed","ping_status":"closed","sticky":false,"template":"","format":"standard","meta":{"footnotes":""},"categories":[1],"tags":[],"_links":{"self":[{"href":"https:\/\/zakarybelamy.com\/img\/wp-json\/wp\/v2\/posts\/12478"}],"collection":[{"href":"https:\/\/zakarybelamy.com\/img\/wp-json\/wp\/v2\/posts"}],"about":[{"href":"https:\/\/zakarybelamy.com\/img\/wp-json\/wp\/v2\/types\/post"}],"author":[{"embeddable":true,"href":"https:\/\/zakarybelamy.com\/img\/wp-json\/wp\/v2\/users\/1"}],"replies":[{"embeddable":true,"href":"https:\/\/zakarybelamy.com\/img\/wp-json\/wp\/v2\/comments?post=12478"}],"version-history":[{"count":1,"href":"https:\/\/zakarybelamy.com\/img\/wp-json\/wp\/v2\/posts\/12478\/revisions"}],"predecessor-version":[{"id":12479,"href":"https:\/\/zakarybelamy.com\/img\/wp-json\/wp\/v2\/posts\/12478\/revisions\/12479"}],"wp:attachment":[{"href":"https:\/\/zakarybelamy.com\/img\/wp-json\/wp\/v2\/media?parent=12478"}],"wp:term":[{"taxonomy":"category","embeddable":true,"href":"https:\/\/zakarybelamy.com\/img\/wp-json\/wp\/v2\/categories?post=12478"},{"taxonomy":"post_tag","embeddable":true,"href":"https:\/\/zakarybelamy.com\/img\/wp-json\/wp\/v2\/tags?post=12478"}],"curies":[{"name":"wp","href":"https:\/\/api.w.org\/{rel}","templated":true}]}}