{"id":12508,"date":"2020-10-19T04:02:44","date_gmt":"2020-10-19T04:02:44","guid":{"rendered":"http:\/\/zakarybelamy.com\/img\/?p=12508"},"modified":"2020-10-07T01:07:44","modified_gmt":"2020-10-07T01:07:44","slug":"rencontre-avec-amin-maalouf","status":"publish","type":"post","link":"https:\/\/zakarybelamy.com\/img\/2020\/10\/19\/rencontre-avec-amin-maalouf\/","title":{"rendered":"Rencontre Avec Amin Maalouf"},"content":{"rendered":"<p>36De toute \u00e9vidence, le th\u00e8me de la guerre fait fonction de toile de fond qui permet \u00e0 lauteur de focaliser son \u00e9criture sur la question identitaire et ses retomb\u00e9es \u00e0 travers les g\u00e9n\u00e9rations. Comme tous les personnages maaloufiens, le h\u00e9ros, Ossyane, est partag\u00e9 entre lexil, lerrance et le retour au pays dorigine, Beyrouth. La crise identitaire se trouve au c\u0153ur de lintrigue et entra\u00eene avec elle dautres th\u00e8mes, qui en d\u00e9rivent : l\u00e9tranget\u00e9, la minorit\u00e9, le voyage, limmigration, lappartenance, lint\u00e9gration, la coexistence. X Close modal registration cancellation Cancel registration Sassine Antoine, Entretien avec Amin Maalouf : lhomme a ses racines dans le ciel, \u00c9tudes francophones, 1999, vol. 14, n 2, p 25-36. <img decoding=\"async\" src=\"http:\/\/myscena.org\/wp-content\/uploads\/2016\/12\/Kaija-Saariaho-with-with-Peter-Sellars-left-and-Amin-Maalouf-right-in-Salzburg-1999-Courtesy-Kaija-Saariaho.jpeg\" alt=\"rencontre avec amin maalouf\" align=\"center\">  Vous \u00eates \u00e9lu au fauteuil de L\u00e9vi-Strauss dont vous allez prononcer l\u00e9loge.. Cest un auteur pour lequel jai une immense estime. Je lavais lu durant mes \u00e9tudes de sociologie. Et depuis quelques mois, je me suis replong\u00e9 dans son oeuvre avec bonheur. Je me sens tr\u00e8s proche de sa vision du monde. Je partage avec lui une id\u00e9e fondamentale du point de vue \u00e9thique : la reconnaissance de la dignit\u00e9 \u00e9gale de toutes les civilisations humaines. Certaines ont plus de rayonnement que dautres. Mais Levi-Strauss soutenait quil fallait avoir le m\u00eame respect pour toutes. Il se mettait volontiers \u00e0 la place des autres. Lui qui \u00e9tait un pur produit de la civilisation occidentale, qui connaissait comme personne sa musique et sa litt\u00e9rature, a choisi daller vers des peuples qui ont souffert de lexpansion europ\u00e9enne : pour voir le monde de leur point de vue. Moi qui suis entre deux cultures, jai toujours dit aux uns et aux autres quil fallaitt se mettre \u00e0 la place de ceux den face. Jai d\u00e9crit Les croisades vues par les Arabes ou la chute de Grenade par les yeux de L\u00e9on lAfricain., sur consult\u00e9 le 24 juin 2013. Le 03022012, lors de son discours, fini comme ceci : Cher Amin Maalouf, au nom de la R\u00e9publique fran\u00e7aise, nous vous faisons Commandeur de lOrdre des Arts et des Lettres.. <img decoding=\"async\" src=\"http:\/\/idata.over-blog.com\/2\/01\/70\/59\/Livres\/maalouf.2.jpg\" alt=\"rencontre avec amin maalouf\" align=\"center\"> Tewfik Hakem sentretient avec l\u00e9crivain Amin Maalouf, \u00e0 loccasion de la parution de son essai, aux \u00e9ditions Grasset. Il revient pour nous sur ses jeunes ann\u00e9es estudiantines marqu\u00e9es par la fameuse date du 9 juin 1967, jour o\u00f9 le Pr\u00e9sident \u00e9gyptien Nasser annon\u00e7ait sa d\u00e9mission \u00e0 lissue de la Guerre des Six Jours avec Isra\u00ebl. <img decoding=\"async\" src=\"http:\/\/www.47degresnord.com\/wp-content\/uploads\/2016\/03\/Couve-Kauffmann-HD.jpg\" alt=\"rencontre avec amin maalouf\" align=\"center\"> Dubar Claude, La socialisation : Construction des identit\u00e9s sociales et professionnelles, Paris, Armand Colin, 1991.  Pour acc\u00e9der aux \u00e9ditions num\u00e9riques et au magazine en version PDF, exclusivement r\u00e9serv\u00e9s aux abonn\u00e9s, activez d\u00e8s maintenant votre compte Mais cette vigueur de caract\u00e8re, elle explose surtout d\u00e8s que vous traitez des sujets qui vous tiennent \u00e0 c\u0153ur. Vos id\u00e9es, vous les d\u00e9fendez avec passion, en choisissant chaque mot comme des fruits m\u00fbrs sur un \u00e9tal. Vous mettez la m\u00eame ardeur \u00e0 d\u00e9noncer, dans un essai brillant, Les identit\u00e9s meurtri\u00e8res, \u00e0 fustiger les retards, les incoh\u00e9rences, les fanatismes de lOrient ou \u00e0 porter votre regard critique sur lOccident. Car ce serait un tort de voir en vous un admirateur inconditionnel des valeurs occidentales. Il est difficile de ne pas sentir votre adh\u00e9sion \u00e0 ces mots que votre grand-p\u00e8re place dans la bouche dun personnage de lune de ses pi\u00e8ces de th\u00e9\u00e2tre : Ne dis-t-on pas quil faut juger un arbre \u00e0 ses fruits? En d\u00e9finitive, Omar Khayy\u00e2m ne parvient-il pas, en r\u00e9pandant sa pens\u00e9e, \u00e0 construire un monde d\u00e9barrass\u00e9 de la violence? Dailleurs, y aurait-il la moindre violence en ce monde si nous raisonnions tous comme le savant persan? En 2007-2008, il pr\u00e9side, pour la Commission europ\u00e9enne, un groupe de r\u00e9flexion sur le multilinguisme, qui a produit un rapport intitul\u00e9 Un d\u00e9fi salutaire : comment la multiplicit\u00e9 des langues pourrait consolider lEurope. Absolu, mais cest un mat\u00e9riau important, parce que cest la m\u00e9moire, Atlantide-Amin Maalouf-le lieu unique WIK Nantes Nantes  Le fait d\u00eatre chr\u00e9tien et davoir pour langue maternelle larabe, qui est la langue sacr\u00e9e de lislam, est lun des paradoxes fondamentaux qui ont forg\u00e9 mon identit\u00e9. Parler cette langue tisse pour moi des liens avec tous ceux qui lutilisent chaque jour dans leurs pri\u00e8res et qui, dans leur tr\u00e8s grande majorit\u00e9, la connaissent moins bien que moi; lorsquon se trouve en Asie centrale, et quon rencontre un vieil \u00e9rudit au seuil dune medersa timuride, il suffit de sadresser \u00e0 lui en arabe pour quil se sente en terre amie, et pour quil parle avec le c\u0153ur comme il ne se hasarderait jamais \u00e0 le faire en russe ou en anglais. Amin Maalouf, invit\u00e9 des rencontres litt\u00e9raires de la Fondation Alliance fran\u00e7aise 17 mai 2016 Moi, Hassan, fils de Mohamed le peseur, moi Jean-L\u00e9on de M\u00e9dicis, circoncis de la main dun barbier et baptis\u00e9 de la main dun pape, on me nomme aujourdhui lAfricain, mais dAfrique ne suis, ni dEurope, ni dArabie. On mappelle aussi le Grenadin, le Fassi, le Zayyati, mais je ne viens daucun pays, daucune cit\u00e9, daucune tribu. Je suis fils de la route, ma patrie est caravane, et ma vie la plus inattendue des travers\u00e9es. Comment avez-vous v\u00e9cu votre entr\u00e9e \u00e0 lAcad\u00e9mie fran\u00e7aise?<\/p>\n","protected":false},"excerpt":{"rendered":"<p>rencontre avec amin maalouf<\/p>\n","protected":false},"author":1,"featured_media":0,"comment_status":"closed","ping_status":"closed","sticky":false,"template":"","format":"standard","meta":{"footnotes":""},"categories":[1],"tags":[],"_links":{"self":[{"href":"https:\/\/zakarybelamy.com\/img\/wp-json\/wp\/v2\/posts\/12508"}],"collection":[{"href":"https:\/\/zakarybelamy.com\/img\/wp-json\/wp\/v2\/posts"}],"about":[{"href":"https:\/\/zakarybelamy.com\/img\/wp-json\/wp\/v2\/types\/post"}],"author":[{"embeddable":true,"href":"https:\/\/zakarybelamy.com\/img\/wp-json\/wp\/v2\/users\/1"}],"replies":[{"embeddable":true,"href":"https:\/\/zakarybelamy.com\/img\/wp-json\/wp\/v2\/comments?post=12508"}],"version-history":[{"count":1,"href":"https:\/\/zakarybelamy.com\/img\/wp-json\/wp\/v2\/posts\/12508\/revisions"}],"predecessor-version":[{"id":12509,"href":"https:\/\/zakarybelamy.com\/img\/wp-json\/wp\/v2\/posts\/12508\/revisions\/12509"}],"wp:attachment":[{"href":"https:\/\/zakarybelamy.com\/img\/wp-json\/wp\/v2\/media?parent=12508"}],"wp:term":[{"taxonomy":"category","embeddable":true,"href":"https:\/\/zakarybelamy.com\/img\/wp-json\/wp\/v2\/categories?post=12508"},{"taxonomy":"post_tag","embeddable":true,"href":"https:\/\/zakarybelamy.com\/img\/wp-json\/wp\/v2\/tags?post=12508"}],"curies":[{"name":"wp","href":"https:\/\/api.w.org\/{rel}","templated":true}]}}