{"id":12736,"date":"2020-10-19T22:40:24","date_gmt":"2020-10-19T22:40:24","guid":{"rendered":"http:\/\/zakarybelamy.com\/img\/?p=12736"},"modified":"2020-10-07T06:55:42","modified_gmt":"2020-10-07T06:55:42","slug":"rencontre-de-la-can-2013","status":"publish","type":"post","link":"https:\/\/zakarybelamy.com\/img\/2020\/10\/19\/rencontre-de-la-can-2013\/","title":{"rendered":"Rencontre De La Can 2013"},"content":{"rendered":"<p><img decoding=\"async\" src=\"http:\/\/www.facetofacedesign.com\/site\/wp-content\/uploads\/2013\/11\/2014_08_FaceToFace_By_SvenLaurent_404.jpg\" alt=\"rencontre de la can 2013\" align=\"center\"> Il y avait vraiment une ambiance de folie dans un stade rempli de Congolais. Jai v\u00e9cu une des plus belles rencontres de ma carri\u00e8re. Cest g\u00e9nial de partager de tels moments avec mes \u00e9quipiers dont Patou qui, pour son premier match officiel depuis son d\u00e9part dAnderlecht, a \u00e9t\u00e9 fantastique. \u00c0 pr\u00e9sent, il nous reste deux duels pour aller chercher la qualification, mais nous avons pris confiance, poursuit lAnderlechtois, qui a disput\u00e9 le premier match de CAN de sa carri\u00e8re. Sports: nouvelles, r\u00e9sultats RDS.ca Sports: nouvelles, r\u00e9sultats div classviews-field views-field-nothing span classfield-contentdiv classmedia-imagea href762636article2020-06-08sallaumines-le-meurtrier-presume-de-laura-16-ans-interpelle-et-mis-en-examen&#8211; scald47324481:ena_medium entity:type:node,bundle:package,id:762636,vid:762636-img data-copyrightVDNPQR classmedia-object img-responsive lazy data-srchttps:lvdneng.rosselcdn.netsitesdefaultfilesdpistyles_v2ena_16_9_medium20200608node_76263647324481public20200608B9723653617Z.1_20200608113714_0002BGQCG4B8ME.2-0.jpg?itokXYf4WjQk1591652754 data-originalhttps:lvdneng.rosselcdn.netsitesdefaultfilesdpistyles_v2ena_16_9_medium20200608node_76263647324481public20200608B9723653617Z.1_20200608113714_0002BGQCG4B8ME.2-0.jpg?itokXYf4WjQk1591652754 typeoffoaf:Image srchttps:lvdneng.rosselcdn.netsitesallthemesenabootstrapimagesplaceholder.png data-width417 data-height236 altLaura \u00e9tait domicili\u00e9e \u00e0 quelque 400 m\u00e8tres du lieu de son meurtre, lespace Moreels!- END scald47324481-adiv Pittsburgh https:rdsmedia.cookieless.casportshockeynhlteam180x1806.png Ce message saffichera sur lautre appareil. Pourquoi voyez-vous ce message?   CAN 2013Poule C: La Zambie, la CAN de la confirmation?  Lanc\u00e9 en septembre 2013, iGFM www.igfm.sn est un site dinformations g\u00e9n\u00e9rales appartenant au Groupe Futurs M\u00e9dias GFM. IGFM met en ligne ses propres vid\u00e9os, textes et photos et publie lessentiel des informations s\u00e9n\u00e9galaises en respectant les r\u00e8gles d\u00e9thique et de d\u00e9ontologie qui r\u00e9gissent la profession journalistique. Igfm est un site neutre, \u00e0 \u00e9quidistance des chapelles politiques et religieuses. Sur les 26 joueurs convoqu\u00e9s pour cette rencontre, 3, pour des raisons diverses nont pas r\u00e9pondu \u00e0 lappel. Il sagit de Moumouni Dagano, bless\u00e9 \u00e0 la cuisse, dAristide Banc\u00e9 pour un probl\u00e8me de carte de s\u00e9jour et de Narcisse Bambara qui a \u00e9t\u00e9 retenu par son club en accord avec le staff technique des Etalons. Deux ont sign\u00e9 leur retour Abdoulaye Ciss\u00e9 et Salif Dianda et 3 sont des nouveaux dans l\u00e9quipe A des Etalons Aboubacar Ouattara, Henry Traor\u00e9 et Ahmed Tour\u00e9. Dans le cadre de cette \u00e9dition, Didier Drogba et ses co\u00e9quipiers disputeront leur premier match contre le Togo, le 22 janvier 2013, au Royal Bafokeng Stadium de Rustenberg, \u00e0 17H, heure locale. IGFM-Dakar Fix\u00e9e en novembre, la reprise des diff\u00e9rents championnats du S\u00e9n\u00e9gal pourrait avoir lieu un peu <img decoding=\"async\" src=\"http:\/\/www.francefestivals.com\/thumb\/cache\/c4476aa1a5d9dc95733268b1a5b485fc\/157620\/image_img_vignette.noirlac.jpg\" alt=\"rencontre de la can 2013\" align=\"center\"> La F\u00e9d\u00e9ration libyenne de football sactive actuellement pour que la rencontre face \u00e0 lAlg\u00e9rie se joue sur le sol libyen. Je pense que cest tout \u00e0 fait l\u00e9gitime que nous jouons ce match devant notre public. Nous voulons disputer cette rencontre sur le sol libyen, a d\u00e9clar\u00e9 Erbish Abdelhafid \u00e0 la Radio nationale. Premi\u00e8re p\u00e9riode, la FCF conteste la gestion des temps additionnels par larbitre marocain du match, Bouchaib Al Ahrach. Sorry, you have been blocked You are unable to access africatopsports.com <img decoding=\"async\" src=\"http:\/\/www.tunisienumerique.com\/wp-content\/uploads\/BN6714can2013_3001.jpg\" alt=\"rencontre de la can 2013\" align=\"right\"> Modification du calendrier 2020 du dipl\u00f4me national du brevet, des baccalaur\u00e9ats, des certificats daptitude professionnelle, des brevets d\u00e9tudes professionnelles et du brevet de technicien Finale de la CAN 2013 au Mr Pickwick image: L. Ngimbi cela veut dire que le Burkina devait etre forfait a la CAN pass\u00e9e:l affaire Zengu\u00e9 n est pas encore termin\u00e9e.neanmoins esperons que les gars mouilleront le maillot pour nous prouver que ce qu ils font en Europe ils peuvent le faire en Afrique!Vive les ETALONS Covid-19 : Industrie, une reprise dans lincertitude LAfrique du Sud, le pays h\u00f4te, sest aussi qualifi\u00e9e pour les quarts de finale et ce, malgr\u00e9 un nul 2-2 face au Maroc \u00e0 Durban. Du coup, les Bafana Bafana terminent en t\u00eate du groupe A \u00e0 la diff\u00e9rence de buts g\u00e9n\u00e9rale. Le contenu auquel vous tentez dacc\u00e9der nexiste pas ou nest plus disponible. Les Black Stars, grands favoris de ce match par leur exp\u00e9rience, sont \u00e9limin\u00e9s aux tirs au but par les \u00c9talons, qui acc\u00e8dent pour la premi\u00e8re fois \u00e0 une finale continentale. Choisir le type dabus Facultatif Compl\u00e9ter votre signalement Facultatif span classhidden-xs gr-article-prev-next-titleLes travaux \u00e9taient presque finis : le permis de construire du McDo de Saint-Pol-sur-Ternoise annul\u00e9span \u0646\u062a\u0627\u0626\u062c \u0648 \u062a\u0648\u0627\u0631\u064a\u062e \u0627\u0644\u0645\u0648\u0627\u062c\u0647\u0627\u062a \u0628\u064a\u0646 \u0645\u0646\u062a\u062e\u0628 \u0627\u0644\u062c\u0632\u0627\u0626\u0631 \u0648 \u0645\u0646\u062a\u062e\u0628 \u063a\u064a\u0646\u064a\u0627.<\/p>\n","protected":false},"excerpt":{"rendered":"<p>rencontre de la can 2013<\/p>\n","protected":false},"author":1,"featured_media":0,"comment_status":"closed","ping_status":"closed","sticky":false,"template":"","format":"standard","meta":{"footnotes":""},"categories":[1],"tags":[],"_links":{"self":[{"href":"https:\/\/zakarybelamy.com\/img\/wp-json\/wp\/v2\/posts\/12736"}],"collection":[{"href":"https:\/\/zakarybelamy.com\/img\/wp-json\/wp\/v2\/posts"}],"about":[{"href":"https:\/\/zakarybelamy.com\/img\/wp-json\/wp\/v2\/types\/post"}],"author":[{"embeddable":true,"href":"https:\/\/zakarybelamy.com\/img\/wp-json\/wp\/v2\/users\/1"}],"replies":[{"embeddable":true,"href":"https:\/\/zakarybelamy.com\/img\/wp-json\/wp\/v2\/comments?post=12736"}],"version-history":[{"count":1,"href":"https:\/\/zakarybelamy.com\/img\/wp-json\/wp\/v2\/posts\/12736\/revisions"}],"predecessor-version":[{"id":12737,"href":"https:\/\/zakarybelamy.com\/img\/wp-json\/wp\/v2\/posts\/12736\/revisions\/12737"}],"wp:attachment":[{"href":"https:\/\/zakarybelamy.com\/img\/wp-json\/wp\/v2\/media?parent=12736"}],"wp:term":[{"taxonomy":"category","embeddable":true,"href":"https:\/\/zakarybelamy.com\/img\/wp-json\/wp\/v2\/categories?post=12736"},{"taxonomy":"post_tag","embeddable":true,"href":"https:\/\/zakarybelamy.com\/img\/wp-json\/wp\/v2\/tags?post=12736"}],"curies":[{"name":"wp","href":"https:\/\/api.w.org\/{rel}","templated":true}]}}