{"id":13044,"date":"2020-10-20T10:50:13","date_gmt":"2020-10-20T10:50:13","guid":{"rendered":"http:\/\/zakarybelamy.com\/img\/?p=13044"},"modified":"2020-10-08T15:27:33","modified_gmt":"2020-10-08T15:27:33","slug":"les-rencontres-fondatrices-a-cuba","status":"publish","type":"post","link":"https:\/\/zakarybelamy.com\/img\/2020\/10\/20\/les-rencontres-fondatrices-a-cuba\/","title":{"rendered":"Les Rencontres Fondatrices \u00c0 Cuba"},"content":{"rendered":"<p>\u00c0 d\u00e9couvrir. Les activit\u00e9s communautaires reprennent petit \u00e0 petit, et restent soumises \u00e0 des restrictions sanitaires. Nh\u00e9sitez pas \u00e0 nous signaler les \u00e9v\u00e9nements militants, culturels, festifs et autres, pour. Outre les co\u00fbts financiers multipli\u00e9s, les Cubains dorigine avancent aussi les dangers de faire voyager leurs proches dans les pays propos\u00e9s. Selon Yuri Pedraza Gomez, le Mexique, Trinit\u00e9-et-Tobago ou encore le Panama sont des pays dangereux pour des Cubains, car depuis longtemps beaucoup de Cubains qui essayaient dimmigrer aux \u00c9tats-Unis en passant de fronti\u00e8re \u00e0 fronti\u00e8re se d\u00e9pla\u00e7aient avec de gros montants dargent sur eux. Et les gens le savent, alors ils ne vont pas faire la diff\u00e9rence avec un Cubain qui est juste l\u00e0 pour aller \u00e0 lambassade canadienne. Ils vont essayer de le voler, et il va \u00eatre en danger. On ne veut pas mettre nos familles en danger pour aller chercher un visa. Alain Leclerc d\u00e9plore le peu douverture des m\u00e9decins dici au traitement cubain concernant la stabilisation de la r\u00e9tinite pigmentaire-2\u00e8me moiti\u00e9 du 19\u00e8me si\u00e8cle : Deux guerres dind\u00e9pendance se succ\u00e8dent : Temps de lecture estim\u00e9 : 2 minutes Le ministre de la D\u00e9fense nationale dirigera la semaine prochaine une table ronde qui r\u00e9unira des dirigeants du Caucus des employ\u00e9s f\u00e9d\u00e9raux noirs et des groupes consulta.. Suggestions: Vous pouvez prendre part \u00e0 une en compagnie dun guide local qui inclut \u00e9galement un repas dans un restaurant ou caf\u00e9. Le tout pour 56,65Ca par personne. Sinon, il y a \u00e9galement le qui revient \u00e0 40Ca par personne pour 2 personnes et plus. Si vous \u00eates seuls, cest un peu plus cher. Pour vivre lexp\u00e9rience de d\u00e9couvrir la Havane dans une vieille voiture am\u00e9ricaine, vous pouvez r\u00e9server un des ann\u00e9es 1950 pour 74,18Ca par personne incluant un cocktail. <img decoding=\"async\" src=\"http:\/\/www.ufm-idf.fr\/wp-content\/uploads\/2015\/10\/EB0915_Cuba-1.jpg\" alt=\"les rencontres fondatrices \u00e0 cuba\" align=\"left\"> Logement pendant 1 nuit, chez lhabitant, petit-d\u00e9jeuner compris. Bonjour et bienvenue sur D\u00e9couverte Monde! Je suis Rachel, globe-trotteuse passionn\u00e9e de voyage et de d\u00e9couverte et blogueuse professionnelle. Ce blog voyage se veut le reflet de ma passion \u00e0 travers un lieu d\u00e9change et de partage. Alors suivez-moi, je vous pr\u00eate mes yeux et ma plume pour d\u00e9couvrir les richesses de ce monde et de mon Qu\u00e9bec natal. Apr\u00e8s une tentative infructueuse d\u00eatre assis \u00e0 304 OReilly, nous nous sommes promen\u00e9s vers la Plaza Del Armas. Un charmant gar\u00e7on cubain nous a attir\u00e9s au restaurant de sa famille sur Callejon del Chorro, nous promettant de d\u00e9licieux plats faits maison avec amour par sa m\u00e8re en anglais cass\u00e9. Nous avons \u00e9t\u00e9 totalement arnaqu\u00e9 ce soir-l\u00e0 la nourriture \u00e9tait m\u00e9diocre mais quelques jours plus tard, nous nous sommes retrouv\u00e9s dans la m\u00eame rue pour d\u00e9jeuner au et eu lun de nos meilleurs repas de tout le voyage! 15 Mujeres, Cuba en el CEDAW. Site consult\u00e9 le 15 novembre 2014 Pierre Bertin a lintention de poursuivre les recherches en approfondissant l\u00e9tude de l\u00e9cosyst\u00e8me et de la fa\u00e7on dont la phytotechnie peut favoriser la flore commensale. Avec les coll\u00e8gues cubains, nous avons \u00e9tudi\u00e9 la g\u00e9n\u00e9tique, les souches de pathog\u00e8nes, la flore commensale, la flore bact\u00e9rienne du sol avec notamment des effets antagonistes sur les maladies. On a mis en \u00e9vidence le fait que certains arbres sont n\u00e9cessaires pour le d\u00e9veloppement de levures qui sont transport\u00e9es par des insectes des mouches, levures qui sont fondamentales pour la fermentation. Celle-ci doit donc se faire dans les r\u00e9gions cacaoy\u00e8res m\u00eames. Actuellement, les conditions de transformation ne sont pas bonnes mais le processus est tr\u00e8s naturel et ne comporte pas dadjuvant. 18 Dans Cuidado hay negro et Cuidado hay perro, deux toiles pr\u00e9sent\u00e9es \u00e0 la premi\u00e8re exposition Queloides, Arenas se moque de la peur des Noirs tout en recherchant dans lhistoire de la nation cubaine les origines profondes de ce discours racial. Dans Cuidado hay perro, il ins\u00e8re un esclave arm\u00e9 en fuite ou un membre de lArm\u00e9e de Lib\u00e9ration du xix e si\u00e8cle, afin de montrer que les peurs raciales sont r\u00e9currentes dans lhistoire cubaine. Une phrase incluse dans la toile insiste sur ce contexte historique :  Son Damas, in : 100 Lindas Cubanas. Festival de mujeres soneras, 1995. BIS MUSIC Cuba. <img decoding=\"async\" src=\"http:\/\/img.over-blog.com\/225x300\/2\/18\/38\/81\/Cuba\/Cuba-3-Pinar-del-Rio-008.JPG\" alt=\"les rencontres fondatrices \u00e0 cuba\" align=\"right\"> Le geste de C\u00e9spedes a pr\u00e9c\u00e9d\u00e9 larrestation des conspirateurs pr\u00e9vue par un ordre du capitaine g\u00e9n\u00e9ral Francisco Lersundi, ce qui aurait retard\u00e9 le processus pour une dur\u00e9e ind\u00e9termin\u00e9e. \u00c0 lorigine, la brigade a \u00e9t\u00e9 fond\u00e9e par lorganisation des \u00c9tudiants pour une soci\u00e9t\u00e9 d\u00e9mocratique, la SDS, et des officiels Cubains, afin de cr\u00e9er un mouvement de solidarit\u00e9. Les jeunes Am\u00e9ricains donnaient un coup de main aux champs, tout en se formant \u00e0 lid\u00e9ologie communiste. Et puis, il y a eu les \u00c9tats-Unis. Ils ont voulu faire de Cuba une partie des \u00c9tats-Unis. \u00c0 travers la relation commerciale, le lien de la musique sest d\u00e9velopp\u00e9, d\u00e8s le d\u00e9but du 19 e. Vint le jazz. \u00c0 la fin des ann\u00e9es 1940, il y a eu Dizzie Gillespie, Charlie Parker, ils ont d\u00e9velopp\u00e9 le latin jazz avec des musiciens cubains.  22 Margen Borges, Destacan en Cepal pol\u00edtica de Estado cubano a favor de mujeres, Federaci\u00f3n de Mujeres Cubanas, 2014. Site consult\u00e9 le 15 novembre 2014 Lexp\u00e9rience de La Havane sach\u00e8ve, selon lenvie, sur le th\u00e8me de larchitecture baroque avec un guide architecte, une rencontre dans le studio priv\u00e9 dun artiste cubain en photographie, sculpture ou peinture, une le\u00e7on de rumba avec un professionnel de la danse dans un appartement du Vieux Havane, une soir\u00e9e dans une club de Jazz, ou un Da\u00efquiri au Floridita VALL\u00c9E DE VINALES Ses voyages en plein coeur du carnaval de Santiago de Cuba lui font d\u00e9couvrir la joie de danser et le go\u00fbt de la f\u00eate cubaine. De 2004 \u00e0 2010, avec la compagnie Elegua, Elena exprime son souhait de recr\u00e9er lesprit festif de Cuba \u00e0 Paris. Elle organise les stages, les soir\u00e9es et les nombreux \u00e9v\u00e9nements de l\u00e9cole. Retrouvez Thierry Elegua 3-LAfrique en musiques Tome 3 Panorama des instruments de musique du patrimoine africain De Racines du pr\u00e9sent Offres Cuban\u00eda est une plateforme qui explore et diffuse, \u00e0 partir des perspectives locales, lessence de la Cuba contemporaine. Nos articles sadressent \u00e0 un public amateur de la culture cubaine, voyageur ou simplement curieux, avide dapprofondir ses connaissances sur Cuba et d\u00e9largir son appr\u00e9ciation du pays. Nous sommes une \u00e9quipe dynamique et passionn\u00e9e, avide de faire conna\u00eetre notre pays, et surtout notre mode de pens\u00e9e dans la Cuba contemporaine, loin des clich\u00e9s. <img decoding=\"async\" src=\"http:\/\/nomadjunkies.com\/wp-content\/uploads\/2014\/11\/25992_10150123646295221_6496618_n.jpg\" alt=\"les rencontres fondatrices \u00e0 cuba\" align=\"left\">  Roberto Garc\u00eda. Las Orquestas femeninas en Cuba juin 2016.<\/p>\n","protected":false},"excerpt":{"rendered":"<p>les rencontres fondatrices \u00e0 cuba<\/p>\n","protected":false},"author":1,"featured_media":0,"comment_status":"closed","ping_status":"closed","sticky":false,"template":"","format":"standard","meta":{"footnotes":""},"categories":[1],"tags":[],"_links":{"self":[{"href":"https:\/\/zakarybelamy.com\/img\/wp-json\/wp\/v2\/posts\/13044"}],"collection":[{"href":"https:\/\/zakarybelamy.com\/img\/wp-json\/wp\/v2\/posts"}],"about":[{"href":"https:\/\/zakarybelamy.com\/img\/wp-json\/wp\/v2\/types\/post"}],"author":[{"embeddable":true,"href":"https:\/\/zakarybelamy.com\/img\/wp-json\/wp\/v2\/users\/1"}],"replies":[{"embeddable":true,"href":"https:\/\/zakarybelamy.com\/img\/wp-json\/wp\/v2\/comments?post=13044"}],"version-history":[{"count":1,"href":"https:\/\/zakarybelamy.com\/img\/wp-json\/wp\/v2\/posts\/13044\/revisions"}],"predecessor-version":[{"id":13045,"href":"https:\/\/zakarybelamy.com\/img\/wp-json\/wp\/v2\/posts\/13044\/revisions\/13045"}],"wp:attachment":[{"href":"https:\/\/zakarybelamy.com\/img\/wp-json\/wp\/v2\/media?parent=13044"}],"wp:term":[{"taxonomy":"category","embeddable":true,"href":"https:\/\/zakarybelamy.com\/img\/wp-json\/wp\/v2\/categories?post=13044"},{"taxonomy":"post_tag","embeddable":true,"href":"https:\/\/zakarybelamy.com\/img\/wp-json\/wp\/v2\/tags?post=13044"}],"curies":[{"name":"wp","href":"https:\/\/api.w.org\/{rel}","templated":true}]}}