{"id":13074,"date":"2020-10-20T07:48:26","date_gmt":"2020-10-20T07:48:26","guid":{"rendered":"http:\/\/zakarybelamy.com\/img\/?p=13074"},"modified":"2020-10-08T21:36:26","modified_gmt":"2020-10-08T21:36:26","slug":"rencontres-chorales-st-amand-les-eaux","status":"publish","type":"post","link":"https:\/\/zakarybelamy.com\/img\/2020\/10\/20\/rencontres-chorales-st-amand-les-eaux\/","title":{"rendered":"Rencontres Chorales St Amand Les Eaux"},"content":{"rendered":"<p>Lappli prier en chemin des j\u00e9suites francophones genial, jadore la ballade de sgens heureux je lavais fait en cours de musique au college et jai tjs adore celle la <img decoding=\"async\" src=\"http:\/\/www.saint-amand-les-eaux.fr\/UserFiles\/Image\/Culture%202014%202015\/Saison%20culturelle%202014%202015\/chorale3.gif\" alt=\"rencontres chorales st amand les eaux\" align=\"left\"> Au d\u00e9part, Jean a \u00e9t\u00e9 incit\u00e9 \u00e0 cette aventure par Jeanne, sa fille, qui avait s\u00e9journ\u00e9 deux fois chez Soeur Marie Stella. Finalement, \u00e0 lautomne, il a d\u00e9cid\u00e9 de sauter le pas et de d\u00e9couvrir par lui-m\u00eame lassociation Vivre dans lEsp\u00e9rance.  Notre but est de transmettre notre savoir aupr\u00e8s de jeunes dans les \u00e9coles, centres de loisirs par le biais danimations. Mouvement ATD Quart Monde <img decoding=\"async\" src=\"http:\/\/www.evolve.emenslaw.com\/wp-content\/uploads\/2013\/07\/hymne-de-la-charente-maritime-bad-buzz.jpg\" alt=\"rencontres chorales st amand les eaux\" align=\"left\">  Suite \u00e0 un constat \u00e9tabli par lensemble des travailleurs sociaux de lUTPAS de Le Quesnoy, laction a \u00e9t\u00e9 mise en place en 2001. Elle ne cesse de cro\u00eetre par le nombre de personnes concern\u00e9es, actuellement 70 personnes et ayants-droit qui d\u00e9pendent de minima sociaux, vivant en zone rurale o\u00f9 la mobilit\u00e9 est tr\u00e8s r\u00e9duite dans certaines zone territoriales. Le public est interg\u00e9n\u00e9rationnel. Les p\u00e8res et les enfants apportent leur participation et collaboration aux diff\u00e9rentes rencontres organis\u00e9es. Cela n\u00e9cessite une prise en charge plus cibl\u00e9e. Lassociation Familles Rurales Avesnois Mormal sarticule autour de diff\u00e9rents axes li\u00e9s \u00e0 : la parentalit\u00e9, la lutte contre lexclusion, rompre lisolement, la cr\u00e9ation du lien social, un lien d\u00e9coute et daccompagnement socioprofessionnels, des ateliers cr\u00e9atifs, informatique, cuisine, acc\u00e8s \u00e0 la culture, sant\u00e9, estime de soi, activit\u00e9 physique, projets collectifs culturels Des permanences de Relais Points Infos Familles. Annoeulin Les Mousquetaires Ce projet choral sinscrit dans le Festival acad\u00e9miques des chorales. Il est intitul\u00e9 La joie dans nos Choeurs. Il est organis\u00e9 par la f\u00e9d\u00e9ration des oeuvres la\u00efques et se d\u00e9roule chaque ann\u00e9e scolaire. Durant la p\u00e9riode de confinement, le maire de Douchy-les-Mines Michel V\u00e9niat a d\u00e9cid\u00e9 de prendre des mesures afin daider ses concitoyens. Il appelle \u00e9galement au.. Accompagnement \u00e0 la scolarit\u00e9 et \u00e0 la parentalit\u00e9 sur la ville de Marcq-en-Baroeul et Mons-en-Baroeul LAquilon 27 novembre : maison de retraite Pierre-Tabanou, LHa\u00ff-les-Roses. Ce samedi 6 d\u00e9cembre, \u00e0 Saint-Amand-les-Eaux, ont eu lieu les treizi\u00e8mes Rencontres chorales qui rassemblaient G\u00e9rard Lenorman et 500 choristes de 21 chorales de la r\u00e9gion devant 1 500 spectateurs. Quelle ambiance chaleureuse! D\u00e8s larriv\u00e9e de cet artiste \u00e0 la r\u00e9p\u00e9tition g\u00e9n\u00e9rale lapr\u00e8s midi, le ton \u00e9tait donn\u00e9 : respect, gentillesse, joie, confiance.. Il a mis \u00e0 laise Pascaline Thibaut, chef de choeur et directrice artistique, a fait quelques mises au point avec les 3 musiciens, puis nous a laiss\u00e9 peaufiner le fruit de notre travail sur 16 de ses chansons.  28 mars 2020-Le pr\u00e9sident de lOrdre de Malte en France: Ne confinons pas nos esprits <img decoding=\"async\" src=\"http:\/\/img.over-blog-kiwi.com\/1\/44\/24\/05\/20150214\/ob_f1e142_img-0099.JPG\" alt=\"rencontres chorales st amand les eaux\" align=\"left\"> Jusqu\u00e0 midi, ils ont donn\u00e9 de la voix dans un r\u00e9pertoire \u00e9clectique : de Tout le bonheur du monde, de Sinsemilia, \u00e0 La Vie en rose d\u00c9dith Piaf pour les chansons fran\u00e7aises, jusqu\u00e0 Happy de Pharell Williams ou les th\u00e8mes de grands films de Walt Disney Mary poppins, Le Roi Lion, etc. Pour les vari\u00e9t\u00e9s internationales. Ce mercredi 2 octobre, les \u00e9coliers et coll\u00e9giens d\u00e9marraient leurs premi\u00e8res s\u00e9ances danglais dans le cadre du parcours international les lyc\u00e9ens d\u00e9marreront le samedi 5 octobre. Inauguration du nouveau commissariat de Saint-Amand-les-Eaux Actualit\u00e9s Actualit\u00e9s Accueil-Les services de l\u00c9tat dans le Nord 22 mai 2020: Une mini-s\u00e9rie vid\u00e9o franciscaine pour les 5 ans de Laudato Si iframe width512px height384px srchttps:www.yumpu.comfrembedviewFjKr7BedvTHItq8z frameborder0 allowfullscreentrue allowtransparencytrueiframe.<\/p>\n","protected":false},"excerpt":{"rendered":"<p>rencontres chorales st amand les eaux<\/p>\n","protected":false},"author":1,"featured_media":0,"comment_status":"closed","ping_status":"closed","sticky":false,"template":"","format":"standard","meta":{"footnotes":""},"categories":[1],"tags":[],"_links":{"self":[{"href":"https:\/\/zakarybelamy.com\/img\/wp-json\/wp\/v2\/posts\/13074"}],"collection":[{"href":"https:\/\/zakarybelamy.com\/img\/wp-json\/wp\/v2\/posts"}],"about":[{"href":"https:\/\/zakarybelamy.com\/img\/wp-json\/wp\/v2\/types\/post"}],"author":[{"embeddable":true,"href":"https:\/\/zakarybelamy.com\/img\/wp-json\/wp\/v2\/users\/1"}],"replies":[{"embeddable":true,"href":"https:\/\/zakarybelamy.com\/img\/wp-json\/wp\/v2\/comments?post=13074"}],"version-history":[{"count":1,"href":"https:\/\/zakarybelamy.com\/img\/wp-json\/wp\/v2\/posts\/13074\/revisions"}],"predecessor-version":[{"id":13075,"href":"https:\/\/zakarybelamy.com\/img\/wp-json\/wp\/v2\/posts\/13074\/revisions\/13075"}],"wp:attachment":[{"href":"https:\/\/zakarybelamy.com\/img\/wp-json\/wp\/v2\/media?parent=13074"}],"wp:term":[{"taxonomy":"category","embeddable":true,"href":"https:\/\/zakarybelamy.com\/img\/wp-json\/wp\/v2\/categories?post=13074"},{"taxonomy":"post_tag","embeddable":true,"href":"https:\/\/zakarybelamy.com\/img\/wp-json\/wp\/v2\/tags?post=13074"}],"curies":[{"name":"wp","href":"https:\/\/api.w.org\/{rel}","templated":true}]}}