{"id":1395,"date":"2020-09-21T03:12:40","date_gmt":"2020-09-21T03:12:40","guid":{"rendered":"http:\/\/zakarybelamy.com\/img\/?p=1395"},"modified":"2020-09-19T22:40:07","modified_gmt":"2020-09-19T22:40:07","slug":"rencontre-a-arles","status":"publish","type":"post","link":"https:\/\/zakarybelamy.com\/img\/2020\/09\/21\/rencontre-a-arles\/","title":{"rendered":"Rencontre A Arles"},"content":{"rendered":"<p>Bonjour, j-Phi 54a, amateur de moto, faire des balades moto, randonn\u00e9es, voyager surtout d\u00e8s que possible. Lucien Clergue offre lexemple relativement rare dun photographe que m\u00eame le succ\u00e8s na jamais longtemps \u00e9loign\u00e9 de sa ville natale Arles, o\u00f9 il voit le jour en 1934. \u00c0 dix ans, sa maison familiale dArles dispara\u00eet dans un bombardement, et cest dans les ruines de ce quartier quil prendra, en 1955, plus dun millier de clich\u00e9s de saltimbanques dont il a lui-m\u00eame dessin\u00e9 et r\u00e9alis\u00e9 les costumes. \u00c0 lheure du covid et du confinement, la question des barri\u00e8res construites par lhomme \u00e0 travers lEurope est plus actuelle que jamais. Lexpo, pr\u00e9sent\u00e9e en 2019 \u00e0 Arles, a \u00e9t\u00e9 recr\u00e9e num\u00e9riquement SERIES MANIA, LE festival international consacr\u00e9 aux s\u00e9ries du monde entier, a 10 ans dexistence et sa seconde \u00e9dition lilloise se d\u00e9roule du 22 au 30 mars Vous devez activer javascript pour afficher ce contenu Acc\u00e9dez aux donn\u00e9es historiques en illimit\u00e9 et sans publicit\u00e9. Aujourdhui, ce grand rendezvous est devenu un \u00e9v\u00e9nement populaire avec de nouveaux publics sans cesse renouvel\u00e9s qui brasse du monde. Pour preuve, lan dernier, 145 000 visiteurs se sont press\u00e9s aux Rencontres. <img decoding=\"async\" src=\"http:\/\/www.normanbehrendt.com\/content\/4-exhibitions\/8-brave-new-turkey-at-rencontres-arles-2017\/bravenewturkey_rencontresarles_discoveryaward17_17.jpg\" alt=\"rencontre a arles\" align=\"center\"> Christian Lutz, Eldorado, from the Insert Coins series, 2016. Courtesy of the artist and MAPS. Inscrite ici comme si je jouais au loto, car pas convaincue du tout! Cinq ans apr\u00e8s la naissance de la collection, une nouvelle \u00e9tape est franchie lorsque la photographie-toujours sur linitiative de Lucien Clergue et de Jean-Maurice Rouquette-fait son entr\u00e9e dans la programmation du Festival dArles. Des personnalit\u00e9s aussi \u00e9minentes que l\u00e9crivain Michel Tournier, qui pr\u00e9sentait Chambre noire, la seule \u00e9mission t\u00e9l\u00e9vis\u00e9e consacr\u00e9e \u00e0 la photographie, sassocient \u00e0 cet \u00e9v\u00e9nement fondateur et lui donnent son \u00e9lan. D\u00e8s lors, au fil des \u00e9t\u00e9s, les Rencontres vont venir nourrir la collection, contribuant dans la dur\u00e9e \u00e0 sa richesse et \u00e0 son originalit\u00e9 : aux tr\u00e8s nombreux dons provenant des ma\u00eetres invit\u00e9s pour le programme des expositions puis pour la direction de stages, se sont ajout\u00e9es les r\u00e9coltes pr\u00e9cieuses et tout \u00e0 fait in\u00e9dites issues du Prix des Jeunes Photographes. Les F\u00eates dArles se d\u00e9roulant entre juin et d\u00e9but juillet, avec en point dorgue la f\u00eate du costume, d\u00e9cision a \u00e9t\u00e9 prise de les annuler cette ann\u00e9e. L\u00e9lection de la Reine sint\u00e8grera dans deux journ\u00e9es en 2021. Photo archives Val\u00e9rie Farine <img decoding=\"async\" src=\"http:\/\/www.tafmag.com\/wp-content\/uploads\/2014\/07\/Serena-de-Sanctis-Rencontres-photos-Arles-Tafmag1.jpg\" alt=\"rencontre a arles\" align=\"right\"> -R\u00e9server une visite ou un billet coupe-file partout dans le monde sur Date de prise de poste : entre juillet et septembre.  Cl\u00e9mentine vit \u00e0 Paris. Gr\u00e9goire habite \u00e0 Barcelone depuis quelques semaines. Le narrateur relate leurs parcours parall\u00e8les, leur recherche du bonheur et leurs difficult\u00e9s \u00e0 vivre. Prix du concours Librinova-Draftquest en 2017 El.. Int\u00e9r\u00eats communs : Camping, Cuisine, Relations daffaires, Groupe de lecture Discussion, Caf\u00e9 et conversations, Restaurant, Artisanat, Films Vid\u00e9os, Arts et mus\u00e9es, Musique et concerts, Jeux de soci\u00e8t\u00e9, Brocante Antiquit\u00e9s La v\u00e9rification e-mail a \u00e9chou\u00e9, veuillez r\u00e9essayer Il y a t-il dans se site des vrai profil car il y a na marre de ses brouteurs <img decoding=\"async\" src=\"http:\/\/www.pixelcreation.fr\/fileadmin\/img\/sas_image\/galerie\/photo\/Arles%202016\/Piero%20Martinello-RADICALIA%20_Rencontres-Arles-2016.jpg\" alt=\"rencontre a arles\" align=\"center\">  FIGURES DE STYLES Ann Ray Les Inachev\u00e9s Lee McQueen Memory est d\u00e9tenue dans une prison dHarare, accus\u00e9e du meurtre de son protecteur blanc. Elle risque la peine de mort. Son avocate lui demande de consigner son histoire par \u00e9crit. Apr\u00e8s une enfance relativement heureuse, elle est.. Apr\u00e8s cette pi\u00e8ce du silence, on d\u00e9couvre une seconde salle carr\u00e9e construite par une superposition de morceaux de bois sombre r\u00e9cup\u00e9r\u00e9s dans la maison et compl\u00e9t\u00e9 par dautres trouv\u00e9s dans une d\u00e9chetterie arl\u00e9sienne. La collection photographique des Rencontres dArles sest form\u00e9e en plusieurs temps et formes. Une premi\u00e8re phase dacquisitions a \u00e9t\u00e9 men\u00e9e de 1976 date suppos\u00e9e \u00e0 la fin des ann\u00e9es 90. La premi\u00e8re entr\u00e9e en collection suppos\u00e9e date de 1976 avec l\u0153uvre de, Satirical photographer. En 1983, \u00e0 linitiative du Minist\u00e8re de la Culture, une galerie de pr\u00eats est cr\u00e9\u00e9e, ce qui marque le d\u00e9but dune prolifique p\u00e9riode dacquisitions. La Phototh\u00e8que des Rencontres Internationales de la Photographie, une des premi\u00e8res cr\u00e9\u00e9es en France, pr\u00eate des \u0153uvres aux particuliers et aux institutions. De nombreuses donations d\u0153uvres par les artistes expos\u00e9s au festival ponctuent par ailleurs la p\u00e9riode. \u00c0 lissue de cette p\u00e9riode, deux grands d\u00e9p\u00f4ts sont r\u00e9alis\u00e9s en 2002 et 2005 au, les conditions de conservation des \u0153uvres sont ainsi mieux respect\u00e9es dans les r\u00e9serves du Mus\u00e9e. \u00c9glise catholique dans le dioc\u00e8se dAix-en-Provence et Arles.<\/p>\n","protected":false},"excerpt":{"rendered":"<p>rencontre a arles<\/p>\n","protected":false},"author":1,"featured_media":0,"comment_status":"closed","ping_status":"closed","sticky":false,"template":"","format":"standard","meta":{"footnotes":""},"categories":[1],"tags":[],"_links":{"self":[{"href":"https:\/\/zakarybelamy.com\/img\/wp-json\/wp\/v2\/posts\/1395"}],"collection":[{"href":"https:\/\/zakarybelamy.com\/img\/wp-json\/wp\/v2\/posts"}],"about":[{"href":"https:\/\/zakarybelamy.com\/img\/wp-json\/wp\/v2\/types\/post"}],"author":[{"embeddable":true,"href":"https:\/\/zakarybelamy.com\/img\/wp-json\/wp\/v2\/users\/1"}],"replies":[{"embeddable":true,"href":"https:\/\/zakarybelamy.com\/img\/wp-json\/wp\/v2\/comments?post=1395"}],"version-history":[{"count":1,"href":"https:\/\/zakarybelamy.com\/img\/wp-json\/wp\/v2\/posts\/1395\/revisions"}],"predecessor-version":[{"id":1396,"href":"https:\/\/zakarybelamy.com\/img\/wp-json\/wp\/v2\/posts\/1395\/revisions\/1396"}],"wp:attachment":[{"href":"https:\/\/zakarybelamy.com\/img\/wp-json\/wp\/v2\/media?parent=1395"}],"wp:term":[{"taxonomy":"category","embeddable":true,"href":"https:\/\/zakarybelamy.com\/img\/wp-json\/wp\/v2\/categories?post=1395"},{"taxonomy":"post_tag","embeddable":true,"href":"https:\/\/zakarybelamy.com\/img\/wp-json\/wp\/v2\/tags?post=1395"}],"curies":[{"name":"wp","href":"https:\/\/api.w.org\/{rel}","templated":true}]}}