{"id":1605,"date":"2020-09-21T07:29:55","date_gmt":"2020-09-21T07:29:55","guid":{"rendered":"http:\/\/zakarybelamy.com\/img\/?p=1605"},"modified":"2020-09-20T03:52:30","modified_gmt":"2020-09-20T03:52:30","slug":"programme-rencontre-du-cinema-de-montagne","status":"publish","type":"post","link":"https:\/\/zakarybelamy.com\/img\/2020\/09\/21\/programme-rencontre-du-cinema-de-montagne\/","title":{"rendered":"Programme Rencontre Du Cinema De Montagne"},"content":{"rendered":"<p> Christophe Duthuron nous fait le plaisir de venir pr\u00e9senter LES VIEUX FOURNEAUX au Cigalon, accompagn\u00e9 de Stephen Mack, chef op\u00e9rateur assistant sur le tournage. Des questions? Besoin dinformations? Nh\u00e9sitez pas \u00e0 nous appeler! Voici lhistoire dune petite balle jaune qui va vivre des aventures extraordinaires sur terre, sur leau et dans les airs autour dAnnecy. Montagne lac un terrain de jeu.. De tennis extraordinaire! en pr\u00e9sence de Gustave Kervern, co-r\u00e9alisateur et Corinne Masiero, actrice. <img decoding=\"async\" src=\"http:\/\/www.rencontres-meteo-montagne.com\/upload\/tinymce\/image\/logo-reseaux-sociaux.jpg\" alt=\"programme rencontre du cinema de montagne\" align=\"right\"> Chaque ann\u00e9e, des grands noms du cin\u00e9ma mis \u00e0 lhonneur. Des r\u00e9trospectives sur leur travail mais \u00e9galement des masterclasses sont organis\u00e9es en leur pr\u00e9sence, donnant lopportunit\u00e9 au public de partager un moment avec eux. Montagne en sc\u00e8ne winter edition 2019-Programme Places \u00e0 gagner  METRONOMIK Un film de Vladimir Cellier France 2015 20 Fodacim-Mobilisation des acteurs de la montagne pour pr\u00e9server leur territoire Back to Basics Ski alpinisme-11min-VF R\u00e9alis\u00e9 par Simon Bellabouvier Athl\u00e8tes : Simon Bellabouvier, Joris Perillat Pessey et Math\u00e9o Jacquemoud  \u00c0 c\u00f4t\u00e9 de cela, des alpinistes tournaient des films, g\u00e9n\u00e9ralement des souvenirs de leur courses, dont la diffusion ne d\u00e9passait pas leur entourage. Le cin\u00e9 club du mois de mai prend laccent allemand. Le temps a pass\u00e9 et bien des \u00e9v\u00e8nements ont marqu\u00e9 lhistoire europ\u00e9enne et, notamment, allemande, mais le cin\u00e9ma de Wim Wenders et Rainer Werner Fassbinder nous frappe encore avec la m\u00eame force. Que ce soit \u00e0 travers le regard bienveillant de deux anges dans un Berlin d\u00e9chir\u00e9 \u00e0 la veille de la chute du mur Les ailes du d\u00e9sir, ou \u00e0 travers les angoisses dune femme confront\u00e9e aux contradictions du miracle \u00e9conomique des ann\u00e9es 1950 Le mariage de Maria Braun, le portrait que ces deux cin\u00e9astes dressent de leur pays est \u00e0 juste titre entr\u00e9 dans limaginaire collectif. Deux \u0153uvres majeures que nous pr\u00e9sentons ici en version restaur\u00e9e. Des rencontres avec les protagonistes et les r\u00e9alisateurs <img decoding=\"async\" src=\"http:\/\/www.festival-film-montagne.fr\/images\/films\/PierreCadot.jpg\" alt=\"programme rencontre du cinema de montagne\" align=\"left\"> S\u00e9ances pour les enfants : 4 pour tous, 3 groupes <img decoding=\"async\" src=\"http:\/\/www.leguidedesfestivals.com\/upload\/fiche\/32339-2.jpg\" alt=\"programme rencontre du cinema de montagne\" align=\"center\"> Programme complet sur le site www.explos-festival.com EN ATTENTE En 2013, la Schirn Kunsthalle de Francfort a organis\u00e9 une importante r\u00e9trospective sur lensemble de la carri\u00e8re de diCorcia qui a notamment rassembl\u00e9 plus dune centaine de photographies issues de six s\u00e9ries. Lexposition fut ensuite pr\u00e9sent\u00e9e la m\u00eame ann\u00e9e au mus\u00e9e De Pont de Tilburg aux Pays-Bas, puis au Hepworth Wakefield en Grande-Bretagne en 2014. Elle reste \u00e0 ce jour la pr\u00e9sentation la plus compl\u00e8te de son \u0153uvre en Europe. En 2012, une s\u00e9lection de tirages de diCorcia fut pr\u00e9sent\u00e9e dans le cadre de la grande r\u00e9trospective consacr\u00e9e au peintre am\u00e9ricain Edward Hopper au Grand Palais, \u00e0 Paris. Au d\u00e9part ce f\u00fbt une simple envie de partage autour dune passion pour les activit\u00e9s Outdoor, Programmation La Programmation Pour tout connaitre sur la programmation Ce sont plus de 120 films, soigneusement s\u00e9lectionn\u00e9s aux quatre coins de lEurope par notre directeur artistique Fr\u00e9d\u00e9ric Boyer, qui vous seront propos\u00e9s pour cette onzi\u00e8me \u00e9dition! Soir\u00e9e organis\u00e9e autour du film NOUS LES COYOTTES Hanna Ladoul, Marco La Via-Etats-Unis-2018-1h27 en pr\u00e9sence des r\u00e9alisateurs Hanna Ladoul et Marco la Via. Projection suivie dune discussion avec les r\u00e9alisateurs, et avec Adriel Thach, jeune ambassadeur Acid pour le Cigalon au Festival de Cannes 2018, qui avait vu et choisi Nous les Coyottes pour venir nous le pr\u00e9senter. 19h30 Femmes dArgentineQue sea ley J. Solanas, 1h26 Des aides et une multitude de conseils \u00e0 destination des moins de 30 ans-, le film tr\u00e8s attendu sur lexp\u00e9dition polonaise hivernale au K2 en 2018, avec en guest stars le chef dexp\u00e9dition Krzysztof Wielicki, le fer de lance de la jeune g\u00e9n\u00e9ration polonaise Adam Bielecki, et lhimalayiste fran\u00e7aise \u00c9lisabeth Revol, rescap\u00e9e du Nanga Parbat cet hiver l\u00e0 Pour respecter les r\u00e8gles sanitaires, les cours se d\u00e9roulent en groupes dans le respect des r\u00e8gles de distanciation physique pos\u00e9es par le protocole sanitaire, le nombre d\u00e9l\u00e8ves d\u00e9pend de la taille de la salle utilis\u00e9e. Compte tenu de la configuration la plus fr\u00e9quente des salles de classe, la distanciation dun m\u00e8tre minimum entre \u00e9l\u00e8ves conduit en g\u00e9n\u00e9ral \u00e0 ne pouvoir accueillir simultan\u00e9ment dans une m\u00eame classe quun nombre d\u00e9l\u00e8ves de lordre de 10 \u00e0 15. Comment sorganise le temps de pr\u00e9sence de mon enfant dans son \u00e9cole ou \u00e9tablissement? 17h : Objectif sauvage, la l\u00e9gende de la lagune Chaplin-C\u00e9drick STRAHM.<\/p>\n","protected":false},"excerpt":{"rendered":"<p>programme rencontre du cinema de montagne<\/p>\n","protected":false},"author":1,"featured_media":0,"comment_status":"closed","ping_status":"closed","sticky":false,"template":"","format":"standard","meta":{"footnotes":""},"categories":[1],"tags":[],"_links":{"self":[{"href":"https:\/\/zakarybelamy.com\/img\/wp-json\/wp\/v2\/posts\/1605"}],"collection":[{"href":"https:\/\/zakarybelamy.com\/img\/wp-json\/wp\/v2\/posts"}],"about":[{"href":"https:\/\/zakarybelamy.com\/img\/wp-json\/wp\/v2\/types\/post"}],"author":[{"embeddable":true,"href":"https:\/\/zakarybelamy.com\/img\/wp-json\/wp\/v2\/users\/1"}],"replies":[{"embeddable":true,"href":"https:\/\/zakarybelamy.com\/img\/wp-json\/wp\/v2\/comments?post=1605"}],"version-history":[{"count":1,"href":"https:\/\/zakarybelamy.com\/img\/wp-json\/wp\/v2\/posts\/1605\/revisions"}],"predecessor-version":[{"id":1606,"href":"https:\/\/zakarybelamy.com\/img\/wp-json\/wp\/v2\/posts\/1605\/revisions\/1606"}],"wp:attachment":[{"href":"https:\/\/zakarybelamy.com\/img\/wp-json\/wp\/v2\/media?parent=1605"}],"wp:term":[{"taxonomy":"category","embeddable":true,"href":"https:\/\/zakarybelamy.com\/img\/wp-json\/wp\/v2\/categories?post=1605"},{"taxonomy":"post_tag","embeddable":true,"href":"https:\/\/zakarybelamy.com\/img\/wp-json\/wp\/v2\/tags?post=1605"}],"curies":[{"name":"wp","href":"https:\/\/api.w.org\/{rel}","templated":true}]}}