{"id":165,"date":"2020-09-18T18:11:48","date_gmt":"2020-09-18T18:11:48","guid":{"rendered":"http:\/\/zakarybelamy.com\/img\/?p=165"},"modified":"2020-09-18T11:00:00","modified_gmt":"2020-09-18T11:00:00","slug":"rencontre-internationale-emi-marseille","status":"publish","type":"post","link":"https:\/\/zakarybelamy.com\/img\/2020\/09\/18\/rencontre-internationale-emi-marseille\/","title":{"rendered":"Rencontre Internationale Emi Marseille"},"content":{"rendered":"<p>Les Jeunes europ\u00e9ens, association loi 1901 et le Centre dEtudes et de Recherches Internationales et Communautaires CERIC, ont lhonneur de vous convier au cycle de conf\u00e9rences-d\u00e9bats en vue des \u00e9lections europ\u00e9ennes du 25 mai 2014. Nous vous donnons rendez-vous dans un lieu d\u00e9contract\u00e9 et propice \u00e0 l\u00e9change, le Bar des Deux-Gar\u00e7ons ou nous discuterons autour de th\u00e8mes dactualit\u00e9 europ\u00e9enne. La France sengage invite pendant le week end, le grand public \u00e0 venir d\u00e9couvrir tous les projets innovants et laur\u00e9ats qui seront accomapgn\u00e9s par ce programme pr\u00e9sidentiel daide aux associations. Afin de faire d\u00e9couvrir le Prix Sakharov pour la libert\u00e9 de lesprit aux \u00e9tudiants en affaires europ\u00e9ennes, et \u00e0 loccasion du 25\u00e8me anniversaire du Prix, le Bureau dinformation du Parlement europ\u00e9en en France sest associ\u00e9 \u00e0 Sciences-Po Lille pour mener un jeu de simulation parlementaire de la sous-commission des droits de lhomme, mettant ainsi les \u00e9tudiants dans la peau des d\u00e9put\u00e9s europ\u00e9ens. Ainsi s\u00e9tablit un langage politique commun, autour dun nouveau pouvoir angevin qui nest longtemps que virtuel, communicant. Le temps du mensonge et de la propagande est celui de la consolidation de la l\u00e9gitimit\u00e9 de la seconde maison angevine, et de la reconqu\u00eate du terrain proven\u00e7al. Il offre une sor  Titulaire et capitaine, remplac\u00e9 par \u00e0 la 63 e minute. Voyage \u00e0 Rome, Galerie du Conseil G\u00e9n\u00e9ral, Aix-en-Provence Les \u00e9v\u00e9nements sur lEurope organis\u00e9s en Provence-Alpes-C\u00f4te dAzur, en Rh\u00f4ne-Alpes et en Corse \u00e0 linitiative dassociations ou dinstitutions r\u00e9gionales. Des experts internationaux \u00e9voquent l\u00e9volution du regard sur la mort, la survie de la conscience, la mani\u00e8re de parler de la mort aux enfants, etc. Selon eux, les exp\u00e9riences de mort imminente peuvent apporter un regard nouveau sur les questions \u00e9thiques li\u00e9es \u00e0 la fin de la vie. Electre 2020 Le Lyc\u00e9e professionnel du Premier Film de Lyon r\u00e9compens\u00e9 pour sa participation au programme \u00c9cole ambassadrice du Parlement europ\u00e9en. Remise de plaque au lyc\u00e9e et de dipl\u00f4mes dambassadeur junior aux lyc\u00e9ens ayant pris part activement au programme 2016-2017. Page: https:www.fetedelascience.frpid35201fiche-evenement.html Aujourdhui, une \u00e9mission totalement d\u00e9di\u00e9 au secteur des transports, dans laquelle nous vous diffusons quelques interventions que nous avons pu r\u00e9cup\u00e9rer lors dun meeting nomm\u00e9 d\u00e9confinement et transports en commun trouv\u00e9 sur la cha\u00eene de R\u00c9VOLUTION PERMANENTE. Publi\u00e9 le Auteur Cat\u00e9gories,, <img decoding=\"async\" src=\"http:\/\/www.todofuitbol.cf\/var\/ezflow_site\/storage\/images\/docfr7\/ouvrages\/3303331281207-la-france-defaite-1940-1945\/25678909-16-fre-FR\/La-France-defaite-1940-1945_large.jpg\" alt=\"rencontre internationale emi marseille\" align=\"right\">  Veuillez cliquer sur le lien indiqu\u00e9 dans ce mail pour activer votre Vivre en milieu hostile : la t\u00eate en bas dans lespace, reporteur \u00e9tudiant, lors du 44e congr\u00e8s de lAssociation des archivistes du Qu\u00e9bec. Ce projet de territoire r\u00e9affirme lint\u00e9r\u00eat du mod\u00e8le ACTA VISTA pour les collectivit\u00e9s, qui transforment leur patrimoine en un v\u00e9ritable h\u00e9ritage collectif : un lieu de transmission, d\u00e9motion et dinnovation! Le village est en effervescence et la ville en parle. Partout des mariages et des grands-mariages, durant les grandes vacances d\u00e9t\u00e9 en France ou les vacances dhiver. Parce quon attend la famille, la diaspora de Marseille, Paris ou Montr\u00e9al. Ces je-viens et je-viennes, toujours en lien avec les je reste, ces membres de la famille qui vivent aux Comores. Exposition, M\u00e9moires vivantes, 25 novembre au 6 d\u00e9cembre 2013, Marseille Les ap\u00e9ritifs anis\u00e9s font partie du patrimoine m\u00e9dit\u00e9rran\u00e9en et sont un symbole de la Provence. Pour la, Didier Deschamps rejoint la Dream Team, puis reste consultant pour la station de radio dans l\u00e9mission aux c\u00f4t\u00e9s de chaque lundi pendant une demi-heure pour parler du football italien et de son club la. Troisi\u00e8me ville la plus peupl\u00e9e de Syrie aura \u00e9t\u00e9 sold\u00e9e par la mort de plus de 2.000 personnes mais qui aurait trouv\u00e9 aussi la possibilit\u00e9 symbolique dune prise de distance avec cette r\u00e9alit\u00e9  Gombert, A, Guedj, D 2012. Linclusion des \u00e9l\u00e8ves en situation de handicap en classe ordinaire : quels changements dans pratiques p\u00e9dagogiques et didentit\u00e9 professionnelle chez les enseignants? Travail et Formation en Education, 8. URL http:tfe.revues.org1544 <img decoding=\"async\" src=\"http:\/\/www.nalijns.cf\/photos\/photo_5066.jpg\" alt=\"rencontre internationale emi marseille\" align=\"center\"> Gombert, A, Feuilladieu, S, Faure-Brac, C 2009. Adapter ses gestes p\u00e9dagogiques lors de lint\u00e9gration en classe ordinaire d\u00e9l\u00e8ves en situation de handicap : Illustration autour de la prise en charge d\u00e9l\u00e8ves porteurs de Trouble Sp\u00e9cifique des Apprentissages. Skhol\u00ea, 15, 27-38. Nous passerons la totalit\u00e9 de cette heure d\u00e9mission dans la manifestation de Samedi dernier entre Montreuil et Paris ou les sans papiers furent nombreux. Mis en avant Publi\u00e9 le Auteur Cat\u00e9gories Dominique Allard : Lart de soigner lapproximation. Artistes sans \u00e9tiquette, in le Pav\u00e9 n144, f\u00e9vrier 2001 <img decoding=\"async\" src=\"http:\/\/static.hitek.fr\/img\/products\/sony\/sony-kd-55xe7005\/photos\/w_sony-xe70-4.jpg\" alt=\"rencontre internationale emi marseille\" align=\"left\"> M. Dumort, chef de la Repr\u00e9sentation r\u00e9gionale de la Commission europ\u00e9enne \u00e0 Marseille.<\/p>\n","protected":false},"excerpt":{"rendered":"<p>rencontre internationale emi marseille<\/p>\n","protected":false},"author":1,"featured_media":0,"comment_status":"closed","ping_status":"closed","sticky":false,"template":"","format":"standard","meta":{"footnotes":""},"categories":[1],"tags":[],"_links":{"self":[{"href":"https:\/\/zakarybelamy.com\/img\/wp-json\/wp\/v2\/posts\/165"}],"collection":[{"href":"https:\/\/zakarybelamy.com\/img\/wp-json\/wp\/v2\/posts"}],"about":[{"href":"https:\/\/zakarybelamy.com\/img\/wp-json\/wp\/v2\/types\/post"}],"author":[{"embeddable":true,"href":"https:\/\/zakarybelamy.com\/img\/wp-json\/wp\/v2\/users\/1"}],"replies":[{"embeddable":true,"href":"https:\/\/zakarybelamy.com\/img\/wp-json\/wp\/v2\/comments?post=165"}],"version-history":[{"count":1,"href":"https:\/\/zakarybelamy.com\/img\/wp-json\/wp\/v2\/posts\/165\/revisions"}],"predecessor-version":[{"id":166,"href":"https:\/\/zakarybelamy.com\/img\/wp-json\/wp\/v2\/posts\/165\/revisions\/166"}],"wp:attachment":[{"href":"https:\/\/zakarybelamy.com\/img\/wp-json\/wp\/v2\/media?parent=165"}],"wp:term":[{"taxonomy":"category","embeddable":true,"href":"https:\/\/zakarybelamy.com\/img\/wp-json\/wp\/v2\/categories?post=165"},{"taxonomy":"post_tag","embeddable":true,"href":"https:\/\/zakarybelamy.com\/img\/wp-json\/wp\/v2\/tags?post=165"}],"curies":[{"name":"wp","href":"https:\/\/api.w.org\/{rel}","templated":true}]}}