{"id":1737,"date":"2020-09-22T21:55:50","date_gmt":"2020-09-22T21:55:50","guid":{"rendered":"http:\/\/zakarybelamy.com\/img\/?p=1737"},"modified":"2020-09-20T06:53:14","modified_gmt":"2020-09-20T06:53:14","slug":"rencontre-franco-allemande-munich","status":"publish","type":"post","link":"https:\/\/zakarybelamy.com\/img\/2020\/09\/22\/rencontre-franco-allemande-munich\/","title":{"rendered":"Rencontre Franco Allemande Munich"},"content":{"rendered":"<p>Dans le cadre de laccord de coop\u00e9ration \u00e9ducative entre lacad\u00e9mie de Nice et la Bavi\u00e8re, une d\u00e9l\u00e9gation allemande est en visite dans lacad\u00e9mie du 16 au 20 avril 2018 notamment dans la ville de Nice. Elle a \u00e9t\u00e9 accueillie par Anne Baron-Chays, d\u00e9l\u00e9gu\u00e9e acad\u00e9mique aux relations europ\u00e9ennes et internationales et \u00e0 la coop\u00e9ration DAREIC. Les signataires des accords de Minsk, premi\u00e8re tentative en septembre dernier dun r\u00e8glement du conflit, vont \u00e9galement se retrouver \u00e0 Minsk dici \u00e0 mercredi, dapr\u00e8s la chancellerie allemande. Il sagit de repr\u00e9sentants de lOSCE Organisation pour la s\u00e9curit\u00e9 et la coop\u00e9ration en Europe, de la Russie et de lUkraine, ainsi que des leaders prorusses de lest de lUkraine. Divis\u00e9s sur les armes <img decoding=\"async\" src=\"http:\/\/www.leseco.ma\/images\/stories\/tariiik.jpg\" alt=\"rencontre franco allemande munich\" align=\"center\"> Etudiants des cursus Medienkulturwissenschaft, Franko-Media et Interkulturelle Studien Deutschland und Frankreich, sous la direction du Junior-Professor Dr. Stephan Packard, de lInstitut de sciences des m\u00e9dias de lUniversit\u00e9 de Fribourg copie des dipl\u00f4mes acquis et des relev\u00e9s de notes, baccalaur\u00e9at inclus En parall\u00e8le du lancement du programme de grand travaux publics, avec en tout premier lieu la construction dun nouveau r\u00e9seau routier, Hitler se rapproche \u00e9galement de lindustrie chimique en d\u00e9cembre Il passe un accord avec Carl Boschpropri\u00e9taire d IG Farbenpour s\u00e9curiser lapprovisionnement en produits chimiques contre des all\u00e9gements fiscaux. \u00c0 un allemand de traduire vous en trouverez un cest-Les Krabbelgruppen, groupes de jeu, sont organis\u00e9s dans les diff\u00e9rents quartiers de Munich. On peut les trouver sur. On \u00e9pingle particuli\u00e8rement les organis\u00e9s par le Centre p\u00e9rinatal et familial de Munich ainsi que les groupes de jeu organis\u00e9s par lassociation Franz M\u00fcnchen voyez ci-dessous. 1 train express de Mannheim \u00e0 destination de Sarrebruck Willkommen auf der Internetseite der deutsch-franz\u00f6sischen Vereinigung AFASP DEFTA Par la suite, le salon de lemploi a r\u00e9uni pour la 1\u00e8re fois 19 entreprises issues de diverses branches et comportant une identit\u00e9 franco-bavaroise et franco-allemande forte: Airbus, Danone, Europrop International, Akka, Bluberries, ALTEN, Lacoste, Rabot Dutilleul, Exton Consulting, 3C Career Consulting, Devialet, BNP Paribas, Mews Partners, R\u00f6dl and Partners, ARM France, Kraftanlagen M\u00fcnchen, Praxedo et Villafrance. Documentary filmmaker, independent researcher and exhibition curator, has taught at the Universities of Hamburg, Bochum, Zurich and Vienna, and works with the Hamburg Cin\u00e9math\u00e8que and the Cinepolis festival. He has published many articles in journals and books on Johan van der Keuken, Chris Marker, Dziga Vertov. His research interests are the notion of the film essay, political cinema, avant-garde film and Soviet cinema : Films : Natur Obskur 1988, Die Hafentreppe 1991, Im Land der Kinoveteranen-Filmexpedition zu Dziga Vertov 1996, Hafenstrasse im Fluss 2010. Articles du m\u00eame auteur <img decoding=\"async\" src=\"http:\/\/www4.ac-nancy-metz.fr\/clg-l-armand-petite-rosselle\/images\/stories\/mosa\/sorties\/munich2.jpg\" alt=\"rencontre franco allemande munich\" align=\"left\"> LATELIER LUDWIGSBURG-PARIS-Sous l\u00e9gide conjointe de la F\u00e9mis \u00e0 Paris et de la Filmakademie \u00e0 Baden-W\u00fcrttemberg, cette formation continue permet aux jeunes producteurs et distributeurs europ\u00e9ens de perfectionner leur pratique professionnelle. Expression du sociologue Fran\u00e7ois de Singly, cit\u00e9 par St\u00e9phanie Noblet, Quand les secrets de famille font la une de lactualit\u00e9, Le Monde, 22 mai 2004. Si la logique est de peser sur les activit\u00e9s les plus risqu\u00e9es des banques, on taxerait alors le trading book ou les actifs pond\u00e9r\u00e9s par les risques : nous partageons cette logique, a-t-il ajout\u00e9. La relation prime sur le contenu ou lart d\u00e9tablir une relation Votre mot de passe doit comporter au moins 6 caract\u00e8res, sans espace. Nouveau mot de passe F\u00fcr mehr Informationen: cameleonsvagabondsgmail.com <img decoding=\"async\" src=\"http:\/\/www.jacques-ferrier.com\/wp-content\/uploads\/jacques-ferrier-architecture-munich-gasteig-maquette-3-1900x1418.jpg\" alt=\"rencontre franco allemande munich\" align=\"left\"> Hier Aujourdhui. Demain les \u00e9tudiants discutent des perspectives europ\u00e9ennes. Cest Le Monde qui lannonce aujourdhui : en poste depuis 2014 \u00e0 lOp\u00e9ra de Paris, St\u00e9phane Lissner aurait d\u00fb partir fin juillet 2021, au terme dun mandat de sept ans dont le gouvernement lui a refus\u00e9 quil soit prolong\u00e9. Mais les gr\u00e8ves \u00e0 r\u00e9p\u00e9tition et les incertitudes li\u00e9es \u00e0 la pand\u00e9mie de Covid-19, assorties dun d\u00e9ficit record de la maison dart lyrique parisienne, ont chang\u00e9 la donne. La situation n\u00e9cessite d\u00e9sormais des prises de d\u00e9cision urgentes dune telle importance que le directeur g\u00e9n\u00e9ral a pr\u00e9f\u00e9r\u00e9 rompre son contrat et laisser, d\u00e8s janvier 2021, les mains libres \u00e0 son successeur, lAllemand Alexander Neef 46 ans. Le 9 e cycle du s\u00e9minaire franco-allemand SFA, comprenant 24 participants fran\u00e7ais et allemands, a d\u00e9but\u00e9 \u00e0 Berlin les 10, 11 et 12 avril 2016. Lors de cette premi\u00e8re rencontre, les participants ont eu lhonneur de sentretenir avec Wolfgang Scha\u00fcble, ministre des Finances. Des rendez-vous ont \u00e9t\u00e9 organis\u00e9s \u00e9galement \u00e0 la Chancellerie, au Bundestag, \u00e0 la cellule de crise du minist\u00e8re des Affaires \u00e9trang\u00e8res ainsi qu\u00e0 lambassade de France, autant dopportunit\u00e9s pour les membres fran\u00e7ais et allemands du s\u00e9minaire de dialoguer avec des dirigeants, \u00e9lus, ou hauts fonctionnaires de ladministration allemande. Lors des ateliers, les participants, r\u00e9partis en quatre groupes binationaux, ont travaill\u00e9 sur les th\u00e8mes de lint\u00e9gration europ\u00e9enne, des migrations, du Brexit et des finances publiques et leuro.  Riches dune forte exp\u00e9rience du march\u00e9 franco-allemand, des hommes et des femmes impliqu\u00e9s dans le tissu \u00e9conomique r\u00e9gional ont cr\u00e9\u00e9 RAFAL, une plate-forme de ressources d\u00e9di\u00e9e \u00e0 ses membres. Lieu de rencontres, d\u00e9changes did\u00e9es et de savoir-faire, RAFAL conseille et accompagne ses adh\u00e9rents dans la valorisation de leurs projets. Depuis lors, un certain nombre de conseils municipaux sen sont dailleurs distanci\u00e9s, soit en raison des co\u00fbts, soit pour ne pas sassocier \u00e0 une initiative stigmatis\u00e9e avec autant de virulence. Le site Internet pour les echanges et la visualisation des activit\u00e9s de chaque membre. Favoriser les \u00e9changes industriels et commerciaux entre les entreprises du Languedoc-Roussillon et celles des pays germanophones. Expo Real 2019 : le salon international de limmobilier et des investissements \u00e0 Munich  .<\/p>\n","protected":false},"excerpt":{"rendered":"<p>rencontre franco allemande munich<\/p>\n","protected":false},"author":1,"featured_media":0,"comment_status":"closed","ping_status":"closed","sticky":false,"template":"","format":"standard","meta":{"footnotes":""},"categories":[1],"tags":[],"_links":{"self":[{"href":"https:\/\/zakarybelamy.com\/img\/wp-json\/wp\/v2\/posts\/1737"}],"collection":[{"href":"https:\/\/zakarybelamy.com\/img\/wp-json\/wp\/v2\/posts"}],"about":[{"href":"https:\/\/zakarybelamy.com\/img\/wp-json\/wp\/v2\/types\/post"}],"author":[{"embeddable":true,"href":"https:\/\/zakarybelamy.com\/img\/wp-json\/wp\/v2\/users\/1"}],"replies":[{"embeddable":true,"href":"https:\/\/zakarybelamy.com\/img\/wp-json\/wp\/v2\/comments?post=1737"}],"version-history":[{"count":1,"href":"https:\/\/zakarybelamy.com\/img\/wp-json\/wp\/v2\/posts\/1737\/revisions"}],"predecessor-version":[{"id":1738,"href":"https:\/\/zakarybelamy.com\/img\/wp-json\/wp\/v2\/posts\/1737\/revisions\/1738"}],"wp:attachment":[{"href":"https:\/\/zakarybelamy.com\/img\/wp-json\/wp\/v2\/media?parent=1737"}],"wp:term":[{"taxonomy":"category","embeddable":true,"href":"https:\/\/zakarybelamy.com\/img\/wp-json\/wp\/v2\/categories?post=1737"},{"taxonomy":"post_tag","embeddable":true,"href":"https:\/\/zakarybelamy.com\/img\/wp-json\/wp\/v2\/tags?post=1737"}],"curies":[{"name":"wp","href":"https:\/\/api.w.org\/{rel}","templated":true}]}}