{"id":1899,"date":"2020-09-22T17:50:48","date_gmt":"2020-09-22T17:50:48","guid":{"rendered":"http:\/\/zakarybelamy.com\/img\/?p=1899"},"modified":"2020-09-20T10:57:37","modified_gmt":"2020-09-20T10:57:37","slug":"rencontre-cinematographique-salon-de-provence","status":"publish","type":"post","link":"https:\/\/zakarybelamy.com\/img\/2020\/09\/22\/rencontre-cinematographique-salon-de-provence\/","title":{"rendered":"Rencontre Cin\u00e9matographique Salon De Provence"},"content":{"rendered":"<p><img decoding=\"async\" src=\"http:\/\/www.info83.fr\/wp-content\/uploads\/2018\/07\/chateau-la-tulipe-noire-610x380.jpg\" alt=\"rencontre cin\u00e9matographique salon de provence\" align=\"left\"> Mumbai. Ramanna, un tueur en s\u00e9rie fascin\u00e9 par un psychopathe des ann\u00e9es 60, et Raghavan, un jeune policier, se livrent une lutte sans merci. Mais sait-on vraiment qui chasse lautre? Fran\u00e7oise Lebrun est actrice cin\u00e9aste aussi, Crazy quilt 2011. Elle joue dans les films de Jean Eustache, Marguerite Duras, Paul Vecchiali, Andr\u00e9 T\u00e9chin\u00e9, Lucas Belvaux, Pierre Creton, Vincent Dieutre.  Les fant\u00f4mes hantent le cin\u00e9ma des premiers temps. La musique attire le spectateur dans les baraques du cin\u00e9ma forain, \u00e0 la d\u00e9couverte des premiers effets sp\u00e9ciaux, les r\u00e9alisateurs sen donnent \u00e0 coeur joie, cr\u00e9ant fant\u00f4mes comiques, corps sans t\u00eate qui dansent, personnages qui disparaissent sous loeil m\u00e9dus\u00e9 du spectateur. La sc\u00e9nographie et les instants purement musicaux du spectacle nous transportent dans une autre dimension \u00e0 la rencontre du cin\u00e9ma fantastique. Avec une palette sonore audacieuse et singuli\u00e8re, un trio constitu\u00e9 dun piano \u00e9lectrique Wurlitzer, dun alto augment\u00e9 et dune batterie, m\u00eale lacoustique \u00e0 l\u00e9lectronique, le bruitisme au m\u00e9lodique. La rose des vents au Th\u00e9\u00e2tre du Bois de lAune les 25 et 26 octobre La lettre dinformation mise en ligne par KYRN\u00c9A, coordination nationale de Passeurs dimages, traite mensuellement dactualit\u00e9s et dinformations sur les pratiques cin\u00e9matographiques et audiovisuelles li\u00e9es au champ social. Vous pouvez retrouver lint\u00e9gralit\u00e9 de ces lettres sur le site AVANT PREMI\u00c8RE-National Gallery Dimanche 14 septembre 18h Ateliers d\u00e9ducation \u00e0 limage, autour des effets sp\u00e9ciaux, coordonn\u00e9s par lECLA, la Drac et le Conseil d\u00e9partemental de la Gironde. 18 juillet 9h-12h, 20 et 22 juillet 9h-18h \u00e0 lALSH de Duras Trouvez les \u00e9ditions 2017, 2016, 2015, 2014, 2013 du festival Festival dAutomne-Cin\u00e9ma dHier et Demain Location toute lann\u00e9e pour un s\u00e9jour minimum de 3 jours. Un site conseill\u00e9 pour tous nos \u00e9l\u00e8ves de 6\u00e8me.. Et pour tous les autres! Les champs marqu\u00e9s dun sont obligatoires. Envoyer  La plateforme num\u00e9rique OBSERVER-VOIR, d\u00e9velopp\u00e9e par les Rencontres dArles, propose une offre p\u00e9dagogique et des ressources en lien avec la photographie, accessible \u00e0 tous et pour tous. AVANT PREMI\u00c8RE-Whiplash VO de Damien Chazelle Samedi 20 septembre \u00e0 20h30 Objet de lassociation : promouvoir un cin\u00e9ma de qualit\u00e9 portant sur un th\u00e8me donn\u00e9 \u00e0 loccasion de rencontre entre des oeuvres du septi\u00e8me art, des professionnels et des cin\u00e9philes, et ainsi de favoriser le d\u00e9veloppement dune culture cin\u00e9matographique dans notre r\u00e9gion AVANT PREMI\u00c8RE-A Hard day Samedi 13 septembre \u00e0 19h00 S\u00e9lection de films dauteurs, concours de courts-m\u00e9trages. La projection sera suivie dune rencontre avec des membres de l\u00e9quipe du film pr\u00e9cisions \u00e0 venir. <img decoding=\"async\" src=\"http:\/\/www.utd-salondeprovence.com\/medias\/images\/test-cinema.jpg\" alt=\"rencontre cin\u00e9matographique salon de provence\" align=\"left\">  <img decoding=\"async\" src=\"http:\/\/www.museeregardsdeprovence.com\/wp-content\/gallery\/regards-cafe\/terrasse-regards-cafe-fort-saint-jean-bd.jpg\" alt=\"rencontre cin\u00e9matographique salon de provence\" align=\"right\"> LARP SOCIETE DES AUTEURS REALISATEURS PRODUCTEURS La ligne \u00e9ditoriale de la Quinzaine des R\u00e9alisateurs, attentive \u00e0 l\u00e9mergence des nouveaux cin\u00e9astes comme aux auteurs confirm\u00e9s d\u00e8s lors que ces oeuvres t\u00e9moignent de lexpression dun talent singulier et dune \u00e9criture cin\u00e9matographique originale, r\u00e9sonne \u00e9videmment avec celle du GNCR, association de salles de cin\u00e9ma qui d\u00e9couvre et fait conna\u00eetre aux publics des oeuvres cin\u00e9matographiques singuli\u00e8res et inventives, des films qui contribuent \u00e0 renouveler ou \u00e0 interroger lart cin\u00e9matographique.<\/p>\n","protected":false},"excerpt":{"rendered":"<p>rencontre cin\u00e9matographique salon de provence<\/p>\n","protected":false},"author":1,"featured_media":0,"comment_status":"closed","ping_status":"closed","sticky":false,"template":"","format":"standard","meta":{"footnotes":""},"categories":[1],"tags":[],"_links":{"self":[{"href":"https:\/\/zakarybelamy.com\/img\/wp-json\/wp\/v2\/posts\/1899"}],"collection":[{"href":"https:\/\/zakarybelamy.com\/img\/wp-json\/wp\/v2\/posts"}],"about":[{"href":"https:\/\/zakarybelamy.com\/img\/wp-json\/wp\/v2\/types\/post"}],"author":[{"embeddable":true,"href":"https:\/\/zakarybelamy.com\/img\/wp-json\/wp\/v2\/users\/1"}],"replies":[{"embeddable":true,"href":"https:\/\/zakarybelamy.com\/img\/wp-json\/wp\/v2\/comments?post=1899"}],"version-history":[{"count":1,"href":"https:\/\/zakarybelamy.com\/img\/wp-json\/wp\/v2\/posts\/1899\/revisions"}],"predecessor-version":[{"id":1900,"href":"https:\/\/zakarybelamy.com\/img\/wp-json\/wp\/v2\/posts\/1899\/revisions\/1900"}],"wp:attachment":[{"href":"https:\/\/zakarybelamy.com\/img\/wp-json\/wp\/v2\/media?parent=1899"}],"wp:term":[{"taxonomy":"category","embeddable":true,"href":"https:\/\/zakarybelamy.com\/img\/wp-json\/wp\/v2\/categories?post=1899"},{"taxonomy":"post_tag","embeddable":true,"href":"https:\/\/zakarybelamy.com\/img\/wp-json\/wp\/v2\/tags?post=1899"}],"curies":[{"name":"wp","href":"https:\/\/api.w.org\/{rel}","templated":true}]}}