{"id":1957,"date":"2020-09-22T11:17:11","date_gmt":"2020-09-22T11:17:11","guid":{"rendered":"http:\/\/zakarybelamy.com\/img\/?p=1957"},"modified":"2020-09-20T12:03:36","modified_gmt":"2020-09-20T12:03:36","slug":"rencontres-jeunes-publics","status":"publish","type":"post","link":"https:\/\/zakarybelamy.com\/img\/2020\/09\/22\/rencontres-jeunes-publics\/","title":{"rendered":"Rencontres Jeunes Publics"},"content":{"rendered":"<p><img decoding=\"async\" src=\"http:\/\/www.saint-die.eu\/images\/09_ACTU\/2018\/09-Septembre\/slide-JEP.jpg\" alt=\"rencontres jeunes publics\" align=\"left\"> Le spectacle vivant nous parle de nous et des autres et nous offre \u00e0 partager des visions diff\u00e9rentes du monde. Quoi de plus fort que les \u00e9motions pour enrichir le parcours \u00e9ducatif de lenfant? Echapp\u00e9es Belles, BLANQUEFORT 33, Nouvelle Aquitaine <img decoding=\"async\" src=\"http:\/\/www.culture.gouv.fr\/content\/download\/139682\/1526923\/version\/1\/file\/Invitation.png\" alt=\"rencontres jeunes publics\" align=\"center\"> Le m\u00e9tier d\u00e9ducateur sportif aujourdhui : entre p\u00e9dagogie et \u00e9ducation citoyenne C4 Programme denseignement darts plastiques et d\u00e9ducation musicale BO sp\u00e9cial n6 du 8 ao\u00fbt 2008.. L\u00e9l\u00e8ve  En partenariat avec M\u00e9c\u00e8ne et Loire, lEsad TALM et NEF Animation saison 20202021, que nous avons h\u00e2te de partager avec vous. Intervenant : Robin LEHOUX Comit\u00e9 d\u00e9partemental UFOLEP Lieu : Salle de r\u00e9union Intervenant : Bertrand GU\u00c9RINEAU-psychologue Lieu : Salle de r\u00e9union Festival Petit Monde, HAZEBROUCK 59, Hauts de France Toute l\u00e9quipe de Cin\u00e9-Jeune de lAisne est heureuse de vous pr\u00e9senter le catalogue de la 38e \u00e9dition de son festival! Accessible en ligne et sur papier, vous y retrouverez le planning des s\u00e9ances publiques et scolaires, le r\u00e9sum\u00e9 des films projet\u00e9s, les descriptions de nos ateliers et s\u00e9ances \u00e9v\u00e9nements un document complet pour tout B\u00e9n\u00e9nova, une ressource pour mobiliser des b\u00e9n\u00e9voles-Club de LElan Sport Adapt\u00e9 \u00e0 Nantes  <img decoding=\"async\" src=\"http:\/\/www.scenesdenfance-assitej.fr\/wp-2016\/wp-content\/uploads\/2018\/05\/sand-1-440x250.jpg\" alt=\"rencontres jeunes publics\" align=\"right\"> Entre chaque sc\u00e8ne, les porcelets des marionnettes de la taille dun enfant, manipul\u00e9es par les personnages respectifs commentent les agissements de leurs parents entrevus en r\u00eave.. Laction culturelle concocte r\u00e9guli\u00e8rement des \u00e9v\u00e9nements d\u00e9cal\u00e9s et inclassables, en lien avec la programmation des concerts. Les Ptits concerts r\u00e9unissent enfants et parents au c\u0153ur de jolies bulles musicales. Uniques, ils ont \u00e9t\u00e9 concoct\u00e9 par les artistes de la programmation, qui ont repens\u00e9 leur set pour le jeune public. Versions acoustiques, nouveaux arrangements, dur\u00e9e adapt\u00e9e, \u00e9changes et proximit\u00e9 sont au c\u0153ur de ces jolies bulles : il ny a pas d\u00e2ge pour le bon son! Les PRJ sont ouverts aux 11 17 ans, toute lann\u00e9e, du mardi au samedi. Lacc\u00e8s y est totalement gratuit. Une \u00e9quipe de 3 \u00e0 4 animateurs dont un responsable de structure est affect\u00e9e \u00e0 chaque structure. Mobile \u00e0 100, Happn recourt \u00e0 la localisation des t\u00e9l\u00e9phones pour permettre \u00e0 ses utilisateurs de retrouver les personnes crois\u00e9es dans un lieu public, une soir\u00e9e.. N\u00e9e en f\u00e9vrier 2014, la soci\u00e9t\u00e9, qui a \u00e9lu domicile dans le Sentier Paris, est lune des r\u00e9ussites fran\u00e7aises du moment, avec un d\u00e9veloppement \u00e9chevel\u00e9 : elle vise pr\u00e8s de 30 millions dinscrits dans le monde \u00e0 fin 2016, rapportait le magazine Management en juin. Parmi les moments les plus marquants des derni\u00e8res Rencontres, on peut citer : la Nuit de lEurope 2008, qui a pr\u00e9sent\u00e9 un large panorama des identit\u00e9s photographiques europ\u00e9ennes ; le d\u00e9fil\u00e9 spectacle cr\u00e9\u00e9 par Christian Lacroix pour la soir\u00e9e de cl\u00f4ture du festival 2008; et le concert de Patti Smith \u00e0 loccasion de lanniversaire des 20 ans de lagence Vu 2006. .<\/p>\n","protected":false},"excerpt":{"rendered":"<p>rencontres jeunes publics<\/p>\n","protected":false},"author":1,"featured_media":0,"comment_status":"closed","ping_status":"closed","sticky":false,"template":"","format":"standard","meta":{"footnotes":""},"categories":[1],"tags":[],"_links":{"self":[{"href":"https:\/\/zakarybelamy.com\/img\/wp-json\/wp\/v2\/posts\/1957"}],"collection":[{"href":"https:\/\/zakarybelamy.com\/img\/wp-json\/wp\/v2\/posts"}],"about":[{"href":"https:\/\/zakarybelamy.com\/img\/wp-json\/wp\/v2\/types\/post"}],"author":[{"embeddable":true,"href":"https:\/\/zakarybelamy.com\/img\/wp-json\/wp\/v2\/users\/1"}],"replies":[{"embeddable":true,"href":"https:\/\/zakarybelamy.com\/img\/wp-json\/wp\/v2\/comments?post=1957"}],"version-history":[{"count":1,"href":"https:\/\/zakarybelamy.com\/img\/wp-json\/wp\/v2\/posts\/1957\/revisions"}],"predecessor-version":[{"id":1958,"href":"https:\/\/zakarybelamy.com\/img\/wp-json\/wp\/v2\/posts\/1957\/revisions\/1958"}],"wp:attachment":[{"href":"https:\/\/zakarybelamy.com\/img\/wp-json\/wp\/v2\/media?parent=1957"}],"wp:term":[{"taxonomy":"category","embeddable":true,"href":"https:\/\/zakarybelamy.com\/img\/wp-json\/wp\/v2\/categories?post=1957"},{"taxonomy":"post_tag","embeddable":true,"href":"https:\/\/zakarybelamy.com\/img\/wp-json\/wp\/v2\/tags?post=1957"}],"curies":[{"name":"wp","href":"https:\/\/api.w.org\/{rel}","templated":true}]}}