{"id":2001,"date":"2020-09-22T19:43:33","date_gmt":"2020-09-22T19:43:33","guid":{"rendered":"http:\/\/zakarybelamy.com\/img\/?p=2001"},"modified":"2020-09-20T13:26:12","modified_gmt":"2020-09-20T13:26:12","slug":"rencontre-assise-pape","status":"publish","type":"post","link":"https:\/\/zakarybelamy.com\/img\/2020\/09\/22\/rencontre-assise-pape\/","title":{"rendered":"Rencontre Assise Pape"},"content":{"rendered":"<p>Beno\u00eet XVI Pour sa deuxi\u00e8me visite pastorale en Italie dans la c\u00e9l\u00e8bre cit\u00e9 de saint.. Nous voulons que notre d\u00e9marche commune aujourdhui soit un aiguillon qui montre que lon peut construire tous ensemble un monde meilleur, Toujours dans un \u00e9tat de sant\u00e9 fragile, Michael Schumacher pourrait b\u00e9n\u00e9ficier dun traitement exp\u00e9rimental \u00e0 base de cellules souches. Lop\u00e9ration devrait toutefois \u00eatre report\u00e9e \u00e0 cause de l\u00e9pid\u00e9mie de coronavirus. Quelques jours apr\u00e8s son \u00e9lection, lex-cardinal Jorge Bergoglio avait dit vouloir instaurer une Eglise pauvre, pour les pauvres. Un humanisme de paix, une civilisation du vivre ensemble dans la diversit\u00e9 : voil\u00e0 ce que nous proposons dans ce monde pluriel de mani\u00e8re irr\u00e9ductible. Rien et personne ne peut homologuer les hommes : ni la force, ni l\u00e9conomie, ni une puissance culturelle. Rien ne peut aussi assurer la s\u00e9curit\u00e9 dun homme ou dun peuple sans la libert\u00e9 de lautre. Nous le voyons aujourdhui dans le d\u00e9sir de libert\u00e9 qui monte partout. Mais la force de lesprit peut nous lib\u00e9rer de la peur de lautre. Lesprit dAssise est ami de la libert\u00e9. La rencontre entre hommes et femmes de religions diff\u00e9rentes converge clairement dans la libert\u00e9. La libert\u00e9, celle de chacun et des peuples, reste une r\u00e9alit\u00e9 inviolable. Laventure de la libert\u00e9 dans lhistoire-o\u00f9 la France a jou\u00e9 un grand r\u00f4le-ne nous effraye pas parce que lEsprit est libre. Les croyants sont porteurs dune force spirituelle damour et de mis\u00e9ricorde qui r\u00e9veille les c\u0153urs, qui r\u00e9siste \u00e0 la culture muette de lantagonisme et regarde au-del\u00e0.  La direction du groupe automobile avait annonc\u00e9 aux \u00e9lus syndicaux que plus de 200 salari\u00e9s polonais devaient renforcer les \u00e9quipes du site dHordain Nord pour une dur\u00e9e de trois mois. N\u00e9 le 1er avril 1931, M. Hochhuth a grandi en Hesse, dans le centre de lAllemagne, sous le r\u00e9gime dAdolf Hitler. Il avait \u00e9t\u00e9 embrigad\u00e9 dans les Jeunesses hitl\u00e9riennes. Les crimes nazis \u00e9taient devenus le centre de son \u0153uvre. Le 26 octobre 2011, \u00e0 la veille de la Journ\u00e9e de r\u00e9flexion, de dialogue et de pri\u00e8re pour la paix et la justice dans le monde qui se d\u00e9roulera \u00e0 Assise, le pape Beno\u00eet XVI a consacr\u00e9 son audience g\u00e9n\u00e9rale \u00e0 la pr\u00e9paration spirituelle de ce rendez-vous. Nous voulons demander \u00e0 Dieu que la rencontre de demain \u00e0 Assise apporte un rayon de lumi\u00e8re capable dilluminer lesprit et le c\u0153ur de tous les hommes, afin que la ranc\u0153ur c\u00e8de la place au pardon, la division \u00e0 la r\u00e9conciliation, la haine \u00e0 lamour, la violence \u00e0 la douceur, et que la paix r\u00e8gne dans le monde. Cest vrai que dans toutes les religions, lhospitalit\u00e9 est sacr\u00e9e. Cependant lhistoire nous enseigne quentre les religions les lois de lhospitalit\u00e9 sont souvent abolies, et cest alors le rejet qui est sacr\u00e9. Pourquoi ce blocage? Le pape Fran\u00e7ois \u00e0 Assise, une visite hautement symbolique Une rencontre avec le pape ce mercredi pour Marin, le supporter de lASSE agress\u00e9 \u00e0 Lyon Le bilan de la pand\u00e9mie de nouveau coronavirus au Royaume-Uni a brutalement augment\u00e9 \u00e0 26 097 morts mercredi, soit le deuxi\u00e8me plus lourd en Europe apr\u00e8s lItalie, du fait de, ont indiqu\u00e9 les services de sant\u00e9. Le bilan de mardi, qui ne portait que sur les h\u00f4pitaux, faisait \u00e9tat de 21 678 morts. En cinq actes, l\u00e9crivain sattaquait \u00e0 la dictature de l\u00e9conomie mondiale et aux licenciements de masse dans le cadre des restructurations pr\u00e9conis\u00e9es aux grands patrons par les puissants consultants priv\u00e9s, do\u00f9 le titre inspir\u00e9 de la multinationale de conseil en entreprise McKinsey. En 2009, \u00e0 soixante-dix ans du d\u00e9but de la seconde guerre mondiale, le p\u00e8lerinage de paix passe par, la ville de Jean-Paul II, en Pologne. La rencontre, intitul\u00e9e lesprit dAssise \u00e0 Cracovie, se tient du 6 au 8 septembre 2009.  <img decoding=\"async\" src=\"http:\/\/media02.radiovaticana.va\/photo\/2016\/09\/18\/ANSA1071831_LancioGrande.jpg\" alt=\"rencontre assise pape\" align=\"right\">  Dans lhistoire des relations quentretient lEglise catholique avec les autres religions, il y a un avant et un apr\u00e8s Vatican II. Et surtout sa d\u00e9claration sur les relations de lEglise avec les religions non chr\u00e9tiennes, Nostra \u00c6tate, promulgu\u00e9e le 28 octobre 1965. Le Pape \u00e9crit dans lencyclique Novo Millennio Ineunte : le grand d\u00e9fi du dialogue interreligieux se pose, dans lequel le nouveau si\u00e8cle nous verra encore engag\u00e9. Le dialogue doit continuer. <img decoding=\"async\" src=\"http:\/\/rampok.org\/img\/f3a564754ada018028f9d980f524dfe5.jpg\" alt=\"rencontre assise pape\" align=\"left\"> Alors que la France commencera son d\u00e9confinement \u00e0 partir du 11 mai, la menace du Covid-19 rend tr\u00e8s compliqu\u00e9e de savoir si pourront se d\u00e9rouler normalement. Le gouvernement sengage \u00e0 donner des perspectives claires \u00e0 la fin mai. Jean-Claude Leclerc enseigne le journalisme \u00e0 lUniversit\u00e9 de Montr\u00e9al. 6SantEgidio eut le m\u00e9rite de comprendre imm\u00e9diatement la port\u00e9e de linitiative du pape p. 18 et dassumer cette suite ininterrompue de rencontres depuis 1986, faisant progresser la dynamique interreligieuse en m\u00eame temps que la globalisation, une r\u00e9alit\u00e9 qui facilite la cohabitation des diverses autorit\u00e9s spirituelles et religieuses p 44. En ce sens, lesprit dAssise est port\u00e9, \u00e9tendu et sauvegard\u00e9, tout \u00e0 la fois, par SantEgidio, en lien \u00e9troit avec le pape Jean-Paul II. Aussi nest-on pas \u00e9tonn\u00e9 de la reconnaissance officielle dont il honore la communaut\u00e9 en 1986 pour assumer \u00e0 la fois un enjeu majeur du pontificat et un h\u00e9ritage essentiel dans la transition du XX e si\u00e8cle, celui des malheurs et de la violence totale Alain Besan\u00e7on au si\u00e8cle suivant, celui o\u00f9 le besoin de paix passe n\u00e9cessairement par lacceptation du pluralisme des cultures et des religions, et par un humanisme nouveau, celui du vivre ensemble th\u00e8me central des Rencontres de Lyon. Une femme se couvre de plastique alors que de fortes pluies tombent devant un h\u00f4pital de New York le 13 avril. <img decoding=\"async\" src=\"http:\/\/1.bp.blogspot.com\/-oZosbZEbyfE\/TlrTP7rFthI\/AAAAAAAAA0k\/eAbfP4ymdvU\/s1600\/Basilique%2BSt-Fran%25C3%25A7ois%252C%2B%25C3%25A0%2BAssise.jpg\" alt=\"rencontre assise pape\" align=\"left\">.<\/p>\n","protected":false},"excerpt":{"rendered":"<p>rencontre assise pape<\/p>\n","protected":false},"author":1,"featured_media":0,"comment_status":"closed","ping_status":"closed","sticky":false,"template":"","format":"standard","meta":{"footnotes":""},"categories":[1],"tags":[],"_links":{"self":[{"href":"https:\/\/zakarybelamy.com\/img\/wp-json\/wp\/v2\/posts\/2001"}],"collection":[{"href":"https:\/\/zakarybelamy.com\/img\/wp-json\/wp\/v2\/posts"}],"about":[{"href":"https:\/\/zakarybelamy.com\/img\/wp-json\/wp\/v2\/types\/post"}],"author":[{"embeddable":true,"href":"https:\/\/zakarybelamy.com\/img\/wp-json\/wp\/v2\/users\/1"}],"replies":[{"embeddable":true,"href":"https:\/\/zakarybelamy.com\/img\/wp-json\/wp\/v2\/comments?post=2001"}],"version-history":[{"count":1,"href":"https:\/\/zakarybelamy.com\/img\/wp-json\/wp\/v2\/posts\/2001\/revisions"}],"predecessor-version":[{"id":2002,"href":"https:\/\/zakarybelamy.com\/img\/wp-json\/wp\/v2\/posts\/2001\/revisions\/2002"}],"wp:attachment":[{"href":"https:\/\/zakarybelamy.com\/img\/wp-json\/wp\/v2\/media?parent=2001"}],"wp:term":[{"taxonomy":"category","embeddable":true,"href":"https:\/\/zakarybelamy.com\/img\/wp-json\/wp\/v2\/categories?post=2001"},{"taxonomy":"post_tag","embeddable":true,"href":"https:\/\/zakarybelamy.com\/img\/wp-json\/wp\/v2\/tags?post=2001"}],"curies":[{"name":"wp","href":"https:\/\/api.w.org\/{rel}","templated":true}]}}