{"id":2031,"date":"2020-09-23T14:40:39","date_gmt":"2020-09-23T14:40:39","guid":{"rendered":"http:\/\/zakarybelamy.com\/img\/?p=2031"},"modified":"2020-09-20T14:23:30","modified_gmt":"2020-09-20T14:23:30","slug":"rencontres-de-la-photo-arles","status":"publish","type":"post","link":"https:\/\/zakarybelamy.com\/img\/2020\/09\/23\/rencontres-de-la-photo-arles\/","title":{"rendered":"Rencontres De La Photo Arles"},"content":{"rendered":"<p>Rencontres dArles : appel \u00e0 candidatures pour le poste de directeur-Le Monde de la Photo LAm\u00e9rique na finalement pas tellement chang\u00e9. Elle sindignait hier quun \u00e9tranger puisse la repr\u00e9senter Robert Frank est suisse, elle continue aujourdhui de stigmatiser lautre. Tandis que, discours apr\u00e8s discours, son actuel et surprenant dirigeant pr\u00f4ne le repli sur soi, les Rencontres dArles vous propose une vision d\u00e9centr\u00e9e, preuve que la premi\u00e8re puissance mondiale doit un peu de son image au regard des \u00e9trangers. 21 G\u00e9rard-Georges Lemaire 2004 d\u00e9crit la naissance, dans le salon florentin apparu en 1674, dun pet <img decoding=\"async\" src=\"http:\/\/www.enrevenantdelexpo.com\/wp-content\/uploads\/2015\/07\/paolo-woods-et-gabriele-galimberti-les-rencontres-de-la-photographie-arles-2015-02_1.jpg\" alt=\"rencontres de la photo arles\" align=\"center\"> C\u00e9l\u00e9brer une institution, cest aussi une mani\u00e8re de rendre hommage et de prolonger laction de ses fondateurs, Lucien Clergue, Michel Tournier et JeanMaurice Rouquette disparu cette ann\u00e9e. Tous les trois auront eu \u00e0 c\u0153ur de d\u00e9mocratiser la photographie. Cest pour cette raison que le minist\u00e8re de la Culture soutient les Rencontres dArles avec autant de force et accompagne depuis toujours la photographie dans le pays qui la vu na\u00eetre. Car le minist\u00e8re conduit une politique active en direction du soutien \u00e0 la cr\u00e9ation commandes photographiques ambitieuses, lieux de diffusion, de l\u00e9ducation \u00e0 limage dispositif Diagonal, des fonds patrimoniaux, de l\u00e9dition, de la photographie documentaire et du photojournalisme. Arles : les Rencontres f\u00eatent 50 ans de photographie  Au premi\u00e8res Rencontres, les soir\u00e9es \u00e9taient chaudes! Je me souviens dune qui portait sur la photographie de mode : des gens excit\u00e9s ont mis le feu au grand \u00e9cran du th\u00e9\u00e2tre antique.. Dautres s\u00e9ances \u00e9taient couvertes de cris, de tomates! La contestation \u00e9tait r\u00e9elle. D\u00e8s que quelque-chose nallait pas, les gens grognaient. Ce nest plus le cas maintenant. On leur passe nimporte quoi, et les gens ne r\u00e9agissent pas. Ce nest pas propre aux Rencontres, cest un ph\u00e9nom\u00e8ne de soci\u00e9t\u00e9 : les gens sont plus passifs quauparavant, et dans tous les domaines. La Provence vient \u00e0 vous! Restez connect\u00e9s et restezchezvous <img decoding=\"async\" src=\"http:\/\/www.globesecret.com\/img\/cache\/photos\/9\/3\/9375834bfca3134c5e6761ebbda91d80\/470x264_RencontresArles0.jpg\" alt=\"rencontres de la photo arles\" align=\"right\"> <img decoding=\"async\" src=\"http:\/\/www.theprovenceherald.fr\/wp-content\/uploads\/2014\/06\/mazaccioetdrowilal_02-INTER.jpg\" alt=\"rencontres de la photo arles\" align=\"center\"> Des expositions sont organis\u00e9es tous les vendredis de l\u00e9t\u00e9, au 34 rue du Docteur Fanton, pour pr\u00e9senter les travaux des participants aux stages.Apr\u00e8s un vote des participants, les travaux dun laur\u00e9at par stage programm\u00e9 sont s\u00e9lectionn\u00e9s pour \u00eatre expos\u00e9s tout l\u00e9t\u00e9 \u00e0 la Maison des peintres.  Foo Fighters N\u00eemes : Les Foo Fighters seront au Festival de N\u00eemes les 14 et 15 juin 2021, seule date Recevez quotidiennement lessentiel de lactualit\u00e9 de lart et de son march\u00e9. R\u00e9\u00e9couter Les rencontres photographiques dArles : En direct et en public \u00e9couter 1h05 1h05 Vous pr\u00e9parez votre visite sur Arles pour les Rencontres? DECOUVREZ NOS BONNES ADRESSES Tarifs multiples : entr\u00e9e lieu \u00e0 lunit\u00e9 de 5,50 \u00e0 14 forfait journ\u00e9e 21 et 26 en ligne forfait toutes expositions 24 et 29en ligne entr\u00e9e gratuite pour les moins de 18 ans. Une lecture critique des Rencontres de la Photographie dArles Lexposition collective Les murs du pouvoir 35 photographes fait un tour complet des murs qui, en Europe, nous s\u00e9parent. Cela passe par les barbel\u00e9s de la fronti\u00e8re hongroise \u00e0 celles de Ceuta, contre les migrants, mais cela concerne aussi les murs qui s\u00e9parent encore aujourdhui les Irlandais ou qui, en Europe de lEst, enferment les Roms dans des ghettos. Malheureusement, il est peu probable de voir prochainement une expo sur les ponts qui nous unissent, tant lEurope devient une forteresse. Passage dune famille syrienne \u00e0 la fronti\u00e8re hongroise. Istvan Bielik Mur de s\u00e9paration \u00e0 Belfast entre quartiers catholique et protestant. Frankie Quinn Migrants franchissant le grillage de protection de lenclave espagnole de Ceuta, au Maroc. Sergi Camera Livre : The Pearl River, Ed. Patrick Frey, 152 p, 52. Home Sweet Home-1970-2018 : la maison britannique, une histoire politique En 2015, les Rencontres dArles ont lanc\u00e9 un prix daide \u00e0 la publication dune maquette de livre. Dot\u00e9 dun budget de production de 25 000 euros, ce prix est ouvert \u00e0 tout photographe et artiste \u00e9mergent utilisant la photographie sur proposition dune maquette de livre nayant jamais fait lobjet dune publication. Une attention particuli\u00e8re est port\u00e9e aux formes \u00e9ditoriales exp\u00e9rimentales et novatrices. La Fondation LUMA est le partenaire exclusif de ce prix. Montrer les femmes telles quelles sont, au quotidien, loin des strat\u00e9gies de s\u00e9duction et des st\u00e9r\u00e9otypes, telle est lambition de trois photographes ayant marqu\u00e9 lhistoire de lart et des repr\u00e9sentations, actuellement encore expos\u00e9es \u00e0 Arles, Eve Arnold, Abigail Heyman et Susan Meiselas. Cette plateforme a \u00e9t\u00e9 con\u00e7ue afin de partager laction du p\u00f4le d\u00e9ducation aux images en dehors du temps festivalier et hors les murs. Con\u00e7ue avec les photographes, enseignants, \u00e9ducateurs et m\u00e9diateurs, Observer-Voir propose de nombreux questionnements autour de la photographie pour le jeune public \u00e0 partir de 6 ans jusqu\u00e0 l\u00e2ge adulte : un corpus resserr\u00e9 de 32 photographies, des informations sur leurs auteurs, des pistes de r\u00e9flexion et des propositions concr\u00e8tes de s\u00e9ances dateliers ludiques pour tous les publics. .<\/p>\n","protected":false},"excerpt":{"rendered":"<p>rencontres de la photo arles<\/p>\n","protected":false},"author":1,"featured_media":0,"comment_status":"closed","ping_status":"closed","sticky":false,"template":"","format":"standard","meta":{"footnotes":""},"categories":[1],"tags":[],"_links":{"self":[{"href":"https:\/\/zakarybelamy.com\/img\/wp-json\/wp\/v2\/posts\/2031"}],"collection":[{"href":"https:\/\/zakarybelamy.com\/img\/wp-json\/wp\/v2\/posts"}],"about":[{"href":"https:\/\/zakarybelamy.com\/img\/wp-json\/wp\/v2\/types\/post"}],"author":[{"embeddable":true,"href":"https:\/\/zakarybelamy.com\/img\/wp-json\/wp\/v2\/users\/1"}],"replies":[{"embeddable":true,"href":"https:\/\/zakarybelamy.com\/img\/wp-json\/wp\/v2\/comments?post=2031"}],"version-history":[{"count":1,"href":"https:\/\/zakarybelamy.com\/img\/wp-json\/wp\/v2\/posts\/2031\/revisions"}],"predecessor-version":[{"id":2032,"href":"https:\/\/zakarybelamy.com\/img\/wp-json\/wp\/v2\/posts\/2031\/revisions\/2032"}],"wp:attachment":[{"href":"https:\/\/zakarybelamy.com\/img\/wp-json\/wp\/v2\/media?parent=2031"}],"wp:term":[{"taxonomy":"category","embeddable":true,"href":"https:\/\/zakarybelamy.com\/img\/wp-json\/wp\/v2\/categories?post=2031"},{"taxonomy":"post_tag","embeddable":true,"href":"https:\/\/zakarybelamy.com\/img\/wp-json\/wp\/v2\/tags?post=2031"}],"curies":[{"name":"wp","href":"https:\/\/api.w.org\/{rel}","templated":true}]}}