{"id":2205,"date":"2020-09-23T07:26:56","date_gmt":"2020-09-23T07:26:56","guid":{"rendered":"http:\/\/zakarybelamy.com\/img\/?p=2205"},"modified":"2020-09-20T18:37:08","modified_gmt":"2020-09-20T18:37:08","slug":"ecole-secondaire-la-rencontre","status":"publish","type":"post","link":"https:\/\/zakarybelamy.com\/img\/2020\/09\/23\/ecole-secondaire-la-rencontre\/","title":{"rendered":"Ecole Secondaire La Rencontre"},"content":{"rendered":"<p>Vous pouvez refuser les cookies en modifiant les param\u00e8tres de votre navigateur. Nous sommes dans une nouvelle phase, nous devons apprendre \u00e0 vivre avec le virus alors qu il faudra encore un certain temps pour un vaccin, a d\u00e9clar\u00e9 la pr\u00e9sidente suisse, Simonetta Sommaruga, en pr\u00e9sentant les nouvelles mesures aux m\u00e9dias. On a discut\u00e9 des d\u00e9c\u00e8s en CHSLD, du nombre de personnes infect\u00e9es, du personnel, des directives pour pr\u00e9venir les infections des fa\u00e7ons de les aider \u00e0 reprendre le contr\u00f4le dans les CHSLD.  Cest une excellente nouvelle pour Trois-Rivi\u00e8res. En plus de laspect r\u00e9cr\u00e9atif, cette annonce touche les employ\u00e9s de lhippodrome, les fournisseurs, les hommes et femmes \u00e0 chevaux ainsi que tous les autres emplois directs et indirects reli\u00e9s aux courses. Cette reprise permettra un retour \u00e0 la normale pour un bon nombre de travailleurs qui sont en arr\u00eat depuis le d\u00e9but de la crise, a annonc\u00e9 au Nouvelliste le ministre du Travail, de lEmploi et de la Solidarit\u00e9 sociale, Jean Boulet. <img decoding=\"async\" src=\"http:\/\/slideplayer.fr\/10\/2897720\/big_thumb.jpg\" alt=\"ecole secondaire la rencontre\" align=\"right\"> Sous r\u00e9serve des comp\u00e9tences du recteur de r\u00e9gion acad\u00e9mique, le recteur dacad\u00e9mie a pour missions de : Afin de proc\u00e9der \u00e0 lop\u00e9ration de fa\u00e7on s\u00e9curitaire, les \u00e9l\u00e8ves nont pas eu acc\u00e8s \u00e0 l\u00e9tablissement scolaire \u00e0 leur arriv\u00e9e. Pendant quun certain nombre d\u00e9tudiants nont pas \u00e9t\u00e9 autoris\u00e9s \u00e0 quitter les autobus scolaires, dautres ont \u00e9t\u00e9 pri\u00e9s de se diriger vers le terrain de soccer. Vous recevrez les actualit\u00e9s de votre Atelier Canop\u00e9 animations, formations.. Et des s\u00e9lections de ressources pour vous accompagner dans vos pratiques p\u00e9dagogiques.  <img decoding=\"async\" src=\"http:\/\/www.ecolecurehebert.com\/donnees\/media\/3\/images\/nurse-359323_1280%20petite.jpg\" alt=\"ecole secondaire la rencontre\" align=\"right\"> Cest avec grand plaisir que nous vous accueillons \u00e0 l\u00c9cole secondaire de Donnacona. Pour lann\u00e9e scolaire 2019-2020, nous accueillons 945 \u00e9l\u00e8ves. Directeur dune \u00e9cole secondaire-Traduction anglaise Linguee La pand\u00e9mie de coronavirus a mis fin \u00e0 plus de dix ann\u00e9es de croissance aux \u00c9tats-Unis, o\u00f9 le PIB a chut\u00e9 de 4,8 au 1er trimestre en rythme annuel, la plus forte baisse depuis 2008, selon une estimation pr\u00e9liminaire du d\u00e9partement du Commerce publi\u00e9e mercredi. La reprise dautres types de formation pourrait \u00eatre annonc\u00e9e au rythme o\u00f9 la sant\u00e9 publique fournira ses consignes.  LEtablissement d\u00e9sire donner aux jeunes, la possibilite\u0301 de de\u0301couvrir la personne de Je\u0301sus-Christ favoriser le de\u0301veloppement de la conscience personnelle e\u0301duquer le respect et lattention a\u0300 lautre et faire appel a\u0300 un engagement libre et e\u0301claire\u0301. Sara dit quelle a eu de la chance de rentrer chez elle rapidement apr\u00e8s s\u00eatre fait enlever les amygdales et les ad\u00e9no\u00efdes \u00e0 l\u00e2ge de sept ans. Une \u00e9cole primaire et l \u00e9cole secondaire de construction m\u00e9canique \u00e0 Rakovica. <img decoding=\"async\" src=\"http:\/\/www.cscotesud.qc.ca\/wp-content\/uploads\/2018\/03\/cje-300x225.jpg\" alt=\"ecole secondaire la rencontre\" align=\"left\"> Comment se couper les cheveux tout seul \u00e0 la maison? Les conseils dun coiffeur o\u00f9 j\u00e9tais \u00e0 l \u00e9cole secondaire e t peut-\u00eatre.. Oui, la naissance dun petit-enfant le justifie largement Tout d\u00e9pendra, comme pour, de la capacit\u00e9 de votre municipalit\u00e9 \u00e0 mettre en place un accueil pour les enfants, en respectant les mesures de distanciation sociale, surtout en zone rouge. Le ministre de lEducation a indiqu\u00e9 mardi soir sur TF1 son intention de d\u00e9velopper les activit\u00e9s p\u00e9riscolaires avec les communes, chaque fois quelles le voudront, dans le cadre dun service daccueil pour les enfants nomm\u00e9 sport, sant\u00e9, culture, civisme, avec l\u00e0 encore jamais plus de 15 \u00e9l\u00e8ves. Rappelons que si vous n\u00eates pas en mesure de garder votre enfant le mercredi car vous devez travailler, vous pouvez demander \u00e0 votre employeur de b\u00e9n\u00e9ficier du dispositif de ch\u00f4mage partiel uniquement pour ce jour. \u00c0 partir du 2 juin, il vous faudra une attestation de l\u00e9cole, justifiant de son incapacit\u00e9 daccueillir votre enfant. Critiqu\u00e9 pour avoir rendu lenseignement \u00e0 distance obligatoire sans en donner les moyens aux \u00e9l\u00e8ves d\u00e9favoris\u00e9s, Bucarest a promis de consacrer environ 30 millions deuros \u00e0 lachat, dici septembre, de tablettes. Selon ses calculs, quelque 250.000 \u00e9l\u00e8ves ne disposent pas d\u00e9quipements connect\u00e9s. Selon un sondage de linstitut IRES, ils seraient en fait 900.000, soit pr\u00e8s dun tiers du total d\u00e9l\u00e8ves. Globalement, cette parenth\u00e8se de deux mois ne devrait donc pas avoir dimpact sur les r\u00e9ponses du syst\u00e8me immunitaire des enfants en bonne sant\u00e9. Deux cas de figure peuvent se pr\u00e9senter, d\u00e9taille Pierre-Alex Crisinel, m\u00e9decin associ\u00e9 au sein de lUnit\u00e9 dinfectiologie p\u00e9diatrique du CHUV, \u00e0 Lausanne. Soit lenfant a d\u00e9j\u00e0 \u00e9t\u00e9 expos\u00e9 au pr\u00e9alable \u00e0 un virus donn\u00e9 et aura d\u00e9velopp\u00e9 une immunit\u00e9 m\u00e9moire contre le pathog\u00e8ne en question, soit il fait face \u00e0 un nouveau virus ou bact\u00e9rie et dans ce cas la r\u00e9ponse pourra sensiblement varier en fonction de la maturit\u00e9 de son syst\u00e8me immunitaire. Syst\u00e8me \u00e9volutif Arnaud Bouvier, Pr\u00e9sident de la Luxury Hotelschool et professeur de management et leadership, est en cours avec les \u00e9tudiants en Master au Ritz. Ce cours de tr\u00e8s haut niveau, bas\u00e9 sur la recherche internationale, utilise des \u00e9tudes de cas, des d\u00e9bats et des pr\u00e9sentations qui permettent aux \u00e9tudiants danalyser et de comprendre les diff\u00e9rents styles de leadership adopt\u00e9s par les directeurs dh\u00f4tel pour communiquer, influencer, et motiver leurs \u00e9quipes. Community are requested to inform t he Principal.. Educatio na l Adv ise r secondary sc hool or the Deputy Head Kindergartenp ri mary school if they are aware of a case of abandonment, mistreatmen t or similar si tuations..<\/p>\n","protected":false},"excerpt":{"rendered":"<p>ecole secondaire la rencontre<\/p>\n","protected":false},"author":1,"featured_media":0,"comment_status":"closed","ping_status":"closed","sticky":false,"template":"","format":"standard","meta":{"footnotes":""},"categories":[1],"tags":[],"_links":{"self":[{"href":"https:\/\/zakarybelamy.com\/img\/wp-json\/wp\/v2\/posts\/2205"}],"collection":[{"href":"https:\/\/zakarybelamy.com\/img\/wp-json\/wp\/v2\/posts"}],"about":[{"href":"https:\/\/zakarybelamy.com\/img\/wp-json\/wp\/v2\/types\/post"}],"author":[{"embeddable":true,"href":"https:\/\/zakarybelamy.com\/img\/wp-json\/wp\/v2\/users\/1"}],"replies":[{"embeddable":true,"href":"https:\/\/zakarybelamy.com\/img\/wp-json\/wp\/v2\/comments?post=2205"}],"version-history":[{"count":1,"href":"https:\/\/zakarybelamy.com\/img\/wp-json\/wp\/v2\/posts\/2205\/revisions"}],"predecessor-version":[{"id":2206,"href":"https:\/\/zakarybelamy.com\/img\/wp-json\/wp\/v2\/posts\/2205\/revisions\/2206"}],"wp:attachment":[{"href":"https:\/\/zakarybelamy.com\/img\/wp-json\/wp\/v2\/media?parent=2205"}],"wp:term":[{"taxonomy":"category","embeddable":true,"href":"https:\/\/zakarybelamy.com\/img\/wp-json\/wp\/v2\/categories?post=2205"},{"taxonomy":"post_tag","embeddable":true,"href":"https:\/\/zakarybelamy.com\/img\/wp-json\/wp\/v2\/tags?post=2205"}],"curies":[{"name":"wp","href":"https:\/\/api.w.org\/{rel}","templated":true}]}}