{"id":227,"date":"2020-09-18T21:12:05","date_gmt":"2020-09-18T21:12:05","guid":{"rendered":"http:\/\/zakarybelamy.com\/img\/?p=227"},"modified":"2020-09-18T12:29:54","modified_gmt":"2020-09-18T12:29:54","slug":"rencontres-cine-salon-de-provence","status":"publish","type":"post","link":"https:\/\/zakarybelamy.com\/img\/2020\/09\/18\/rencontres-cine-salon-de-provence\/","title":{"rendered":"Rencontres Cine Salon De Provence"},"content":{"rendered":"<p>S\u00e9lections de films documentaire, fiction, film exp\u00e9rimental, art vid\u00e9o, animation, R\u00e9agir \u00e0 cet article Message d\u00e9j\u00e0 envoy\u00e9 Adresse e-mail non valide ANNONCES L\u00c9GALES Dans une ville baln\u00e9aire o\u00f9 commerce et mafia sont florissants, le cabaret l\u00c2ge dor est le rep\u00e8re de pr\u00e9dilection des danseurs, bandits et autres f\u00eatards. Le jeune Boris y tombe amoureux de la belle Rita, danseuse du cabaret et amie du gangster local La Semaine asym\u00e9trique nest toujours pas un festival mais une rencontre de cin\u00e9astes qui partagent avec le public, et en public, leurs films et leurs recherches. Ici, pas de s\u00e9lection il faut envoyer son film \u00e0 temps, ni honneurs ni prix, pas de format standard, cest un bouillonnement ouvert \u00e0 tous. Entrez libres! Depuis 15 ans nous sommes rest\u00e9es fid\u00e8les \u00e0 nos valeurs; aujourdhui, pour FFM, une nouvelle page souvre, qui appelle \u00e0 faire preuve dinventivit\u00e9. Faisons le pari que le public retrouvera vite le plaisir des salles obscures. D\u00e8s le 12 mai, les dessertes des \u00e9coles seront r\u00e9tablies selon les horaires habituellement pratiqu\u00e9s pendant lann\u00e9e. De m\u00eame, \u00e0 compter du 18 mai, les lignes scolaires desservant les coll\u00e8ges sont r\u00e9tablies conform\u00e9ment aux horaires habituels. Rencontres cin\u00e9matographiques des droits de lhomme en Provence Vous cherchez \u00e0 pimenter votre ap\u00e9ro entre amis? Et pourquoi pas en vous mettant tous en sc\u00e8ne.? Je suis Quentin, com\u00e9dien professionnel, coach et prof de th\u00e9\u00e2tre, et je vous propose de venir animer. Ven. 2606 au ven. 3107 Stages Aix-en-Provence 13100 Rencontres cin\u00e9matographiques des droits de lhomme en Provence Cin\u00e9-d\u00e9bat \u00e0 Marseille jeudi 17 janvier 2019 \u00e0 20 h Le jeune et na\u00eff paysan Nemorino est amoureux de la riche et capricieuse Adina, promise au sergent Belcore. Pour gagner son c\u0153ur, il ach\u00e8te un philtre damour qui nest enfait quune bouteille de vin. Malgr\u00e9 une premi\u00e8re tentative rat\u00e9e de par son ivresse, N\u00e9morino sengage au service de Belcore afin de pouvoir se payer une nouvelle bouteille!  Le festival des Rencontres Cin\u00e9 de Salon est une invitation au voyage et au vagabondage en 57 longs-m\u00e9trages qui traversent 38 pays et autant de soci\u00e9t\u00e9s dont 26 Premiers films, 5 in\u00e9dits et 5 Avant-Premi\u00e8res, 4 com\u00e9dies et 2 polars. Cette \u00e9dition 2020 accueillent 15 invit\u00e9s et a nou\u00e9 22 partenariats. <img decoding=\"async\" src=\"http:\/\/tilmelove.tk\/images\/bandeau\/bandeauWeb_Ville-2018.jpg\" alt=\"rencontres cine salon de provence\" align=\"center\">   Claude Darras raconte laventure \u00e9tymologique de deux cents mots et expressions t\u00e9moignant de la richesse polyphonique et des mutations perp\u00e9tuelles de la langue fran\u00e7aise. Ces deux cents mots r\u00e9pertori\u00e9s par ordre alphab\u00e9tique nous d\u00e9voilent autant de bizarreries que de beaut\u00e9s. Chaque pr\u00e9sentation est de plus accompagn\u00e9e dune citation d\u00e9crivain, de philosophe, d\u00e9conomiste, de scientifiques ou dautres afin dillustrer les propos de lauteur. En compensation nous vous convions \u00e0 une troisi\u00e8me soir\u00e9e cin\u00e9-club \u00e0 la maison consacr\u00e9e au festival de Cannes dont la 73 \u00e8me \u00e9dition devait avoir lieu du 12 au 23 mai. La le\u00e7on de cin\u00e9ma virtuelle que nous vous proposons concerne le chef d\u0153uvre dAlfred Hitchcock Lhomme qui en savait trop version 1956 avec James Stewart, Doris Day et Daniel Gelin qui sera diffus\u00e9 sur Arte le dimanche 17 mai \u00e0 20h50. Organis\u00e9 par : Festival des Cin\u00e9mas dAfrique du Pays dApt Restons toujours en contact jusqu\u00e0 la r\u00e9ouverture des cin\u00e9mas et suivez-nous sur notre page Facebook pour partager vos coups de c\u0153ur cin\u00e9philies, vos passions, vos d\u00e9couvertes! Nous esp\u00e9rons vous retrouver bient\u00f4t pour de nouvelles projections <img decoding=\"async\" src=\"http:\/\/www.bd-aix.com\/images\/accueil-new_festi-570x396.jpg\" alt=\"rencontres cine salon de provence\" align=\"left\"> <img decoding=\"async\" src=\"http:\/\/www.leregional.fr\/upload\/partenaires\/nouveaux_partenaires\/RENCONTRES-CINE.png\" alt=\"rencontres cine salon de provence\" align=\"right\">.<\/p>\n","protected":false},"excerpt":{"rendered":"<p>rencontres cine salon de provence<\/p>\n","protected":false},"author":1,"featured_media":0,"comment_status":"closed","ping_status":"closed","sticky":false,"template":"","format":"standard","meta":{"footnotes":""},"categories":[1],"tags":[],"_links":{"self":[{"href":"https:\/\/zakarybelamy.com\/img\/wp-json\/wp\/v2\/posts\/227"}],"collection":[{"href":"https:\/\/zakarybelamy.com\/img\/wp-json\/wp\/v2\/posts"}],"about":[{"href":"https:\/\/zakarybelamy.com\/img\/wp-json\/wp\/v2\/types\/post"}],"author":[{"embeddable":true,"href":"https:\/\/zakarybelamy.com\/img\/wp-json\/wp\/v2\/users\/1"}],"replies":[{"embeddable":true,"href":"https:\/\/zakarybelamy.com\/img\/wp-json\/wp\/v2\/comments?post=227"}],"version-history":[{"count":1,"href":"https:\/\/zakarybelamy.com\/img\/wp-json\/wp\/v2\/posts\/227\/revisions"}],"predecessor-version":[{"id":228,"href":"https:\/\/zakarybelamy.com\/img\/wp-json\/wp\/v2\/posts\/227\/revisions\/228"}],"wp:attachment":[{"href":"https:\/\/zakarybelamy.com\/img\/wp-json\/wp\/v2\/media?parent=227"}],"wp:term":[{"taxonomy":"category","embeddable":true,"href":"https:\/\/zakarybelamy.com\/img\/wp-json\/wp\/v2\/categories?post=227"},{"taxonomy":"post_tag","embeddable":true,"href":"https:\/\/zakarybelamy.com\/img\/wp-json\/wp\/v2\/tags?post=227"}],"curies":[{"name":"wp","href":"https:\/\/api.w.org\/{rel}","templated":true}]}}