{"id":2381,"date":"2020-09-23T02:46:17","date_gmt":"2020-09-23T02:46:17","guid":{"rendered":"http:\/\/zakarybelamy.com\/img\/?p=2381"},"modified":"2020-09-20T23:49:54","modified_gmt":"2020-09-20T23:49:54","slug":"rencontre-avec-le-printemps-poesie","status":"publish","type":"post","link":"https:\/\/zakarybelamy.com\/img\/2020\/09\/23\/rencontre-avec-le-printemps-poesie\/","title":{"rendered":"Rencontre Avec Le Printemps Po\u00e9sie"},"content":{"rendered":"<p>Jean-Marie Kerwich est aussi atypique que sa po\u00e9sie : n\u00e9 \u00e0 Paris dans une famille de gitans pi\u00e9montais, il part ensuite avec sa famille au Canada o\u00f9 elle reste 17 ans et fonde un petit cirque ambulant. Contraint de renoncer \u00e0 la vie nomade, Jean-Marie Kerwich travaille \u00e0 contrecoeur dans les cabarets mais les po\u00e8mes viennent \u00e0 lui, comme une offrande.  <img decoding=\"async\" src=\"http:\/\/www.fondationsaintjohnperse.fr\/wp-fondation\/wp-content\/uploads\/2012\/08\/Sillages-2.jpg\" alt=\"rencontre avec le printemps po\u00e9sie\" align=\"center\"> Membre de la SGDL depuis 1995, \u00e9lu administrateur en 2018, Fran\u00e7ois Thi\u00e9ry devient secr\u00e9taire g\u00e9n\u00e9ral de la SGDL. Il a \u00e9crit des livres-jeux ainsi que des romans ou du th\u00e9\u00e2tre sous le nom de Fran\u00e7ois Mourelet. Il publie aussi de nombreux livres pratiques en sant\u00e9 et en jardinage chez Hachette-Marabout, chez First et aux \u00e9ditions du Rocher, sous le nom de Paul Ferris. Son dernier titre, le Guide pratique de la maladie de Lyme a \u00e9t\u00e9 publi\u00e9 aux \u00e9ditions du Rocher en 2020. Tous les publics scolaires de la maternelle au lyc\u00e9e. Objectifs Unsubscribe from Apprendre les po\u00e9sies..tout seul? Il y a quelque chose quon a du mal \u00e0 briser. Toute une chose, tout un monde quon arrive pas \u00e0 \u00e9crire. Toute une intonation dans notre t\u00eate. Qui bloque. Qui se soustrait en s\u00e9criant : mais \u00e0 quoi bon tout \u00e7\u00e0, tout \u00e7\u00e0. Tout le monde le sait d\u00e9j\u00e0. Alors que non. Peut-\u00eatre pas. Peut-\u00eatre pas que ces mots-l\u00e0. Mais dabord il faut redescendre Violemment. De son petit pi\u00e9destal construit de bric et de broc avec du plastique r\u00e9cup\u00e9r\u00e9 dun vieux gadget de Pif. Mais dabord il faut lhumilit\u00e9. Jai 10 ans et je trouve quelle est tr\u00e8s difficile \u00e0 apprendre!!!! Le mot dAdeline Baldacchino, animatrice des rencontres Les lignes et les paragraphes vont \u00e0 la ligne automatiquement. 14h00 : Fr\u00e9d\u00e9ric Dufourg pr\u00e9sente Allen Ginsberg : po\u00e9sie beat transatlantique Jeudi 17 mars 2016, un po\u00e8me de Fabrice Caravaca..  <img decoding=\"async\" src=\"http:\/\/idata.over-blog.com\/3\/31\/04\/46\/Est-ce-cela-Aimer-une-attente-un-d-sert.jpg\" alt=\"rencontre avec le printemps po\u00e9sie\" align=\"left\"> M\u00e9diath\u00e8que Elsa-Triolet-Esplanade Pierre-Yves Cosnier <img decoding=\"async\" src=\"http:\/\/www.ccterredegranite.fr\/dynamic\/images\/mediatheque_manifestations\/mediatheque_2016\/affiche_richard_rognet_05_03_16.jpg\" alt=\"rencontre avec le printemps po\u00e9sie\" align=\"center\"> Initiative en partenariat avec le Auteur Publi\u00e9 le Antoine Emaz, Personne,, 64 p, 16. Sortie le 5 juin. R\u00e9put\u00e9es pour leur qualit\u00e9 et leur confort absolu, elles se parent cet \u00e9t\u00e9 de nouvelles couleurs et cuirs m\u00e9tallis\u00e9s! Samedi 21 mars \u00e0 17 heures, Anise Koltz sera pr\u00e9sente \u00e0 Thionville. De nationalit\u00e9 luxembourgeoise, elle est lun des \u00e9crivains majeurs de la litt\u00e9rature francophone. Comme Ungaretti, elle parle du v\u00e9cu sans jamais l\u00e9dulcorer, pr\u00e9cise Philippe Poivret. Elle a re\u00e7u en 2018 le Prix Goncourt de la po\u00e9sie pour lensemble de son \u0153uvre. Elle nous fait lhonneur de venir, admet Floriane-Marielle Job. Des lectures et des mises en voix de quelques-uns de ses livres seront propos\u00e9es par la com\u00e9dienne Fabienne Bargelli. Cest ma po\u00e9sie pr\u00e9f\u00e9r\u00e9e. Et tous les ans au mois de Mars Le Printemps des Po\u00e8tes 2018 sera sous le signe de lArdeur.  Le Man\u00e8ge de Reims concocte une mini-saison estivale, avec une programmation in\u00e9dite et surprenante, \u00e0 d\u00e9couvrir tout l\u00e9t\u00e9, du 13 juin au 5 septembre : Que vive l\u00e9t\u00e9!<\/p>\n","protected":false},"excerpt":{"rendered":"<p>rencontre avec le printemps po\u00e9sie<\/p>\n","protected":false},"author":1,"featured_media":0,"comment_status":"closed","ping_status":"closed","sticky":false,"template":"","format":"standard","meta":{"footnotes":""},"categories":[1],"tags":[],"_links":{"self":[{"href":"https:\/\/zakarybelamy.com\/img\/wp-json\/wp\/v2\/posts\/2381"}],"collection":[{"href":"https:\/\/zakarybelamy.com\/img\/wp-json\/wp\/v2\/posts"}],"about":[{"href":"https:\/\/zakarybelamy.com\/img\/wp-json\/wp\/v2\/types\/post"}],"author":[{"embeddable":true,"href":"https:\/\/zakarybelamy.com\/img\/wp-json\/wp\/v2\/users\/1"}],"replies":[{"embeddable":true,"href":"https:\/\/zakarybelamy.com\/img\/wp-json\/wp\/v2\/comments?post=2381"}],"version-history":[{"count":1,"href":"https:\/\/zakarybelamy.com\/img\/wp-json\/wp\/v2\/posts\/2381\/revisions"}],"predecessor-version":[{"id":2382,"href":"https:\/\/zakarybelamy.com\/img\/wp-json\/wp\/v2\/posts\/2381\/revisions\/2382"}],"wp:attachment":[{"href":"https:\/\/zakarybelamy.com\/img\/wp-json\/wp\/v2\/media?parent=2381"}],"wp:term":[{"taxonomy":"category","embeddable":true,"href":"https:\/\/zakarybelamy.com\/img\/wp-json\/wp\/v2\/categories?post=2381"},{"taxonomy":"post_tag","embeddable":true,"href":"https:\/\/zakarybelamy.com\/img\/wp-json\/wp\/v2\/tags?post=2381"}],"curies":[{"name":"wp","href":"https:\/\/api.w.org\/{rel}","templated":true}]}}