{"id":243,"date":"2020-09-18T21:19:47","date_gmt":"2020-09-18T21:19:47","guid":{"rendered":"http:\/\/zakarybelamy.com\/img\/?p=243"},"modified":"2020-09-18T13:21:32","modified_gmt":"2020-09-18T13:21:32","slug":"rencontres-jardin-et-nature","status":"publish","type":"post","link":"https:\/\/zakarybelamy.com\/img\/2020\/09\/18\/rencontres-jardin-et-nature\/","title":{"rendered":"Rencontres Jardin Et Nature"},"content":{"rendered":"<p>Naturaliste de terrain, porte parole de la nature de proximit\u00e9, auteur La nature en bord de chemin, La vie r\u00eav\u00e9e des morpions.., journaliste, chroniqueur sur France Info, animateur t\u00e9l\u00e9, conf\u00e9rencier et vice-pr\u00e9sident de lAspas Association pour la Protection des Animaux sauvages Apr\u00e8s ce stage, elle naura plus de secret pour vous et vous profiterez pleinement dune mare.. Base de poissons, tant\u00f4t ax\u00e9 sur les sp\u00e9cialit\u00e9s r\u00e9gionales filet Type dexposants : Produits bio, cosm\u00e9tiques, artisanat, jardinage, produits \u00e9cologiques, associations En vous connectant, vous pourrez acc\u00e9der gratuitement aux espaces presse des centaines dentreprises de vos secteurs qui sont sur Babbler, entrer en contact direct avec leurs \u00e9quipes RP mais aussi y partager vos prochains sujets! Mobilit\u00e9 douce et transport en commun : Prendre le bus LIGNE dAZUR : Ligne 740 d\u00e9part Nice Vauban direction Auron Station, descendez \u00e0 la gare de RIMPLAS puis prendre le bus Ligne 746direction VALDEBLORE LA COLMIANE, arriv\u00e9e \u00e0 LA BOLLINE o\u00f9 nous pourrons venir chercher vos bagages \u00e0 votre arriv\u00e9e \u00e0 11h35 en attendant que le g\u00eete soit pr\u00eat. <img decoding=\"async\" src=\"http:\/\/www.infos-patrimoinespaca.org\/articles\/photo\/photo_465_3.jpg\" alt=\"rencontres jardin et nature\" align=\"right\"> Il y a trois jours, la F\u00e9d\u00e9ration Fran\u00e7aise Jardins, Nature et Sant\u00e9 FFJNS se r\u00e9unissait au CH Th\u00e9ophile Roussel \u00e0 Montesson, notre si\u00e8ge depuis le d\u00e9but de laventure et sans doute lh\u00f4pital fran\u00e7ais le plus investi dans lacc\u00e8s des patients \u00e0 la nature. Apr\u00e8s une fr\u00e9n\u00e9sie d\u00e9changes \u00e9lectroniques entre membres et des premiers contacts t\u00e9l\u00e9phoniques avec de nouveaux venus toute lann\u00e9e, enfin des rencontres physiques, des \u00e9changes multiples, des exp\u00e9riences sensorielles, un repas partag\u00e9. Ca redonne de l\u00e9nergie, \u00e7a regonfle pour continuer \u00e0 militer pour plus de nature dans les lieux de sant\u00e9 en France. Beaucoup de chemin parcouru depuis. Beaucoup de chemin \u00e0 parcourir encore. Pr\u00e9cisons que, quand je dis nous pour parler de cette aventure, cest en tant que membre fondatrice parmi une vingtaine de membres fondateurs et actuelle pr\u00e9sidente de la FFJNS.  SALON NATURE ET BIEN-\u00caTRE-Foire Salon-Fontenay-le-Comte 85200  <img decoding=\"async\" src=\"http:\/\/www.pariscotejardin.fr\/wp-content\/Affiche-DestinationsNature20101.jpg\" alt=\"rencontres jardin et nature\" align=\"left\"> Newsletter maville Abonnez-vous \u00e0 la newsletter-La Roche sur Yon Nos paysagistes sont \u00e0 votre service pour lensemble de vos projets de jardins, du jardin de ville au parc arbor\u00e9-3 et 4 juin 10h-18h : journ\u00e9es nationales des RDV au jardin pr\u00e9sence dune vingtaine dintervenants et dexposants : balade ornithologique et de d\u00e9couverte de la faune, diverses animations.. Entr\u00e9e gratuite Commandez sur. Choisissez la livraison \u00e0 domicile ou retirez gratuitement vos achats sur le salon. Adresse 44 avenue de Jasseron 01000 Bourg-en-Bresse Toutes nos activit\u00e9s sont suspendues jusqu\u00e0 nouvel ordre. <img decoding=\"async\" src=\"http:\/\/www.nomadickevin.com\/wp-content\/uploads\/2015\/08\/CHJardinZen116-1024x678.jpg\" alt=\"rencontres jardin et nature\" align=\"center\"> Cr\u00e9\u00e9e en 1983, notre entreprise est install\u00e9e depuis 1990 dans la zone artisanale de Didenheim, pr\u00e8s de Mulhouse, entre Altkirch, Colmar ou encore Strasbourg. Nature et Prestige met \u00e0 votre disposition le savoir-faire dune \u00e9quipe de sp\u00e9cialistes du jardin et de l afin de concevoir le jardin qui vous ressemble et de concr\u00e9tiser vos projets paysagers. Pour la 2 e ann\u00e9e, Nous \u00e9tions pr\u00e9sentes \u00e0 ce salon convivial organis\u00e9 par la ville de Craponne, ce samedi 13 avril. Malgr\u00e9 les vacances et le beau temps pr\u00e8s de 800 visiteurs plus que lann\u00e9e pr\u00e9c\u00e9dente sont venus pour profiter de stands, danimations, de d\u00e9gustation et conf\u00e9rence. .<\/p>\n","protected":false},"excerpt":{"rendered":"<p>rencontres jardin et nature<\/p>\n","protected":false},"author":1,"featured_media":0,"comment_status":"closed","ping_status":"closed","sticky":false,"template":"","format":"standard","meta":{"footnotes":""},"categories":[1],"tags":[],"_links":{"self":[{"href":"https:\/\/zakarybelamy.com\/img\/wp-json\/wp\/v2\/posts\/243"}],"collection":[{"href":"https:\/\/zakarybelamy.com\/img\/wp-json\/wp\/v2\/posts"}],"about":[{"href":"https:\/\/zakarybelamy.com\/img\/wp-json\/wp\/v2\/types\/post"}],"author":[{"embeddable":true,"href":"https:\/\/zakarybelamy.com\/img\/wp-json\/wp\/v2\/users\/1"}],"replies":[{"embeddable":true,"href":"https:\/\/zakarybelamy.com\/img\/wp-json\/wp\/v2\/comments?post=243"}],"version-history":[{"count":1,"href":"https:\/\/zakarybelamy.com\/img\/wp-json\/wp\/v2\/posts\/243\/revisions"}],"predecessor-version":[{"id":244,"href":"https:\/\/zakarybelamy.com\/img\/wp-json\/wp\/v2\/posts\/243\/revisions\/244"}],"wp:attachment":[{"href":"https:\/\/zakarybelamy.com\/img\/wp-json\/wp\/v2\/media?parent=243"}],"wp:term":[{"taxonomy":"category","embeddable":true,"href":"https:\/\/zakarybelamy.com\/img\/wp-json\/wp\/v2\/categories?post=243"},{"taxonomy":"post_tag","embeddable":true,"href":"https:\/\/zakarybelamy.com\/img\/wp-json\/wp\/v2\/tags?post=243"}],"curies":[{"name":"wp","href":"https:\/\/api.w.org\/{rel}","templated":true}]}}