{"id":247,"date":"2020-09-18T23:49:56","date_gmt":"2020-09-18T23:49:56","guid":{"rendered":"http:\/\/zakarybelamy.com\/img\/?p=247"},"modified":"2020-09-18T13:23:59","modified_gmt":"2020-09-18T13:23:59","slug":"rencontre-a-st-jean-de-luz","status":"publish","type":"post","link":"https:\/\/zakarybelamy.com\/img\/2020\/09\/18\/rencontre-a-st-jean-de-luz\/","title":{"rendered":"Rencontre A St Jean De Luz"},"content":{"rendered":"<p>BREF, si tu veux en savoir davantage fais-moi signe : R\u00e9gion: Les avez-vous vus? Ils sont tout autour de vous! Geolokalizazio cookieak: Erabiltzaileak zer herrialde edo lurraldetatik konektatzen diren jakiteko erabiltzen diren cookie anonimoak dira. NAIZek nongo bisitariak dituen jakiteko erabiltzen ditu. Les c\u00e9r\u00e9monies de mariage : Fontarabie et Saint-Jean-de-Luz Parmi les oiseaux p\u00e9lagigues, on retrouve puffins, labbes, larid\u00e9s et oc\u00e9anites.. Gr\u00e2ce \u00e0 un plumage imperm\u00e9able et leurs pattes palm\u00e9es, ces oiseaux sadaptent remarquablement bien \u00e0 leur environnement. Ces deux sorties convieront les participants \u00e0 lobservation de ces oiseaux, difficilement observables depuis la terre ferme. Dautres esp\u00e8ces originales en mer ont aussi \u00e9t\u00e9 observ\u00e9es au cours des derni\u00e8res sorties : le Faucon \u00e9merillon, la Grue cendr\u00e9e, le Hibou des marais ou encore la Tourterelle turque. Depuis 2011, d\u00e9marrage de ces sorties, pas moins de 80 esp\u00e8ces doiseaux ont \u00e9t\u00e9 observ\u00e9es. Celles-ci font de ces sorties des moments de plaisir sans cesse renouvel\u00e9s, avec toujours lespoir de voir arriver les dauphins. Martine memeatine 26 septembre 2018 11 h 23 min   Electre respecte votre vie priv\u00e9e. Nous vous rappelons quen application de la loi n 78-17 du 6 janvier 1978 relative \u00e0 linformatique, aux fichiers et aux libert\u00e9s, vous disposez des droits dopposition article 26 de la loi, dacc\u00e8s articles 34 \u00e0 38 de la loi et de rectification article 36 de la loi des donn\u00e9es vous concernant. <img decoding=\"async\" src=\"http:\/\/www.baskulture.com\/upload\/125\/pics\/2018\/03\/paper\/5aa17a17d4df7.jpg\" alt=\"rencontre a st jean de luz\" align=\"left\"> creations bijoux de Lola du jardin, elle traite du bien \u00eatre et sera bient\u00f4t dans la team Beaut\u00e9smajuscules a plusieurs cordes \u00e0 son arc, de lautre cot\u00e9 du miroir, elle travaille avec les influences beaut\u00e9 et dirige une maison dh\u00f4tes. Elle distribue en autre revitalash sur le site la rivi\u00e8redistribution. Jai d\u00e9couvert en vrai. Des photos et des looks superbes, elle fait partie de de la team BeautesMajuscules. Elle \u00e9tait accompagn\u00e9e de son amie et ma filleule sur youtube. Filo a une chaine youtube ainsi quun blog, vous \u00eates nombreuses \u00e0 suivre ses bons conseils.  <img decoding=\"async\" src=\"http:\/\/img.over-blog-kiwi.com\/0\/99\/90\/03\/20180602\/ob_166275_img-2655-1.JPG\" alt=\"rencontre a st jean de luz\" align=\"left\"> Lutilisateur doit savoir que sil bloque compl\u00e8tement les cookies, certains sites web ne safficheront pas correctement. \u00c0 travers diff\u00e9rents partenariats et \u00e9changes, je participe \u00e0 la valorisation du campus et \u00e0 lam\u00e9lioration de sa relation avec les acteurs majeurs du territoire \u00e9bro\u00efcien. Les litiges possibles avec chaque mass m\u00e9dia publi\u00e9 \u00e0 NAIZ se r\u00e9soudront dans le tribunal correspondant au lieu du si\u00e8ge de lentreprise \u00e9ditrice de chaque m\u00e9dia. John Carney confirme son savoir-faire en mati\u00e8re de com\u00e9dies musicales \u00e0 la fois dr\u00f4les, touchantes et spontan\u00e9es. Legez posible den heinean, enpresa titularrak ez du webgunearen gaineko inolako bermerik, adierazpenik, baldintzarik edota zehaztapenik ematen, ezta kalitate egokiaren edo helburu partikularretara egokitzearen isilbidezko bermerik ere. Legez posible den heinean, enpresa titularrak ez du webgunearen bateragarritasunaren, segurtasunaren eta zehaztasunaren gaineko inolako bermerik, adierazpenik, baldintzarik edo terminorik berariazkoa edo isilekoa ematen, eta ez du puntualtasuna, osotasuna eta errendimendua bermatzen. <img decoding=\"async\" src=\"http:\/\/www.riscus.cf\/fileadmin\/garat.jpg\" alt=\"rencontre a st jean de luz\" align=\"right\"> Naiz.eus gunearen erreprodukzio eskubideak erreserbaturik daude, baita deskargatzeko agiriei edo irudikatze ikonografiko eta fotografikoak edo ikusentzunezko ekoizpenei dagozkienak ere. Edukiren bat edo guztiak hala euskarri elektronikoetan nola inprimatutakoetan erreproduzitzeko idatzizko baimena lortzeko, jarri harremanetan dagokion edukiaren Editorearekin. Port de Saint-Jean-de-Luz Quai de Linfante, 64500 Saint-Jean-de-Luz, France Pour la journn\u00e9e douverture, rencontre avec Patrick Fabre qui est fortement impliqu\u00e9 depuis 6 ans dans ce festival du film de Saint Jean de Luz dont il est le d\u00e9l\u00e9gu\u00e9 artistique. Auparavant ce festival se nommait Festival International des Jeunes R\u00e9alisateurs.<\/p>\n","protected":false},"excerpt":{"rendered":"<p>rencontre a st jean de luz<\/p>\n","protected":false},"author":1,"featured_media":0,"comment_status":"closed","ping_status":"closed","sticky":false,"template":"","format":"standard","meta":{"footnotes":""},"categories":[1],"tags":[],"_links":{"self":[{"href":"https:\/\/zakarybelamy.com\/img\/wp-json\/wp\/v2\/posts\/247"}],"collection":[{"href":"https:\/\/zakarybelamy.com\/img\/wp-json\/wp\/v2\/posts"}],"about":[{"href":"https:\/\/zakarybelamy.com\/img\/wp-json\/wp\/v2\/types\/post"}],"author":[{"embeddable":true,"href":"https:\/\/zakarybelamy.com\/img\/wp-json\/wp\/v2\/users\/1"}],"replies":[{"embeddable":true,"href":"https:\/\/zakarybelamy.com\/img\/wp-json\/wp\/v2\/comments?post=247"}],"version-history":[{"count":1,"href":"https:\/\/zakarybelamy.com\/img\/wp-json\/wp\/v2\/posts\/247\/revisions"}],"predecessor-version":[{"id":248,"href":"https:\/\/zakarybelamy.com\/img\/wp-json\/wp\/v2\/posts\/247\/revisions\/248"}],"wp:attachment":[{"href":"https:\/\/zakarybelamy.com\/img\/wp-json\/wp\/v2\/media?parent=247"}],"wp:term":[{"taxonomy":"category","embeddable":true,"href":"https:\/\/zakarybelamy.com\/img\/wp-json\/wp\/v2\/categories?post=247"},{"taxonomy":"post_tag","embeddable":true,"href":"https:\/\/zakarybelamy.com\/img\/wp-json\/wp\/v2\/tags?post=247"}],"curies":[{"name":"wp","href":"https:\/\/api.w.org\/{rel}","templated":true}]}}