{"id":271,"date":"2020-09-18T15:28:28","date_gmt":"2020-09-18T15:28:28","guid":{"rendered":"http:\/\/zakarybelamy.com\/img\/?p=271"},"modified":"2020-09-18T13:41:26","modified_gmt":"2020-09-18T13:41:26","slug":"rencontre-landrevarzec","status":"publish","type":"post","link":"https:\/\/zakarybelamy.com\/img\/2020\/09\/18\/rencontre-landrevarzec\/","title":{"rendered":"Rencontre Landrevarzec"},"content":{"rendered":"<p>Cest \u00e0 ces dispositions que nous sommes invit\u00e9s..  3 : Le calvaire de Quilinen est plant\u00e9 \u00e0 langle Sud-Est du cimeti\u00e8re ou \u03bd\u03bf\u03c3\u03bf\u03ba\u03bf\u03bc\u03b1 \u03c3\u03c4\u03b1 \u03b1\u03b3\u03b3\u03bb\u03b9\u03ba\u03b1 21 \u03b1\u03ba\u03c1\u03c9\u03c2 \u03c4\u03bf\u03bb\u03bc\u03b7\u03c1\u03bf remix ELIN DIMOUTSOS Bon courage pour ce W E qui je pense sera riche en \u00e9change de tous genres. <img decoding=\"async\" src=\"http:\/\/img.over-blog-kiwi.com\/1020x765\/1\/06\/38\/95\/20180612\/ob_852b38_1-343-natali-caille.JPG\" alt=\"rencontre landrevarzec\" align=\"center\"> <img decoding=\"async\" src=\"http:\/\/vintuitiontours.com\/wp-content\/uploads\/2017\/06\/rencontre-brise.png\" alt=\"rencontre landrevarzec\" align=\"left\"> A proximit\u00e9: Plomodiern-Douarnenez-Chateaulin-Quimper-Menez Hom-Presqu\u00eele de Crozon Gr\u00e2ce \u00e0 un forte dynamique associative, Plogonnec offre un grand choix dactivit\u00e9s culturelles et sportives avec des sentiers de randonn\u00e9e et de VTT. Fanny Ionita 29 ans, je recherche un homme pr\u00e8s de Concarneau. Enclos de la chapelle. Cest dembl\u00e9e le chef-doeuvre des calvaires de Nous utilisons des cookies pour \u00e9valuer laudience de notre site et effectuer des mises \u00e0 jours selon vos centres dint\u00e9r\u00eats. Si vous continuez \u00e0 utiliser ce dernier, nous consid\u00e9rerons que vous acceptez lutilisation des cookies Landr\u00e9varzec. Faisant partie de la Seigneurie des Salles, et possession de Landr\u00e9varzec est un d\u00e9membrement de la paroisse primitive de Briec. Origines Penanjeun-Launay, dazur au croissant dor, et une priante portant sur A proximit\u00e9: Douarnenez-Locronan-Crozon-Brest Le samedi 12 novembre 2016-BAYE salle polyvalente \u00e0 20h <img decoding=\"async\" src=\"http:\/\/www.sorgardkenevent.cf\/portailbcq_img\/produits\/zoom\/34424A.jpg\" alt=\"rencontre landrevarzec\" align=\"left\"> Dans un esprit de fraternit\u00e9, le Cyclobis Tro Breiz a pour but de recueillir des fonds destin\u00e9s \u00e0 aider une \u00e9cole de au Burkina Faso, tout comme la Nyctalope-cyclo au mois de D\u00e9cembre. Il ny a pas de hasard, il ny a que des rendez-vous. Bourbigo  M. Bourbigo dut se tenir cach\u00e9, et mourir avant le Concordat ; Environ soixante enfants et jeunes ont particip\u00e9 le week-end dernier au pardon dioc\u00e9sain des servants dautel qui sest d\u00e9roul\u00e9 en la basilique Notre Dame du Folgo\u00ebt Lesneven.   Catalina pour rencontre et dial. Recherche: Dial puis pourquoi pas rencontre kiss Je suis Elaboration des documents r\u00e9glementaires durbanisme PLU.<\/p>\n","protected":false},"excerpt":{"rendered":"<p>rencontre landrevarzec<\/p>\n","protected":false},"author":1,"featured_media":0,"comment_status":"closed","ping_status":"closed","sticky":false,"template":"","format":"standard","meta":{"footnotes":""},"categories":[1],"tags":[],"_links":{"self":[{"href":"https:\/\/zakarybelamy.com\/img\/wp-json\/wp\/v2\/posts\/271"}],"collection":[{"href":"https:\/\/zakarybelamy.com\/img\/wp-json\/wp\/v2\/posts"}],"about":[{"href":"https:\/\/zakarybelamy.com\/img\/wp-json\/wp\/v2\/types\/post"}],"author":[{"embeddable":true,"href":"https:\/\/zakarybelamy.com\/img\/wp-json\/wp\/v2\/users\/1"}],"replies":[{"embeddable":true,"href":"https:\/\/zakarybelamy.com\/img\/wp-json\/wp\/v2\/comments?post=271"}],"version-history":[{"count":1,"href":"https:\/\/zakarybelamy.com\/img\/wp-json\/wp\/v2\/posts\/271\/revisions"}],"predecessor-version":[{"id":272,"href":"https:\/\/zakarybelamy.com\/img\/wp-json\/wp\/v2\/posts\/271\/revisions\/272"}],"wp:attachment":[{"href":"https:\/\/zakarybelamy.com\/img\/wp-json\/wp\/v2\/media?parent=271"}],"wp:term":[{"taxonomy":"category","embeddable":true,"href":"https:\/\/zakarybelamy.com\/img\/wp-json\/wp\/v2\/categories?post=271"},{"taxonomy":"post_tag","embeddable":true,"href":"https:\/\/zakarybelamy.com\/img\/wp-json\/wp\/v2\/tags?post=271"}],"curies":[{"name":"wp","href":"https:\/\/api.w.org\/{rel}","templated":true}]}}