{"id":3395,"date":"2020-09-26T14:44:59","date_gmt":"2020-09-26T14:44:59","guid":{"rendered":"http:\/\/zakarybelamy.com\/img\/?p=3395"},"modified":"2020-09-22T07:51:27","modified_gmt":"2020-09-22T07:51:27","slug":"m-pokora-rencontre-usher","status":"publish","type":"post","link":"https:\/\/zakarybelamy.com\/img\/2020\/09\/26\/m-pokora-rencontre-usher\/","title":{"rendered":"M Pokora Rencontre Usher"},"content":{"rendered":"<p>M. Pokora sera en concert au vendredi 6 mars \u00e0 20h. Un concert qui affiche d\u00e9j\u00e0 complet.. Sauf pour votre radio en Moselle qui vous offre les derni\u00e8res places!   Comment Dont forget that insults, racism, etc. Are forbidden by Skyrocks General Terms of Use and that you can be identified by your IP address 41.111.60.117 if someone makes a complaint. Le pr\u00e9sident du Bar\u00e7a oppos\u00e9 \u00e0 la C1 le week-endJosep Maria Bartomeu, le pr\u00e9sident du FC Barcelone, est fermement oppos\u00e9 \u00e0 lid\u00e9e de disputer des matches de Ligue des champions durant le week-end. \u00c7a va \u00eatre un bordel cette nouvelle ligue des champions! C est deja tellement nul d avoir mis la finale le week end depuis quelques saisons.. Il nest jamais daccord sur rien. Arr\u00eatez de lui demander son avis en fait. Par Marie Poussel et Arnaud Dumontier, envoy\u00e9s sp\u00e9ciaux \u00e0 Strasbourg Bas-Rhin \u03c1\u03bf\u03bc\u03b1\u03bd \u03ba\u03bf\u03c5\u03c1\u03c4\u03b9\u03bd\u03b5\u03c2 \u03b3\u03b9\u03b1 \u03ba\u03bf\u03c5\u03b6\u03b9\u03bd\u03b1 \u03c7\u03c1\u03bf\u03bd\u03b9\u03ba\u03bf \u03c0\u03b5\u03c1\u03b9\u03b8\u03c9\u03c1\u03b9\u03bf \u03ba\u03c4\u03b5\u03bf \u03b5\u03bc\u03c0\u03bf\u03c1\u03b5\u03cd\u03bc\u03b1\u03c4\u03b1 \u03c3\u03c4\u03b1 \u03b1\u03b3\u03b3\u03bb\u03b9\u03ba\u03b1 5. \u0388\u03bd\u03b1 \u03b1\u03c0\u03cc \u03c4\u03b1 \u039c\u03b5\u03b3\u03b1\u03bb\u03cd\u03c4\u03b5\u03c1\u03b1 \u0395\u03c0\u03b9\u03c4\u03b5\u03cd\u03b3\u03bc\u03b1\u03c4\u03b1 \u03c4\u03b7\u03c2 \u0396\u03c9\u03ae\u03c2 \u03b5\u03af\u03bd\u03b1\u03b9 \u03b7 \u039a\u03b1\u03c4\u03b1\u03bd\u03cc\u03b7\u03c3\u03b7 \u03c4\u03bf\u03c5 \u0395\u03b1\u03c5\u03c4\u03bf\u03cd. Abonnez-vous au coaching Bien-\u00eatre \u00e0 la maison by Voici! <img decoding=\"async\" src=\"http:\/\/www.mzandrehe.gq\/wp-content\/gallery\/rime-hk\/02.jpg\" alt=\"m pokora rencontre usher\" align=\"left\"> \u03c3\u03c5\u03bd\u03bf\u03bc\u03b9\u03bb\u03b9\u03b1 \u03c3\u03c4\u03bf chat \u039d\u03bf\u03b5 28, 2018 \u03b2\u03bf\u03bb\u03b2\u03bf\u03c2 \u03bc\u03b1\u03c4\u03b9\u03bf\u03c5 \u03c7\u03c1\u03c9\u03bc\u03b1 \u039c\u03bf\u03c5\u03c3\u03b9\u03ba\u03bf\u03c0\u03c1\u03bf\u03c4\u03ac\u03c3\u03b5\u03b9\u03c2 Le programme pour ce soir, cest quoi pour toi exactement? <img decoding=\"async\" src=\"http:\/\/cdn2_3.reseaudesassociations.fr\/cities\/753\/images\/omiwn3jrxczhoc3.jpg\" alt=\"m pokora rencontre usher\" align=\"center\"> Les pr\u00e9visions de Bison Fut\u00e9 pour le week-end de P\u00e2quesLa circulation sannonce charg\u00e9e pour le week-end de P\u00e2ques puisque toutes les zones A, B, C sont en vacances.  The blogs author only accepts comments from Skyrock members. T\u00e9l\u00e9chargez lapplication et recevez les alertes de la r\u00e9daction en temps r\u00e9el Le jeune homme a \u00e9galement confi\u00e9 avoir \u00e9t\u00e9 d\u00e9pass\u00e9 par le succ\u00e8s de My Way avec plus de 650 000 albums vendus et explique ce myst\u00e9rieux engouement par une th\u00e9orie surprenante : il aurait clarifi\u00e9 la filiation naturelle entre lui et Claude Fran\u00e7ois en reprenant le c\u00e9l\u00e8bre chanteur. Cest en tout cas ce quil a affirm\u00e9 au. Jai pris une sorte de rel\u00e8ve. En France, personne na chant\u00e9 et dans\u00e9 comme nous. <img decoding=\"async\" src=\"http:\/\/media1.woopic.com\/165\/f\/300x175\/q\/85\/fd\/p\/CjUZi\/usher-sur-le-yacht-de-cauet-a-cannes-c-cauet-sur-nrj%7Cx240-LdH.jpg\" alt=\"m pokora rencontre usher\" align=\"center\"> This website uses cookies to improve your experience. Well assume youre ok with this, but you can opt-out if you wish. Public : Avez-vous conscience de faire partie des favoris? M.Pokora prend un peu de recul apr\u00e8s une ann\u00e9e 2017 intense Valery Hache-afp Je ne mattendais pas \u00e0 un tel accueil sur cette tourn\u00e9e : le public a \u00e9t\u00e9 extraordinaire et les salles remplies! Quand jai compos\u00e9\u00c0 la poursuite du bonheur, je voulais quelque chose de positif, dans une p\u00e9riode morose. Je parle de tol\u00e9rance, de se battre pour aller au bout de ses r\u00eaves.. Des valeurs qui me correspondent. Jai trouv\u00e9 le bonheur. Je suis un artiste heureux. Je peux difficilement demander plus : lalbum cartonne. On va m\u00eame tourner un DVD live, \u00e0 Paris, les 15 et 16 d\u00e9cembre. Sa r\u00e9sidence:Paris en collaboration avec son pote et chor\u00e9graphe Hakim.<\/p>\n","protected":false},"excerpt":{"rendered":"<p>m pokora rencontre usher<\/p>\n","protected":false},"author":1,"featured_media":0,"comment_status":"closed","ping_status":"closed","sticky":false,"template":"","format":"standard","meta":{"footnotes":""},"categories":[1],"tags":[],"_links":{"self":[{"href":"https:\/\/zakarybelamy.com\/img\/wp-json\/wp\/v2\/posts\/3395"}],"collection":[{"href":"https:\/\/zakarybelamy.com\/img\/wp-json\/wp\/v2\/posts"}],"about":[{"href":"https:\/\/zakarybelamy.com\/img\/wp-json\/wp\/v2\/types\/post"}],"author":[{"embeddable":true,"href":"https:\/\/zakarybelamy.com\/img\/wp-json\/wp\/v2\/users\/1"}],"replies":[{"embeddable":true,"href":"https:\/\/zakarybelamy.com\/img\/wp-json\/wp\/v2\/comments?post=3395"}],"version-history":[{"count":1,"href":"https:\/\/zakarybelamy.com\/img\/wp-json\/wp\/v2\/posts\/3395\/revisions"}],"predecessor-version":[{"id":3396,"href":"https:\/\/zakarybelamy.com\/img\/wp-json\/wp\/v2\/posts\/3395\/revisions\/3396"}],"wp:attachment":[{"href":"https:\/\/zakarybelamy.com\/img\/wp-json\/wp\/v2\/media?parent=3395"}],"wp:term":[{"taxonomy":"category","embeddable":true,"href":"https:\/\/zakarybelamy.com\/img\/wp-json\/wp\/v2\/categories?post=3395"},{"taxonomy":"post_tag","embeddable":true,"href":"https:\/\/zakarybelamy.com\/img\/wp-json\/wp\/v2\/tags?post=3395"}],"curies":[{"name":"wp","href":"https:\/\/api.w.org\/{rel}","templated":true}]}}