{"id":365,"date":"2020-09-18T20:36:52","date_gmt":"2020-09-18T20:36:52","guid":{"rendered":"http:\/\/zakarybelamy.com\/img\/?p=365"},"modified":"2020-09-18T16:13:29","modified_gmt":"2020-09-18T16:13:29","slug":"premier-ministre-rencontre-avec-pauline-marois","status":"publish","type":"post","link":"https:\/\/zakarybelamy.com\/img\/2020\/09\/18\/premier-ministre-rencontre-avec-pauline-marois\/","title":{"rendered":"Premier Ministre Rencontre Avec Pauline Marois"},"content":{"rendered":"<p>Vous pouvez aussi devenir membres de Bossons Fut\u00e9 en. Nous serions heureux de publier les documents que vous souhaitez partager. Face au d\u00e9fi lanc\u00e9 par David en demi-finale de Top Chef, un Saint-Honor\u00e9 avec un d\u00e9cor en sucre souffl\u00e9, Mallory sest retrouv\u00e9 en situation tr\u00e8s compliqu\u00e9. La p\u00e2tisserie.. Ce sont exactement les m\u00eames mots que jutilise au Qu\u00e9bec quand je parle de notre proposition qui est de bien vivre ensemble, de vouloir bien vivre ensemble, a d\u00e9clar\u00e9 Pauline Marois, qui a \u00e9chang\u00e9 sur ce sujet avec le pr\u00e9sident fran\u00e7ais. Pour vous aider, \u00e0 titre dadjoint parlementaire pour les dossiers de la for\u00eat, jai mandat\u00e9 la personne toute d\u00e9sign\u00e9e, Denis Trottier. <img decoding=\"async\" src=\"http:\/\/archives.lametropole.com\/assets\/application\/articles\/2\/\/b046f9773dbcc85_file.jpg\" alt=\"premier ministre rencontre avec pauline marois\" align=\"left\"> Doctorante en communication, Universit\u00e9 du Qu\u00e9bec \u00e0 Montr\u00e9al UQAM Parce que Marois et son PQ durant leur campagne \u00e9lectorat ont cri\u00e9 haut et fort sur tous les toits qui se retrouvent au Qu\u00e9bec quelle et son PQ feraient la politique diff\u00e9remment. Malheureusement cest tout comme si les lib\u00e9raux \u00e9taient encore au pouvoir, mais avec une autre \u00e9quipe aussi incomp\u00e9tente. Une autre promesse bidon de Marois et son PQ pour lachat de vote. \u00c0 la longue tous ces achats de votes vont nous co\u00fbter tr\u00e8s cher et mettra notre \u00e9conomie et notre mod\u00e8le qu\u00e9b\u00e9cois K.O. Mme Grossman Cheryl: How do you think this poll would affect the election time table, say? MERCIER NO\u00c9MI-LA VRAI PAULINE MAROIS-LIVRES NUM\u00c9RIQUES-Renaud-Bray.com-Livres cadeaux jeux  M. Bourque Fran\u00e7ois: Je vais prendre en note. On va proc\u00e9der en fran\u00e7ais dabord, en anglais, en espagnol et en portugais par la suite. \u00c9tymologie XX e si\u00e8cle Compos\u00e9 de et de, ce bon usage de la francophonie, comme le dit Bernard Cerquiglini, nous vient du Qu\u00e9bec, il rencontre encore des r\u00e9ticences en France o\u00f9 on entend encore couramment Madame le premier ministre voir. Locution nominale Singulier Profitons-en pour que lexpertise d\u00e9velopp\u00e9e dans le domaine du reclassement de centrales nucl\u00e9aires devienne un cr\u00e9neau dexcellence exportable. Elle revient \u00e0 l en tant que d\u00e9put\u00e9e de en et se fait r\u00e9\u00e9lire en, et. <img decoding=\"async\" src=\"http:\/\/www.lesaffaires.com\/uploads\/images\/normal\/56ff12d5e19acea806e5a6f6360885ba.jpg\" alt=\"premier ministre rencontre avec pauline marois\" align=\"center\">   Pauline Marois convoque lAssembl\u00e9e nationale le mois suivant pour adopter des projets de loi sur ladjudication des contrats publics et la r\u00e9forme du financement des partis politiques. Le premier budget de son, est d\u00e9pos\u00e9 en novembre. Il comprend des assouplissements \u00e0 la taxe sant\u00e9 pour la rendre plus progressive, une r\u00e9duction de laugmentation pr\u00e9vue du bloc d\u00e9lectricit\u00e9 patrimonial dHydro-Qu\u00e9bec et un retour \u00e0 l\u00e9quilibre budg\u00e9taire \u00e0 compter de lann\u00e9e fiscale 2013-2014. Malgr\u00e9 les protestations des partis dopposition, le budget est adopt\u00e9 par une courte majorit\u00e9. Parmi les principales mesures effectives mises en place par le gouvernement de Pauline Marois, on peut citer : Ce sera le r\u00f4le de la ministre de l\u00c9ducation, du Loisir et du Sport et ministre responsable de la r\u00e9gion de la Mont\u00e9r\u00e9gie, Marie Malavoy. Accepter Fermer la banni\u00e8re davertissement sur les cookies Pour relever cette nouvelle exigence, \u00e0 titre de ministre responsable des Institutions d\u00e9mocratiques et de la Participation citoyenne et ministre responsable de la Mauricie, jai mandat\u00e9 Bernard Drainville. Ce jeudi 11 juin, plus de cinquante scientifiques ont sign\u00e9 une d\u00e9claration appelant la Commission europ\u00e9enne, le Parlement europ\u00e9en et les \u00c9tats membres de lUnion europ\u00e9enne UE \u00e0 agir pour mettre fin \u00e0 la surp\u00eache en tant que r\u00e9ponse urgente et n\u00e9cessaire aux crises de la biodiversit\u00e9 et du climat.. Mais dautre part, les francophones du Qu\u00e9bec sont culturellement beaucoup plus proches des francophones de Belgique, et ils nignorent rien des attaques r\u00e9p\u00e9t\u00e9es du pr\u00e9sident de la N-VA contre les Wallons et les francophones, accus\u00e9s de vivre aux crochets de la Flandre. Aujourdhui, dans le cadre des n\u00e9gociations de laccord de libre-\u00e9change des Am\u00e9riques et dans le contexte du sommet de Qu\u00e9bec, qui marquera une \u00e9tape importante dans ce processus de n\u00e9gociations, le gouvernement du Qu\u00e9bec rend publiques ses positions \u00e0 l\u00e9gard des principaux sujets qui sont en cause. Ainsi, le gouvernement du Qu\u00e9bec appuie la cr\u00e9ation dune zone de libre-\u00e9change dans les Am\u00e9riques. Il pose toutefois un certain nombre de conditions incontournables: <img decoding=\"async\" src=\"http:\/\/logicals1.com\/wp-content\/uploads\/2017\/05\/bg3_wp-1024x682.jpg\" alt=\"premier ministre rencontre avec pauline marois\" align=\"right\"> Elle la affirm\u00e9 pendant sa campagne et la r\u00e9p\u00e9t\u00e9 le soir de sa victoire, avant lattaque : au cours des 100 premiers jours de son mandat, elle renforcera la Charte de la langue fran\u00e7aise, ou Loi 101, \u00e9tablissant le fran\u00e7ais comme langue officielle du Qu\u00e9bec dans toutes les sph\u00e8res de la vie. Adopt\u00e9 en 1977, la port\u00e9e du texte a \u00e9t\u00e9 amput\u00e9e par la Cour supr\u00eame dOttawa au fil des ann\u00e9es plus de 200 modifications y ont \u00e9t\u00e9 apport\u00e9es. La Charte de la langue fran\u00e7aise doit \u00eatre un texte fondamental garant de notre identit\u00e9 culturelle, a-t-elle assur\u00e9 en ao\u00fbt dernier. Mais au-del\u00e0 de la langue, son cheval de bataille, son r\u00eave le plus cher est de voir un jour le Qu\u00e9bec gagner son ind\u00e9pendance vis-\u00e0-vis du reste du Canada. Elle se verrait bien organiser un troisi\u00e8me r\u00e9f\u00e9rendum sur la question, mais ne sest pas aventur\u00e9e \u00e0 en faire la promesse : les deux pr\u00e9c\u00e9dents, en 1980 et 1995, se sont sold\u00e9s par un \u00e9chec. Pauline Marois a assur\u00e9 quelle r\u00e9alisera son objectif d\u00e8s quune majorit\u00e9 pour le projet du pays se dessinera clairement. Mais pour lheure, entre 30 et 40 des Qu\u00e9b\u00e9cois se d\u00e9clarent favorables \u00e0 lind\u00e9pendance. Je serai responsable du dossier des Affaires intergouvernementales canadiennes et de la Gouvernance souverainiste, de sorte que le ministre d\u00e9l\u00e9gu\u00e9 se rapportera directement \u00e0 moi. Du c\u00f4t\u00e9 de lopposition, Jean-Marc Fournie assurait en novembre 2013, \u00e0 lAssembl\u00e9e nationale qu avec ce code, le gouvernement veut imposer un nouveau mod\u00e8le de soci\u00e9t\u00e9 en rupture directe avec ce que nous avons connu jusquici. Gr\u00e8ve \u00e9tudiante: Jean Charest doit participer \u00e0 la rencontre avec les \u00e9tudiants, dit Pauline Marois HuffPost Qu\u00e9bec Les souverainistes qu\u00e9becois ne veulent pas se montrer avec De Wever You have reached your viewing limit for this book.<\/p>\n","protected":false},"excerpt":{"rendered":"<p>premier ministre rencontre avec pauline marois<\/p>\n","protected":false},"author":1,"featured_media":0,"comment_status":"closed","ping_status":"closed","sticky":false,"template":"","format":"standard","meta":{"footnotes":""},"categories":[1],"tags":[],"_links":{"self":[{"href":"https:\/\/zakarybelamy.com\/img\/wp-json\/wp\/v2\/posts\/365"}],"collection":[{"href":"https:\/\/zakarybelamy.com\/img\/wp-json\/wp\/v2\/posts"}],"about":[{"href":"https:\/\/zakarybelamy.com\/img\/wp-json\/wp\/v2\/types\/post"}],"author":[{"embeddable":true,"href":"https:\/\/zakarybelamy.com\/img\/wp-json\/wp\/v2\/users\/1"}],"replies":[{"embeddable":true,"href":"https:\/\/zakarybelamy.com\/img\/wp-json\/wp\/v2\/comments?post=365"}],"version-history":[{"count":1,"href":"https:\/\/zakarybelamy.com\/img\/wp-json\/wp\/v2\/posts\/365\/revisions"}],"predecessor-version":[{"id":366,"href":"https:\/\/zakarybelamy.com\/img\/wp-json\/wp\/v2\/posts\/365\/revisions\/366"}],"wp:attachment":[{"href":"https:\/\/zakarybelamy.com\/img\/wp-json\/wp\/v2\/media?parent=365"}],"wp:term":[{"taxonomy":"category","embeddable":true,"href":"https:\/\/zakarybelamy.com\/img\/wp-json\/wp\/v2\/categories?post=365"},{"taxonomy":"post_tag","embeddable":true,"href":"https:\/\/zakarybelamy.com\/img\/wp-json\/wp\/v2\/tags?post=365"}],"curies":[{"name":"wp","href":"https:\/\/api.w.org\/{rel}","templated":true}]}}