{"id":3675,"date":"2020-09-27T20:48:19","date_gmt":"2020-09-27T20:48:19","guid":{"rendered":"http:\/\/zakarybelamy.com\/img\/?p=3675"},"modified":"2020-09-22T18:37:04","modified_gmt":"2020-09-22T18:37:04","slug":"pauline-marois-rencontre-jean-charest","status":"publish","type":"post","link":"https:\/\/zakarybelamy.com\/img\/2020\/09\/27\/pauline-marois-rencontre-jean-charest\/","title":{"rendered":"Pauline Marois Rencontre Jean Charest"},"content":{"rendered":"<p>Ambassadeur Ishikawa re\u00e7oit un interview par Mme Mutsumi Takahashi, pr\u00e9sentatrice de CTV  Le jour de sa d\u00e9mission comme premi\u00e8re ministre, elle promet de faciliter la transition pour un congr\u00e8s \u00e0 la chefferie qui ne se tiendra pas avant 2015. St\u00e9phane B\u00e9dard, jeune d\u00e9put\u00e9 de Chicoutimi, assure la transition comme chef parlementaire de 30 d\u00e9put\u00e9s, dans un parlement compos\u00e9 de 70 lib\u00e9raux, 22 caquistes et 3 d\u00e9put\u00e9s de Qu\u00e9bec solidaire. \u00c0 laube de son 26e anniversaire, voici lhistoire dune id\u00e9e devenue un mouvement et dune organisation devenue vitale \u00e0 limplication de la rel\u00e8ve daffaires dans la sph\u00e8re \u00e9conomique du Qu\u00e9bec. Alors que Jean Charest et Pauline Marois multiplient les rencontres et les bains de foule, les deux chefs ont tous deux \u00e9t\u00e9 hu\u00e9s lors de rassemblements publics samedi. Avoir des informations sur les visas et les proc\u00e9dures dimmigration Le deuxi\u00e8me blocage portait sur la Charte de la la\u00efcit\u00e9 la fameuse Charte des valeurs. L\u00e0, dit-elle, peut-\u00eatre que son gouvernement aurait d\u00fb se montrer plus ouvert aux propositions du parti de Fran\u00e7ois Legault. \u039a\u03b1\u03c1\u03ba\u03b9\u03bd\u03bf\u03c2 \u03bf\u03c3\u03c4\u03c9\u03bd \u03b8\u03b5\u03c1\u03b1\u03c0\u03b5\u03b9\u03b1 \u039d\u03bf\u03b5 28, 2018 \u03b5\u03be\u03c9\u03c3\u03c7\u03bf\u03bb\u03b9\u03ba\u03b5\u03c2 \u03b4\u03c1\u03b1\u03c3\u03c4\u03b7\u03c1\u03b9\u03bf\u03c4\u03b7\u03c4\u03b5\u03c2 \u03b3\u03b9\u03b1 \u03c0\u03b1\u03b9\u03b4\u03b9\u03b1 \u03b1 \u03b4\u03b7\u03bc\u03bf\u03c4\u03b9\u03ba\u03bf\u03c5 \u039c\u03bf\u03c5\u03c3\u03b9\u03ba\u03bf\u03c0\u03c1\u03bf\u03c4\u03ac\u03c3\u03b5\u03b9\u03c2 Le colloque daffaires publiques voit de nouveau le jour en 2016, baptis\u00e9 Forum \u00e9conomique de la rel\u00e8ve daffaires FERA et accueille Denis Coderre, Alexandre Taillefer, Youri Chassin, Ianik Marcil, Guillaume Lavoie et Nicolas Duvernois, r\u00e9unis autour de la th\u00e9matique l\u00e9conomie du partage et les pouvoirs publics. Des ententes historiques sont conclues avec des partenaires majeurs dont la Banque Nationale du Canada et Start-Up Canada. La S\u00e9rie des Jeunes Leaders a accueilli Christine St-Pierre, ministre des relations internationales et de la francophonie du Qu\u00e9bec et Kathleen Weil, ministre de limmigration, de la diversit\u00e9 et de linclusion. Lors de lactivit\u00e9 Start-up Finance Montr\u00e9al, le RJCCQ recevait lHonorable Diane Lebouthillier, ministre f\u00e9d\u00e9rale du Revenu National. Pour aller plus loin, nous vous invitons \u00e9galement \u00e0 faire un tour sur notre rubrique. Vous y trouverez des informations gratuites sur limmigration au Quebec et des explications sur les diff\u00e9rentes proc\u00e9dures et d\u00e9marche. <img decoding=\"async\" src=\"http:\/\/www.metcpare.ga\/4312-23055-thickbox\/maison-saint-marcellin.jpg\" alt=\"pauline marois rencontre jean charest\" align=\"right\"> Une belle occasion de rencontrer des employeurs dans de nombreux secteurs dactivit\u00e9s : entreprises, services publics, agences de placement, sites Internet de recherche demploi.. Mercredi prochain d\u00e9bute la 7\u00e8me \u00e9dition du festival M pour Montr\u00e9al, une vitrine de quatre jours o\u00f9 une multitude dartistes locaux se produiront dans plusieurs salles de spectacle de Montr\u00e9al. Le journaliste Michel David a \u00e9crit en 1995 : On dit souvent que les femmes qui veulent r\u00e9ussir en politique doivent se comporter comme des hommes. On donne toujours lexemple de Margaret Thatcher ou de Lise Bazon. Pauline Marois d\u00e9montre que ce nest pas obligatoire. Il ne faut pas sy tromper. Mme Marois est aussi une politicienne aguerrie, qui a su naviguer habilement dans les eaux agit\u00e9es du PQ. Je ne sais pas si la paix dans les secteurs public et parapublic va pouvoir r\u00e9sister aux prochaines n\u00e9gociations, mais il faut reconna\u00eetre que le climat sest consid\u00e9rablement am\u00e9lior\u00e9 depuis larriv\u00e9e de madame Marois Marois, 2008. On peut sortir une femme de la politique, mais peut-on sortir la politique dune femme? Mme Marois: Bien, ils font.. Cest souvent la technique de M. Charest, hein? Cest comme des demi-v\u00e9rit\u00e9s. Il ny a pas de liste qui circule. Bon, daccord. Il peut ne pas y avoir de liste qui circule, mais, si je l\u00e8ve la main puis je demande qui sont les noms, puis que je connais les noms? Alors, en ce sens-l\u00e0, cest la tactique la plus, je dirais, la plus commun\u00e9ment utilis\u00e9e par M Charest. Mais cest une demi-victoire pour Mme Marois qui devra se contenter de diriger un gouvernement minoritaire, de surcro\u00eet avec un faible pourcentage dappui de la population. <img decoding=\"async\" src=\"http:\/\/1.bp.blogspot.com\/-nxk9HbzUsug\/UEOMKOaDFwI\/AAAAAAAAc4c\/0BTv0oO6H_I\/s1600\/charestballeweb.jpg\" alt=\"pauline marois rencontre jean charest\" align=\"right\"> <img decoding=\"async\" src=\"http:\/\/images.lpcdn.ca\/641x427\/201010\/07\/205678-premier-ministre-quebec-jean-charest.jpg\" alt=\"pauline marois rencontre jean charest\" align=\"left\"> Depuis 2008, le Qu\u00e9bec organise les Journ\u00e9es Qu\u00e9bec, un \u00e9v\u00e9nement de recrutement dans plusieurs villes dEurope. La demande du PVT se fait au moment de louverture de ces visas par le gouvernement canadien. Pour cette ann\u00e9e, la date douverture pour la demande de PVT 2013 na pas encore \u00e9t\u00e9 annonc\u00e9e. Mais en se basant sur lhistorique des ann\u00e9es pr\u00e9c\u00e9dentes, il y a de fortes chances que cela se fasse fin novembre. Prix Louis-Joseph-Papineau, Regroupement pour un pays souverain 2011  Vous \u00eates abonn\u00e9 au magazine dans sa version papier? Son discours de victoire a \u00e9t\u00e9 endeuill\u00e9 par la mort dune personne tu\u00e9e par un homme arm\u00e9 ayant ouvert le feu parmi les partisans du PQ r\u00e9unis \u00e0.  Assembl\u00e9e Nationale 2015. Pauline Marois. Rep\u00e9r\u00e9 \u00e0 Notre D\u00e9l\u00e9gation g\u00e9n\u00e9rale, et particuli\u00e8rement les ministres qui viennent en mission en France, joue un r\u00f4le important en faveur de lexception culturelle puisque, \u00e0 chaque visite, la question est abord\u00e9e avec leurs interlocuteurs. Lors de la visite officielle en France de la premi\u00e8re ministre Pauline Marois, en octobre 2012, lexception culturelle a \u00e9t\u00e9 un des sujets de discussion avec le pr\u00e9sident Fran\u00e7ois Hollande et le premier ministre Jean-Marc Ayrault. Lorsque le ministre des Relations internationales, de la Francophonie et du Commerce ext\u00e9rieur, Jean-Fran\u00e7ois Lis\u00e9e, est r\u00e9cemment venu en France, il a \u00e9galement discut\u00e9 du sujet avec ses homologues et, notamment, avec le ministre de l\u00c9conomie et des Finances, Pierre Moscovici. Le ministre de la Culture et des Communications, Maka Kotto, en a \u00e9galement discut\u00e9 avec son homologue fran\u00e7aise, Aur\u00e9lie Filippetti, pour sassurer de notre unit\u00e9 de pens\u00e9e sur le sujet. Le Qu\u00e9bec et la France sont un bon exemple de ce que la collaboration bilat\u00e9rale peut avoir comme effet dans des dossiers multilat\u00e9raux : nous sommes les deux grands d\u00e9fenseurs de la pr\u00e9servation de cette exception culturelle dans les grands accords internationaux et plus sp\u00e9cifiquement, dans le cadre de laccord commercial entre le Canada et lUnion europ\u00e9enne. Le contexte de la mondialisation rend cette affirmation encore plus pertinente relativement \u00e0 des enjeux qui d\u00e9passent la relation bilat\u00e9rale franco-qu\u00e9b\u00e9coise. Le couple Marois-Blanchet s\u00e9tablit \u00e0 Montr\u00e9al et M me Marois sinscrit \u00e0 l, de l, o\u00f9 elle compl\u00e8te une M.B.A. En 1976. Militante d\u00e8s les premiers jours du Parti qu\u00e9b\u00e9cois, elle devient lattach\u00e9e de presse de, son ancien professeur, en 1978. Elle quitte ce poste apr\u00e8s six mois, en, consid\u00e9rant quon ne lutilisait pas \u00e0 la hauteur de son talent, confiera-t-elle plus tard au biographe de Jacques Parizeau. Elle devient ensuite chef de cabinet de la ministre \u00e0 la Condition f\u00e9minine, en. Le biographe de Ren\u00e9 L\u00e9vesque, Pierre Godin, affirme que Pauline Marois a h\u00e9sit\u00e9 avant daccepter le poste, parce quelle ne se sentait pas particuli\u00e8rement. Avec moi, tu vas le devenir, lui avait alors r\u00e9pliqu\u00e9 la ministre Payette.<\/p>\n","protected":false},"excerpt":{"rendered":"<p>pauline marois rencontre jean charest<\/p>\n","protected":false},"author":1,"featured_media":0,"comment_status":"closed","ping_status":"closed","sticky":false,"template":"","format":"standard","meta":{"footnotes":""},"categories":[1],"tags":[],"_links":{"self":[{"href":"https:\/\/zakarybelamy.com\/img\/wp-json\/wp\/v2\/posts\/3675"}],"collection":[{"href":"https:\/\/zakarybelamy.com\/img\/wp-json\/wp\/v2\/posts"}],"about":[{"href":"https:\/\/zakarybelamy.com\/img\/wp-json\/wp\/v2\/types\/post"}],"author":[{"embeddable":true,"href":"https:\/\/zakarybelamy.com\/img\/wp-json\/wp\/v2\/users\/1"}],"replies":[{"embeddable":true,"href":"https:\/\/zakarybelamy.com\/img\/wp-json\/wp\/v2\/comments?post=3675"}],"version-history":[{"count":1,"href":"https:\/\/zakarybelamy.com\/img\/wp-json\/wp\/v2\/posts\/3675\/revisions"}],"predecessor-version":[{"id":3676,"href":"https:\/\/zakarybelamy.com\/img\/wp-json\/wp\/v2\/posts\/3675\/revisions\/3676"}],"wp:attachment":[{"href":"https:\/\/zakarybelamy.com\/img\/wp-json\/wp\/v2\/media?parent=3675"}],"wp:term":[{"taxonomy":"category","embeddable":true,"href":"https:\/\/zakarybelamy.com\/img\/wp-json\/wp\/v2\/categories?post=3675"},{"taxonomy":"post_tag","embeddable":true,"href":"https:\/\/zakarybelamy.com\/img\/wp-json\/wp\/v2\/tags?post=3675"}],"curies":[{"name":"wp","href":"https:\/\/api.w.org\/{rel}","templated":true}]}}