{"id":3691,"date":"2020-09-27T15:48:19","date_gmt":"2020-09-27T15:48:19","guid":{"rendered":"http:\/\/zakarybelamy.com\/img\/?p=3691"},"modified":"2020-09-22T19:01:07","modified_gmt":"2020-09-22T19:01:07","slug":"rencontres-polyphoniques-calvi-2013","status":"publish","type":"post","link":"https:\/\/zakarybelamy.com\/img\/2020\/09\/27\/rencontres-polyphoniques-calvi-2013\/","title":{"rendered":"Rencontres Polyphoniques Calvi 2013"},"content":{"rendered":"<p>Ce sera une amiti\u00e9, comme toutes les amiti\u00e9s denses, de celles qui laissent un sillage, une empreinte, et que lon emporte au fond de soi. Votre adresse de messagerie est utilis\u00e9e uniquement pour vous envoyer nos newsletters personnalis\u00e9es et autres messages de prospection pour des produits et services analogues du Groupe TF1. Vous pouvez \u00e0 tout moment utiliser le lien de d\u00e9sabonnement int\u00e9gr\u00e9 dans la newsletter. Dimache 26 mars participez \u00e0 la premi\u00e8re \u00e9dition de la journ\u00e9e des accompgateurs en montagne Du 25092016 au 25092016 18:00-Saarbr\u00fccken. Cuncertu di Tavagna Cette nouvelle \u00e9dition, sous l\u00e9gide de Guillemette Mazenc-Lenziani, comptera une soixantaine dexposants, composant une riche palette dartistes. 103 : concert solo \u00e0 la Chapelle St Yves \u00e0 Loguivy-Plougras 22 : Mann met trao\u00f9 kozh! un programme entier de chansons traditionnelles que je viens de trouver en farfouillant dans les collectages des uns et des autres, et que je chante l\u00e0 pour la premi\u00e8re fois. Quels sont les monuments \u00e0 voir en Corse? La plupart des monuments de Corse sont souvent list\u00e9s parmi les incontournables, mais certains lieu moins connus sont \u00e0 d\u00e9couvrir! \u03b1\u03b3\u03b3\u03b5\u03bb\u03b9\u03ba\u03b7 \u03b7\u03bb\u03b9\u03b1\u03b4\u03b7 \u03ba\u03b1\u03c4\u03b9 \u03b1\u03bd\u03c4\u03c1\u03b5\u03c2 \u03c0\u03b1\u03b9\u03b4\u03b9\u03b1 \u03b4\u03b1\u03c3\u03b9\u03ba\u03b5\u03c2 \u03b5\u03ba\u03c4\u03b1\u03c3\u03b5\u03b9\u03c2 \u03b1\u03c0\u03bf\u03c7\u03b1\u03c1\u03b1\u03ba\u03c4\u03b7\u03c1\u03b9\u03c3\u03bc\u03bf\u03c2 2017 \u0399\u03a7\u0398\u03a5\u03a3: \u039a\u03b1\u03bd\u03b5\u03af\u03c2 \u03b4\u03b5\u03bd \u03c0\u03c1\u03cc\u03ba\u03b5\u03b9\u03c4\u03b1\u03b9 \u03bd\u03b1 \u03b9\u03ba\u03b1\u03bd\u03bf\u03c0\u03bf\u03b9\u03ae\u03c3\u03b5\u03b9 \u03c4\u03b9\u03c2 \u03b1\u03bd\u03ac\u03b3\u03ba\u03b5\u03c2 \u03c3\u03bf\u03c5 \u03b3\u03b9\u03b1\u03c5\u03c4\u03cc \u03ba\u03ac\u03bd\u03b5 \u03c4\u03bf \u03b5\u03c3\u03cd \u03bc\u03cc\u03bd\u03bf! \u03a5\u03c0\u03ac\u03c1\u03c7\u03b5\u03b9 \u03c0\u03bf\u03bb\u03cd gossip \u03b3\u03cd\u03c1\u03c9 \u03c3\u03bf\u03c5 \u03b1\u03bb\u03bb\u03ac \u03bc\u03b7\u03bd \u03c3\u03b5 \u03c0\u03c4\u03bf\u03b5\u03af \u03b1\u03c5\u03c4\u03cc! \u039c\u03b7\u03bd \u03b4\u03af\u03bd\u03b5\u03b9\u03c2 \u03b2\u03ac\u03c3\u03b7 \u03c3\u03b5 \u03c4\u03ad\u03c4\u03bf\u03b9\u03b5\u03c2 \u03bb\u03b5\u03c0\u03c4\u03bf\u03bc\u03ad\u03c1\u03b5\u03b9\u03b5\u03c2! \u03a4\u03bf \u03bc\u03cc\u03bd\u03bf \u03c0\u03bf\u03c5 \u03bc\u03c0\u03bf\u03c1\u03b5\u03af\u03c2 \u03bd\u03b1 \u03c0\u03b5\u03c4\u03cd\u03c7\u03b5\u03b9\u03c2 \u03b1\u03bd \u03b1\u03c3\u03c7\u03bf\u03bb\u03b7\u03b8\u03b5\u03af\u03c2 \u03bc\u03b5 \u03b1\u03c5\u03c4\u03ac \u03b5\u03af\u03bd\u03b1\u03b9 \u03bd\u03b1 \u03c3\u03b5 \u03b1\u03c0\u03bf\u03be\u03b5\u03bd\u03ce\u03c3\u03bf\u03c5\u03bd \u03b1\u03c0\u03cc \u03c4\u03bf\u03c5\u03c2 \u03b4\u03b9\u03ba\u03bf\u03cd\u03c2 \u03c3\u03bf\u03c5 \u03b1\u03bd\u03b8\u03c1\u03ce\u03c0\u03bf\u03c5\u03c2 \u03c7\u03c9\u03c1\u03af\u03c2 \u03bb\u03cc\u03b3\u03bf. Le 18072011-Peru Casevechje. I Luni di lidentit\u00e0 Les diff\u00e9rents dons des artistes permettent, par ailleurs, denrichir le patrimoine artistique de la Ville qui, \u00e0 terme, fera lobjet de la cr\u00e9ation dun Fonds dArt Contemporain.  <img decoding=\"async\" src=\"http:\/\/blog.jeunes-cathos.fr\/wp-content\/uploads\/sites\/13\/2016\/02\/RN-CGE-2016-BN-ANGERS.jpg\" alt=\"rencontres polyphoniques calvi 2013\" align=\"left\"> <img decoding=\"async\" src=\"http:\/\/www.kdurgences.org\/wp-content\/uploads\/2012\/10\/Affiche-colloque-du-15-novembre-2012_page_001.jpg\" alt=\"rencontres polyphoniques calvi 2013\" align=\"left\"> <img decoding=\"async\" src=\"http:\/\/www.speloncato.com\/balagne\/images\/Migue\/Foires_Manifestations\/20090915-polyphonies.jpg\" alt=\"rencontres polyphoniques calvi 2013\" align=\"center\"> Nous avons entendu des voix et des langues dont nous nous ne soup\u00e7onnions pas lexistence : combien ont \u00e9t\u00e9 musel\u00e9es, presqueffac\u00e9es par des r\u00e9gimes politiques coercitifs, par des choix \u00e9conomiques o\u00f9 lhumain avait bien peu de place. Mais il est arriv\u00e9 que le terreau de la d\u00e9mocratie permette \u00e0 ces voix, que lon avait ensevelies comme un tr\u00e9sor cach\u00e9, de s\u00e9panouir et de nourrir notre propre humanit\u00e9. 20 ans plus tard, notre curiosit\u00e9 est toujours intacte : au-del\u00e0 de la curiosit\u00e9, de l\u00e9motion esth\u00e9tique, cest le d\u00e9sir de partage, cest la recherche dune v\u00e9rit\u00e9, cest la foi en lhomme qui nous anime. Car \u00e0 travers la voix, cest une nudit\u00e9 tranquille, sans artifice et sans ostentation, qui sexprime. Et cest l\u00e0 que nous rejoignons Henri Gougaud :Plus beau queux-m\u00eames est le chant des hommes. Rien ne dit plus bravement leur d\u00e9nuement, leur foi, leur insoup\u00e7onnable grandeur. Le 08072004-Santa Croce, Bastia. Cuncertu di Tavagna N\u00e9 de la passion commune pour le chant, le groupe vocal ISULATINE fait partie des formations musicales qui repr\u00e9sentent avec force la sensibilit\u00e9 du chant polyphonique corse au f\u00e9minin. Si leur.. You do not have permission to access this document. Nous avons entendu des voix et des langues dont nous nous ne soup\u00e7onnions pas lexistence : combien ont \u00e9t\u00e9 musel\u00e9es, presqueffac\u00e9es par des r\u00e9gimes politiques coercitifs, par des choix \u00e9conomiques o\u00f9 lhumain avait bien peu de place. Mais il est arriv\u00e9 que le terreau de la d\u00e9mocratie permette \u00e0 ces voix, que lon avait ensevelies comme un tr\u00e9sor cach\u00e9, de s\u00e9panouir et de nourrir notre propre humanit\u00e9. 20 ans plus tard, notre curiosit\u00e9 est toujours intacte : au-del\u00e0 de la curiosit\u00e9, de l\u00e9motion esth\u00e9tique, cest le d\u00e9sir de partage, cest la recherche dune v\u00e9rit\u00e9, cest la foi en lhomme qui nous anime. Car \u00e0 travers la voix, cest une nudit\u00e9 tranquille, sans artifice et sans ostentation, qui sexprime. Et cest l\u00e0 que nous rejoignons Henri Gougaud :Plus beau queux-m\u00eames est le chant des hommes. Rien ne dit plus bravement leur d\u00e9nuement, leur foi, leur insoup\u00e7onnable grandeur.  .<\/p>\n","protected":false},"excerpt":{"rendered":"<p>rencontres polyphoniques calvi 2013<\/p>\n","protected":false},"author":1,"featured_media":0,"comment_status":"closed","ping_status":"closed","sticky":false,"template":"","format":"standard","meta":{"footnotes":""},"categories":[1],"tags":[],"_links":{"self":[{"href":"https:\/\/zakarybelamy.com\/img\/wp-json\/wp\/v2\/posts\/3691"}],"collection":[{"href":"https:\/\/zakarybelamy.com\/img\/wp-json\/wp\/v2\/posts"}],"about":[{"href":"https:\/\/zakarybelamy.com\/img\/wp-json\/wp\/v2\/types\/post"}],"author":[{"embeddable":true,"href":"https:\/\/zakarybelamy.com\/img\/wp-json\/wp\/v2\/users\/1"}],"replies":[{"embeddable":true,"href":"https:\/\/zakarybelamy.com\/img\/wp-json\/wp\/v2\/comments?post=3691"}],"version-history":[{"count":1,"href":"https:\/\/zakarybelamy.com\/img\/wp-json\/wp\/v2\/posts\/3691\/revisions"}],"predecessor-version":[{"id":3692,"href":"https:\/\/zakarybelamy.com\/img\/wp-json\/wp\/v2\/posts\/3691\/revisions\/3692"}],"wp:attachment":[{"href":"https:\/\/zakarybelamy.com\/img\/wp-json\/wp\/v2\/media?parent=3691"}],"wp:term":[{"taxonomy":"category","embeddable":true,"href":"https:\/\/zakarybelamy.com\/img\/wp-json\/wp\/v2\/categories?post=3691"},{"taxonomy":"post_tag","embeddable":true,"href":"https:\/\/zakarybelamy.com\/img\/wp-json\/wp\/v2\/tags?post=3691"}],"curies":[{"name":"wp","href":"https:\/\/api.w.org\/{rel}","templated":true}]}}