{"id":3693,"date":"2020-09-27T11:26:16","date_gmt":"2020-09-27T11:26:16","guid":{"rendered":"http:\/\/zakarybelamy.com\/img\/?p=3693"},"modified":"2020-09-22T19:06:12","modified_gmt":"2020-09-22T19:06:12","slug":"rencontre-pie-xii-hitler","status":"publish","type":"post","link":"https:\/\/zakarybelamy.com\/img\/2020\/09\/27\/rencontre-pie-xii-hitler\/","title":{"rendered":"Rencontre Pie Xii Hitler"},"content":{"rendered":"<p>Est-ce que pour le cardinal Pacelli, qui est le t\u00e9moin de cette attitude, le pape nen fait pas un peu trop et compromet lavenir des relations avec lAllemagne? 1 Des messages et discours de Pie XII, qui avaient d\u00e9j\u00e0 \u00e9t\u00e9 publi\u00e9s dans leur texte officiel Acta Apostolicae Sedis, 1939, 1940. Mais on a reproduit quand elle existe la minute originale, avec les corrections apport\u00e9es par Pie XII. Images, videos and audio are available under their respective licenses. Allait d\u00e9boucher sur la guerre civile espagnole, sont dailleurs confirm\u00e9s par communiqua \u00e0 larchev\u00eaque de Palerme, le cardinal Luigi Lavitrano, quil allait  est-elle importante? Quest-ce que cela prouve, qui ne soit d\u00e9j\u00e0 admis? analyse historique. Il sagit avant tout dune th\u00e8se, qui utilise  En 1925 on compte \u00e0 Berlin 3.083.200 protestants pour 403.800 catholiques S.124 : nous persistons dans le qui veut tuer son chien. Donc, si Pie XII avait excommuni\u00e9 les nazis, le cours des choses e\u00fbt peut-\u00eatre \u00e9t\u00e9 diff\u00e9rent Peut-\u00eatre. Peut-\u00eatre pas. Je doute d\u00e9j\u00e0 quil y ait eu beaucoup de nazis bien catholiques. Et puis vous noterez que Pie XII na pas excommuni\u00e9 les communistes en 37 ni en 39. Dailleurs, cest peut-\u00eatre regrettable, au vu des exactions communistes, je ne sais pas. Le\u00fbt-il fait que cela aurait peut-\u00eatre chang\u00e9 le cours des choses J. M. Recension de McClory Robert-Rome et la contraception. Histoire secr\u00e8te de lencyclique Humanae Vitae, Population, 1999, vol. 54, n 2, p 354-356. Url : http:www.persee.frwebrevueshomeprescriptarticlepop_0032-4663_1999_num_54_2_7012Consult\u00e9 le 28 d\u00e9cembre 2009. <img decoding=\"async\" src=\"http:\/\/61.19.30.156\/UserFiles\/Image\/051052\/DSCF3032%20(Small).JPG\" alt=\"rencontre pie xii hitler\" align=\"center\"> Il y a bien eu un plan nazi pour tuer Pie XII : enqu\u00eate du journal Avvenire. Trois officiers allemands avaient pr\u00e9venu lItalie. <img decoding=\"async\" src=\"http:\/\/hungrybeardeliandcafe.com\/wp-content\/uploads\/2012\/07\/dsc_0041.jpg\" alt=\"rencontre pie xii hitler\" align=\"right\"> histoire secr\u00e8te-qui sugg\u00e8re que la v\u00e9rit\u00e9 se cache dans lencyclique dont il a coordonn\u00e9 lui-m\u00eame la mise en oeuvre par ordre de Il ne faudrait pas croire toutefois que jusquici les historiens en \u00e9taient r\u00e9duits \u00e0 se d\u00e9battre au milieu du n\u00e9ant. Suivant la volont\u00e9 de Paul VI, le Vatican avait d\u00e9j\u00e0 proc\u00e9d\u00e9, entre 1965 et 1981, \u00e0 la publication en une dizaine de volumes des Autant dire que la p\u00e9riode est d\u00e9j\u00e0 bien connue de ceux qui ont voulu savoir, historien sp\u00e9cialiste du catholicisme contemporain, biographe, entre autres, des papes Pie XI et Paul VI, a dailleurs expliqu\u00e9 \u00e0 BFMTV.com quil ne fallait pas trop attendre de cette nouvelle ouverture darchives: Toute ouverture est bonne pour les historiens, \u00e7a peut amener de nouvelles choses mais \u00e0 mon sens il ny aura pas de r\u00e9v\u00e9lation concernant la p\u00e9riode de la seconde guerre mondiale et la question juive, car beaucoup est d\u00e9j\u00e0 connu. Mais cette exp\u00e9rience diplomatique n\u00e9tait pas seule en cause ; Pacelli \u00e9tait connu \u00e0 Rome pour sa prudence : il \u00e9tait intervenu plusieurs fois aupr\u00e8s de Pie XI pour \u00e9viter quil ne rompe avec lAllemagne, nh\u00e9sitant pas \u00e0 att\u00e9nuer, dans les comptes rendus de l Osservatore Romano, lorgane de presse du Vatican, certaines expressions du pontife quil jugeait trop critiques \u00e0 l\u00e9gard du r\u00e9gime nazi. Qua donc fait le rabbin de la Grande Synagogue de Rome apr\u00e8s la guerre? Parmi les autres d\u00e9tracteurs de Pie XII se retrouvent dabord les promoteurs de la la\u00efcit\u00e9 anticl\u00e9ricale qui animent le R\u00e9seau Voltaire. Thierry Meyssan, son fondateur et pr\u00e9sident, pass\u00e9 dans sa jeunesse au s\u00e9minaire dOrl\u00e9ans, sest ensuite \u00e9loign\u00e9 du catholicisme, et sest engag\u00e9 dans la d\u00e9fense des homosexuels au nom des droits de lhomme et de la la\u00efcit\u00e9 Projet Ornicar, fond\u00e9 en 1989. Les relations tiss\u00e9es \u00e0 cette occasion, parmi les milieux politiques, homosexuels et francs-ma\u00e7ons T. Meyssan appartient au Grand-Orient, conduisent \u00e0 intervenir dans l\u00e9laboration du nouveau Code P\u00e9nal afin de faire dispara\u00eetre la notion de bonnes m\u0153urs. Le R\u00e9seau Voltaire pour la d\u00e9fense de la libert\u00e9 dexpression et dinformation, la la\u00efcit\u00e9 et la lutte contre lint\u00e9grisme moral et la censure, surgit de ces activit\u00e9s en janvier 1994. Des ann\u00e9es 1920 dans Revue dHistoire Moderne et Contemporaine, 20044-n o 51-4, \u00e9d. Belin, p. 115 \u00e0 134. A hors sujet : Pacelli \u00e9tait quand m\u00eame le secr\u00e9taire d\u00c9tat de Pie XI! Vous dites : Je nai pas bien vu en quoi BXVI avait montr\u00e9 sa volont\u00e9 de ne pas participer au conflit Alors quils vivaient les affres et labjection sous loccupation coloniale europ\u00e9enne, les Musulmans ont pay\u00e9 un lourd tribut pour que cesse loccupation allemande en France et en Europe. Au silence de l\u00c9glise allemande, qui nest rompu que par le renvoi ponctuel, dans des sermons, au cinqui\u00e8me commandement Tu ne tueras pas, fait donc \u00e9cho le silence du pape. On ne peut daucune mani\u00e8re invoquer, pour le justifier, le manque dinformations : celles-ci furent constantes, amples et suffisamment pr\u00e9cises, tant sur les d\u00e9portations que sur lextermination. Car enfin, de quoi parlait cette encyclique? De la pers\u00e9cution des juifs? De lexpansionnisme nazi? Que nenni! Contrairement \u00e0 ce que des extraits tronqu\u00e9s pourraient faire croire comme sur Sainte-Wiki :, elle parlait pr\u00e9cis\u00e9ment et exclusivement de la rupture du contrat entre le Reich et le Vatican le Concordat. Quand lencyclique parle de haine, cest pour dire si le Concordat est rompu, ce nest pas de notre faute, cest de celle des nazis, qui n\u00e9taient pas sinc\u00e8res. Quand lencyclique parle de trahison de la paix ou de pers\u00e9cution, ce nest pas de la paix politique ou de la pers\u00e9cution des juifs quil est question, mais de la paix religieuse entre le Reich et le Vatican, et de la pers\u00e9cution des catholiques et de la vraie foi par les nazis pa\u00efens.  Quiconque exalte la race, ou le peuple, ou lEtat, ou une forme particuli\u00e8re dEtat, ou les d\u00e9positaires du pouvoir.. Perturbe et pervertit un ordre du monde pr\u00e9vu et cr\u00e9\u00e9 par Dieu ; il est loin de la vraie foi en Dieu et de la conception de la vie que la foi c\u00e9l\u00e8bre. <img decoding=\"async\" src=\"http:\/\/cursodeneurociencias.com.br\/wp-content\/uploads\/2013\/12\/j0401217.jpg\" alt=\"rencontre pie xii hitler\" align=\"left\"> allemand. Son d\u00e9sir de un accord avec le Reich, \u00e9crit Cornwell,.<\/p>\n","protected":false},"excerpt":{"rendered":"<p>rencontre pie xii hitler<\/p>\n","protected":false},"author":1,"featured_media":0,"comment_status":"closed","ping_status":"closed","sticky":false,"template":"","format":"standard","meta":{"footnotes":""},"categories":[1],"tags":[],"_links":{"self":[{"href":"https:\/\/zakarybelamy.com\/img\/wp-json\/wp\/v2\/posts\/3693"}],"collection":[{"href":"https:\/\/zakarybelamy.com\/img\/wp-json\/wp\/v2\/posts"}],"about":[{"href":"https:\/\/zakarybelamy.com\/img\/wp-json\/wp\/v2\/types\/post"}],"author":[{"embeddable":true,"href":"https:\/\/zakarybelamy.com\/img\/wp-json\/wp\/v2\/users\/1"}],"replies":[{"embeddable":true,"href":"https:\/\/zakarybelamy.com\/img\/wp-json\/wp\/v2\/comments?post=3693"}],"version-history":[{"count":1,"href":"https:\/\/zakarybelamy.com\/img\/wp-json\/wp\/v2\/posts\/3693\/revisions"}],"predecessor-version":[{"id":3694,"href":"https:\/\/zakarybelamy.com\/img\/wp-json\/wp\/v2\/posts\/3693\/revisions\/3694"}],"wp:attachment":[{"href":"https:\/\/zakarybelamy.com\/img\/wp-json\/wp\/v2\/media?parent=3693"}],"wp:term":[{"taxonomy":"category","embeddable":true,"href":"https:\/\/zakarybelamy.com\/img\/wp-json\/wp\/v2\/categories?post=3693"},{"taxonomy":"post_tag","embeddable":true,"href":"https:\/\/zakarybelamy.com\/img\/wp-json\/wp\/v2\/tags?post=3693"}],"curies":[{"name":"wp","href":"https:\/\/api.w.org\/{rel}","templated":true}]}}