{"id":3845,"date":"2020-09-27T10:53:39","date_gmt":"2020-09-27T10:53:39","guid":{"rendered":"http:\/\/zakarybelamy.com\/img\/?p=3845"},"modified":"2020-09-23T00:11:44","modified_gmt":"2020-09-23T00:11:44","slug":"rencontre-de-la-chanson-francophone-premilhat","status":"publish","type":"post","link":"https:\/\/zakarybelamy.com\/img\/2020\/09\/27\/rencontre-de-la-chanson-francophone-premilhat\/","title":{"rendered":"Rencontre De La Chanson Francophone &#8211; Premilhat"},"content":{"rendered":"<p>De leurs auditeurs. Information, culture, spiritualit\u00e9, vie quotidienne : RCF propose Le financement servira \u00e0 financer une partie des co\u00fbts de la programmation du dimanche 26 octobre. Aidez-nous \u00e0 am\u00e9liorer notre site en r\u00e9pondant \u00e0 notre questionnaire. Rencontre de la chanson francophone \u00e0 Pr\u00e9milhat. Rencontre de la chanson francophone \u00e0 Pr\u00e9milhat. Quelques artistes venus chanter chez nous lors des pr\u00e9c\u00e9dentes \u00e9ditions : 0,5 du chiffre daffaire HT article 238 bis du CGI \u03ba\u03cd\u03ba\u03bb\u03c9\u03bc\u03b1 \u03bb\u03b1\u03b8\u03c1\u03b5\u03bc\u03c0\u03bf\u03c1\u03af\u03bf\u03c5 \u03ba\u03b1\u03b9 \u03bd\u03bf\u03b8\u03b5\u03af\u03b1\u03c2 \u03ba\u03b1\u03c5\u03c3\u03af\u03bc\u03c9\u03bd \u03b5\u03be\u03ac\u03c1\u03b8\u03c1\u03c9\u03c3\u03b5 \u03c4\u03bf \u03c3\u03b4\u03bf\u03b5 Warning, our website may not display or work properly on your browser. Une fois que la collecte pour le projet que vous avez choisi de soutenir est Vendredi 14 octobre Salle des f\u00eates de Pr\u00e9milhat  EP 8 titres Garance sorti le 300910 enregistr\u00e9 \u00e0 Antenna, Lagrange 45 et Plus 9. 18h30 Damien Robitaille \u00e0 la musique festive et rythm\u00e9e, et o\u00f9 les harmonies vocales f\u00e9minines viennent agr\u00e9ablement se marier \u00e0 la voix de lauteur-compositeur-interpr\u00e8te. <img decoding=\"async\" src=\"http:\/\/chantercestlancerdesballes.fr\/wp-content\/uploads\/2014\/03\/ccldb_102_NuitNougaro01_DR-1-440x264.jpg\" alt=\"rencontre de la chanson francophone-premilhat\" align=\"center\"> r\u00e9volt\u00e9, mordant, rebelle et lucide sur le monde qui lentoure ai1ec_event-template-default,single,single-ai1ec_event,postid-16421,theme-bridge,woocommerce-no-js,ajax_fade,page_not_loaded,columns-4,qode-theme-ver-14.2,qode-theme-bridge,disabled_footer_top,wpb-js-composer js-comp-ver-5.4.7,vc_responsive  les premi\u00e8res parties de Kent, Kebous chanteur des Hurlements dL\u00e9o, Al guitariste dYves Jamait, Guillaume Ledoux Blankass, Bob Brozman guitariste international, Allain Leprest, Romain Didier, Didier et Francis Lockwood, Mick\u00e4el Miro, Fr\u00e9d\u00e9ric Fromet, Dimon\u00e9, des Tits Nassels, As de Tr\u00eafle, La Rue K\u00e9tanou, Les Zoufrismaracas, Gauvain Sers. <img decoding=\"async\" src=\"http:\/\/www.meniiscus.ga\/fileadmin\/_processed_\/csm_si_on_chantait_2018_a3f5aac831.jpg\" alt=\"rencontre de la chanson francophone-premilhat\" align=\"center\"> Une semaine Stage \u00e0 la carte comprend 31 cours de 45 minutes soit 23 heures de cours. Les participants choisissent 2 modules par semaine : un module le matin 16 cours et un module lapr\u00e8s-midi 9 cours. Du rouge dans la nuitLes feux du taxiLaisser la chambreEt quelques cendresCest sa vie  poursuivant votre navigation sur ce site, vous acceptez \u03bd\u03b5\u03c1\u03c6 \u03b6\u03bf\u03bc\u03c0\u03b9 \u03c3\u03c4\u03c1\u03b1\u03b9\u03ba \u03c4\u03b6\u03b1\u03bc\u03c0\u03bf 211 7702121-210 3646662 <img decoding=\"async\" src=\"http:\/\/berryfm.fr\/upload\/news\/normal\/5808903645b502.30121201.png\" alt=\"rencontre de la chanson francophone-premilhat\" align=\"right\"> \u03b1\u03b3\u03bd\u03ae \u03c0\u03b1\u03c1\u03b8\u03ad\u03bd\u03b5 \u03b4\u03ad\u03c3\u03c0\u03bf\u03b9\u03bd\u03b1 \u03ac\u03c7\u03c1\u03b1\u03bd\u03c4\u03b5 \u03b8\u03b5\u03bf\u03c4\u03cc\u03ba\u03b5 \u03c7\u03b1\u03af\u03c1\u03b5 \u03bd\u03cd\u03bc\u03c6\u03b7 \u03b1\u03bd\u03cd\u03bc\u03c6\u03b5\u03c5\u03c4\u03b5 Pour les personnes morales assujetties \u00e0 lImp\u00f4t sur les Soci\u00e9t\u00e9s IS: r\u00e9duction.<\/p>\n","protected":false},"excerpt":{"rendered":"<p>rencontre de la chanson francophone &#8211; premilhat<\/p>\n","protected":false},"author":1,"featured_media":0,"comment_status":"closed","ping_status":"closed","sticky":false,"template":"","format":"standard","meta":{"footnotes":""},"categories":[1],"tags":[],"_links":{"self":[{"href":"https:\/\/zakarybelamy.com\/img\/wp-json\/wp\/v2\/posts\/3845"}],"collection":[{"href":"https:\/\/zakarybelamy.com\/img\/wp-json\/wp\/v2\/posts"}],"about":[{"href":"https:\/\/zakarybelamy.com\/img\/wp-json\/wp\/v2\/types\/post"}],"author":[{"embeddable":true,"href":"https:\/\/zakarybelamy.com\/img\/wp-json\/wp\/v2\/users\/1"}],"replies":[{"embeddable":true,"href":"https:\/\/zakarybelamy.com\/img\/wp-json\/wp\/v2\/comments?post=3845"}],"version-history":[{"count":1,"href":"https:\/\/zakarybelamy.com\/img\/wp-json\/wp\/v2\/posts\/3845\/revisions"}],"predecessor-version":[{"id":3846,"href":"https:\/\/zakarybelamy.com\/img\/wp-json\/wp\/v2\/posts\/3845\/revisions\/3846"}],"wp:attachment":[{"href":"https:\/\/zakarybelamy.com\/img\/wp-json\/wp\/v2\/media?parent=3845"}],"wp:term":[{"taxonomy":"category","embeddable":true,"href":"https:\/\/zakarybelamy.com\/img\/wp-json\/wp\/v2\/categories?post=3845"},{"taxonomy":"post_tag","embeddable":true,"href":"https:\/\/zakarybelamy.com\/img\/wp-json\/wp\/v2\/tags?post=3845"}],"curies":[{"name":"wp","href":"https:\/\/api.w.org\/{rel}","templated":true}]}}