{"id":3957,"date":"2020-09-27T05:45:15","date_gmt":"2020-09-27T05:45:15","guid":{"rendered":"http:\/\/zakarybelamy.com\/img\/?p=3957"},"modified":"2020-09-23T04:20:05","modified_gmt":"2020-09-23T04:20:05","slug":"rencontre-2cv","status":"publish","type":"post","link":"https:\/\/zakarybelamy.com\/img\/2020\/09\/27\/rencontre-2cv\/","title":{"rendered":"Rencontre 2cv"},"content":{"rendered":"<p>Pour permettre aux 37 000 coll\u00e9giens de la Loire dapprendre dans un cadre agr\u00e9able, le D\u00e9partement entretient et r\u00e9nove les \u00e9tablissements publics. En parall\u00e8le, il d\u00e9ploie de nombreuses actions \u00e9ducatives, culturelles, sportives et citoyennes en faveur de la jeunesse-22 juin 2014 : franchissement de 6 cols entre 1060 et 1366 m\u00e8tres par Club des Amis de la 2 CV-Antenne Auvergne \u00e0 Courpiere F-63 Le prix vise \u00e0 r\u00e9compenser une voiture pour son design ext\u00e9rieur et int\u00e9rieur, il est attribu\u00e9 lors du salon automobile de New York New York International Auto Show par World Car Award. Cinq sp\u00e9cialistes du design automobile un japonais, une italienne, un allemand, un anglais, un am\u00e9ricain USA proposent une liste de voitures chaque ann\u00e9e \u00e0 environ 75 jur\u00e9s mondiaux journalistes principalement. Labonnement \u00e0 La Deuche Solognotte le bulletin du club. <img decoding=\"async\" src=\"http:\/\/musee2cv.free.fr\/zenglish\/actu\/images\/article_musee_collection_2cv_fram2.jpg\" alt=\"rencontre 2cv\" align=\"center\"> Cest \u00e0 Rocamadour que laventure commence. Tomb\u00e9 sous le charme du Lot, Benoit y vit d\u00e9sormais et il fait partager sa passion des 2CV en proposant des circuits en libert\u00e9 pour d\u00e9couvrir les alentours Le Causse, La Vall\u00e9e de la Dordogne, le Limargue au volant de la vieille dame. Pour une demi-journ\u00e9e ou une journ\u00e9e enti\u00e8re, un road book d\u00e9taill\u00e9 est remis au d\u00e9part. Les consignes sont claires et pr\u00e9cises et tr\u00e8s vite lenvie de partir \u00e0 laventure se fait grandissante. Tout est pr\u00e9vu, m\u00eame le panier pique-nique et le polaroid pour immortaliser lexp\u00e9rience.  <img decoding=\"async\" src=\"http:\/\/www.2cvclubgarlaban.fr\/modules\/mg3\/albums\/19eme_rencontre_1524992401\/19e_rencontre_2cv_verso_flyer_bd_1524995143.jpg\" alt=\"rencontre 2cv\" align=\"center\"> Les r\u00e9seaux sociaux sont devenus un moyen de sensibilisation au sujet des dangers de la route pour Ericeira est une localit\u00e9 touristique au bord de lAtlantique, situ\u00e9e \u00e0 35 km au nord-ouest de Lisbonne et \u00e0 8 km de Mafra. Tous les ans des manifestations sont organis\u00e9es. Ces rassemblements festifs et pris\u00e9s des deuchistes sont d\u00e9crits dans ces articles. Un rassemblement 2cv est une exp\u00e9rience hors du commun. Le temps dun week end, on vit, on rit, on discute, on \u00e9change nos diff\u00e9rents point de vue sur cette voiture intemporelle. On profite \u00e9galement de ce moment pour admirer les magnifiques sp\u00e9cimens qui d\u00e9filent tout au long de la journ\u00e9e. Il y en a pour tous les go\u00fbts : de la voiture excentrique, \u00e0 la 2cv restaurer dans les moindres d\u00e9tails. Les Journ\u00e9es europ\u00e9ennes du Patrimoine sont, chaque ann\u00e9e, une Vous voulez en savoir plus? Vous pouvez nous contacter par ce formulaire. <img decoding=\"async\" src=\"http:\/\/www.bravotv.com\/sites\/nbcubravotv\/files\/field_tv_cover_media\/2017\/01\/things-not-to-ask-a-londoner.jpg\" alt=\"rencontre 2cv\" align=\"center\"> 2012 \u00e0 Chateaubriant 44 organis\u00e9e par Castel Deuches 2540 v\u00e9hicules Nous faisons r\u00e9guli\u00e8rement des sorties, allez voir nos, vous allez d\u00e9couvrir les joies des sorties deuchistes. GRAND RASSEMBLEMENT ANNUEL 2019 DE CITRO\u00cbN 2CV ET D\u00c9RIV\u00c9S AU LAC DE LA MIRANDE \u00c0 ALLEVARD M\u00e9lange \u00e9tonnant et d\u00e9tonnant dintelligence, la 2CV objet culte aux multiples surnoms, amusante dans toutes ses diff\u00e9rences, refl\u00e8te un v\u00e9ritable art de vivre jusquici sans \u00e9quivalent.. Une chanson marrante sur la 2 CV, cette voiture mythique qui n\u00e9tait pas un v\u00e9hicule tr\u00e8s rapide, mais avec lequel on prenait le temps de vivre. A chaque p\u00e9riple, des haltes gourmandes chez les vignerons pour d\u00e9couvrir tant les hommes que les vins. Et pour qui voudrait poursuivre la balade sur les chemins de traverse, on peut louer la 2 CV toute la journ\u00e9e pour soffrir une jolie petite vir\u00e9e lapr\u00e8s-midi avant de la ramener au bercail. Outre les circuits de la route des vins, des 2 CV sont \u00e9galement \u00e0 louer au Somail, \u00e0 Narbonne et \u00e0 La Palme. Roulez jeunesse!   Beau panorama qui domine la ville de baume-les-Dames. Pas un jour, ou presque, sans que la Gendarmerie nationale ne publie une information insolite sur Facebook. Pour le recevoir cest facile, utilise le formulaire de cette page pour me dire \u00e0 quel email je peux te lenvoyer.<\/p>\n","protected":false},"excerpt":{"rendered":"<p>rencontre 2cv<\/p>\n","protected":false},"author":1,"featured_media":0,"comment_status":"closed","ping_status":"closed","sticky":false,"template":"","format":"standard","meta":{"footnotes":""},"categories":[1],"tags":[],"_links":{"self":[{"href":"https:\/\/zakarybelamy.com\/img\/wp-json\/wp\/v2\/posts\/3957"}],"collection":[{"href":"https:\/\/zakarybelamy.com\/img\/wp-json\/wp\/v2\/posts"}],"about":[{"href":"https:\/\/zakarybelamy.com\/img\/wp-json\/wp\/v2\/types\/post"}],"author":[{"embeddable":true,"href":"https:\/\/zakarybelamy.com\/img\/wp-json\/wp\/v2\/users\/1"}],"replies":[{"embeddable":true,"href":"https:\/\/zakarybelamy.com\/img\/wp-json\/wp\/v2\/comments?post=3957"}],"version-history":[{"count":1,"href":"https:\/\/zakarybelamy.com\/img\/wp-json\/wp\/v2\/posts\/3957\/revisions"}],"predecessor-version":[{"id":3958,"href":"https:\/\/zakarybelamy.com\/img\/wp-json\/wp\/v2\/posts\/3957\/revisions\/3958"}],"wp:attachment":[{"href":"https:\/\/zakarybelamy.com\/img\/wp-json\/wp\/v2\/media?parent=3957"}],"wp:term":[{"taxonomy":"category","embeddable":true,"href":"https:\/\/zakarybelamy.com\/img\/wp-json\/wp\/v2\/categories?post=3957"},{"taxonomy":"post_tag","embeddable":true,"href":"https:\/\/zakarybelamy.com\/img\/wp-json\/wp\/v2\/tags?post=3957"}],"curies":[{"name":"wp","href":"https:\/\/api.w.org\/{rel}","templated":true}]}}