{"id":4017,"date":"2020-09-28T01:29:31","date_gmt":"2020-09-28T01:29:31","guid":{"rendered":"http:\/\/zakarybelamy.com\/img\/?p=4017"},"modified":"2020-09-23T06:32:29","modified_gmt":"2020-09-23T06:32:29","slug":"rencontre-de-petrarque-2011","status":"publish","type":"post","link":"https:\/\/zakarybelamy.com\/img\/2020\/09\/28\/rencontre-de-petrarque-2011\/","title":{"rendered":"Rencontre De P\u00e9trarque 2011"},"content":{"rendered":"<p>\u0391\u03c0\u03bf\u03c4\u03b5\u03bb\u03b5\u03c3\u03bc\u03b1\u03c4\u03b1 \u03c0\u03b9\u03c3\u03c4\u03bf\u03c0\u03bf\u03b9\u03b7\u03c3\u03b7\u03c2 \u03b5\u03ba\u03c0\u03b1\u03b9\u03b4\u03b5\u03c5\u03c4\u03c9\u03bd \u03b5\u03bd\u03b7\u03bb\u03b9\u03ba\u03c9\u03bd 2015 Help cache sous les couvertures avec une lampe de poche pour lassouvir. Lamour, \u03b5\u03c0\u03b5\u03c4\u03b5\u03b9\u03bf\u03c2 \u03b3\u03b1\u03bc\u03bf\u03c5 \u03b5\u03b9\u03ba\u03bf\u03bd\u03b5\u03c2 \u03ba\u03b5\u03c6\u03b1\u03bb\u03bf\u03b3\u03b9\u03b1\u03bd\u03bd\u03b7\u03c2 \u03b9\u03c9\u03b1\u03bd\u03bd\u03b7\u03c2 \u03b2\u03bf\u03c5\u03bb\u03b5\u03c5\u03c4\u03b7\u03c2 \u03c3\u03b1\u03bc\u03bf\u03b8\u03c1\u03b1\u03ba\u03b7 \u03c0\u03b1\u03c1\u03b1\u03bb\u03b9\u03b5\u03c2 \u03c6\u03c9\u03c4\u03bf\u03b3\u03c1\u03b1\u03c6\u03b9\u03b5\u03c2 25,00 souples. Il y a autant d\u00e9chos entre Martini et P\u00e9trarque quentre Rodolphe Dans sa fameuse Deffence et illustration de la langue Fran\u00e7aise, Du Bellay privil\u00e9gie des \u00e9nonc\u00e9s \u00e0 la troisi\u00e8me personne, il sexprime rarement \u00e0 la premi\u00e8re personne et ne parle jamais de lui-m\u00eame en tant quindividu. Dans la pr\u00e9face \u00e0 LOlive, la situation est tr\u00e8s diff\u00e9rente : Joachim du Bellay pose d\u00e8s le d\u00e9but la question de lautorit\u00e9 individuelle. Avec la premi\u00e8re phrase d\u00e9j\u00e0, Du Bellay met en sc\u00e8ne sa propre personnalit\u00e9 comme individu dou\u00e9 dun propre naturel et dot\u00e9 dun profil biographique, qui comprend lenfance aussi bien que ladolescence et lindividualit\u00e9 contemporaine du courtisan et du po\u00e8te adulte. Ainsi, la fonction de lauteur po\u00e9tique est contourn\u00e9e par une forte pr\u00e9sence individuelle et limportance de la naturelle invention de lauteur: Je ne me suis beaucoup travaill\u00e9 en mes ecriz de ressembler aultre que moymesmes 236. Il est significatif, que dans la br\u00e8ve pr\u00e9face, on compte quatre-vingt-quatorze occurrences du pronom personnel je, et des adjectifs possessifs tels que mon, ma et mes se trouvent trente fois, signalant ainsi un auteur fort, disposant dune mani\u00e8re incontestable de son mat\u00e9riau po\u00e9tique. Toutefois, le renouveau envisag\u00e9 de la po\u00e9sie fran\u00e7aise ne saccomplit pas seulement moyennant un auteur fortement pr\u00e9sent dans le discours introductif, mais aussi bien par le recours imitatif \u00e0 lAntiquit\u00e9 et \u00e0 lItalie de la Renaissance : Voulant donques enrichir nostre vulgaire dune nouvelle, ou plutost ancienne renouvel\u00e9e po\u00ebsie, je madonnay \u00e0 limmitation des anciens Latins et des po\u00ebtes Italiens, dont jai entendu ce que men a peu apprendre la communication familiere de mes amis. Dans cette formulation, on voit bien l\u00e9troite orientation de Joachim du Bellay vers son mod\u00e8le P\u00e9trarque, surtout quand, apr\u00e8s avoir \u00e9tabli son profil individuel, il ne souligne pas seulement son recours \u00e0 lAntiquit\u00e9, mais aussi son int\u00e9gration dans une communaut\u00e9 humaniste, une communaut\u00e9 \u00e9voqu\u00e9e surtout par la formule de la communication familiere de mes amis. Ce motif dune communaut\u00e9 damis humanistes ainsi que le lex\u00e8me p\u00e9trarquisant familier se trouve repris au cours de la pr\u00e9face ; parla suite, on note un autre renvoi aux plus familiers amis : Jacques Peletier et Pierre de Ronsard sont ainsi nomm\u00e9s express\u00e9ment. Dans ce contexte, nous lisons, quasi en abr\u00e9g\u00e9 du personnage-auteur et du type damiti\u00e9 \u00e9voqu\u00e9s : je me suis volontiers appliqu\u00e9 \u00e0 nostre po\u00ebsie : excit\u00e9 et de mon propre naturel, et par lexemple de plusieurs gentiz espritz fran\u00e7ois, mesmes de ma profession, qui ne dedaignent point manier et l\u00e9p\u00e9e et la plume. Ainsi, dans un espace tr\u00e8s r\u00e9duit, la constitution de lautorit\u00e9 de Du Bellay en tant que po\u00e8te oscille entre singularisation et sodalisation, et dans ce contexte, Du Bellay \u00e9largit et sp\u00e9cifie dune mani\u00e8re significative laspect social de la sodalisation, qui, par les termes compl\u00e9mentaires d\u00e9p\u00e9e et de plume vise \u00e0 une communaut\u00e9 \u00e9rudite et contemplative de m\u00eame quactive et courtoise.  Dans la Collatio Laureationis, P\u00e9trarque ne con\u00e7oit pas seulement son couronnement en tant que miracle Coll laur. 6.1, mais il sintronise aussi bien comme une autorit\u00e9 incontournable pour la post\u00e9rit\u00e9 me in tam laborioso et michi quidem periculoso calle ducem prebere non expavi, multos posthac, ut arbitror, secuturos, C oll. Laur, 8.1. <img decoding=\"async\" src=\"http:\/\/www.more.wfcrimewatch.com\/upload\/news\/first\/598846763d0656.07931356.jpg\" alt=\"rencontre de p\u00e9trarque 2011\" align=\"left\"> <img decoding=\"async\" src=\"http:\/\/www.huizenvangoedesmaak.be\/files\/large\/4.jpg\" alt=\"rencontre de p\u00e9trarque 2011\" align=\"right\"> conc\u00e8de que cette convergence entre une performance sur la rencontre entre Laure  Dans ce contexte, Joachim Du Bellay met en relief la physionomie du soi auctorial aussi bien que celle de la communaut\u00e9 sodale par une distanciation agressive de la rh\u00e9torique. Sopposant \u00e0 la canonisation effectu\u00e9e par Thomas S\u00e9billet dans son A rt po\u00e9tique, Du Bellay qualifie les rethoriqueurs fran\u00e7oys d ineptes rimasseurs, et il se d\u00e9finit lui-m\u00eame comme un excellent r\u00e9novateur des lettres, distingu\u00e9 aussi bien par lesprit que la Nature ma donn\u00e9 que par son \u00e9rudition ainsi que par sa gentilesse, dou\u00e9 en plus dune vitalit\u00e9 intimidant tout adversaire: Le cercle litt\u00e9raire est destin\u00e9 \u00e0 celles et \u00e0 ceux qui c\u00e8dent sans mod\u00e9ration \u00e0 ce vice impuni quest la litt\u00e9rature selon la belle formule de Valery Larbaud. <img decoding=\"async\" src=\"http:\/\/www.satyer.ga\/Files\/97116\/Img\/21\/talia-benson-tunique-tendance-boho-shabby-vichy-noir-coklico-big.jpg\" alt=\"rencontre de p\u00e9trarque 2011\" align=\"center\"> Si lon r\u00e9sume ces observations, on voit bien que lemploi compl\u00e9mentaire que Du Bellay fait des dispositifs de singularisation et de sodalisation, renvoie dune mani\u00e8re \u00e9vidente au mod\u00e8le de P\u00e9trarque. Du Bellay, dans ce contexte, ne se limite pas \u00e0 limitation et \u00e0 laffirmation du mod\u00e8le de r\u00e9f\u00e9rence, mais il lamplifie dune mani\u00e8re aiguis\u00e9e. En ce qui concerne la critique bellayenne, on pourrait en d\u00e9duire quil faudrait peut-\u00eatre corriger limage de Du Bellay comme po\u00e8te anti-p\u00e9trarquiste : bien que Du Bellay, dans les po\u00e9sies de LOlive, s\u00e9carte, parfois dune mani\u00e8re prononc\u00e9e, du p\u00e9trarquisme italien, il faut constater que la conception bellayenne de lauteur po\u00e9tique en tant quindividu social et que les dispositifs de constitution de lautorit\u00e9 de cet auteur suivent le mod\u00e8le p\u00e9trarquiste. Dans ce contexte, la pr\u00e9face entrelace les dispositifs de singularisation et de sodalisation dans un seul type de discours, cest-\u00e0-dire l\u00e9p\u00eetre-pr\u00e9face, et elle \u00e9largit nettement la communaut\u00e9 donnant appui \u00e0 lautorit\u00e9 du po\u00e8te. En dautres termes, Du Bellay affirme le mod\u00e8le de P\u00e9trarque, il lintensifie et lamplifie en m\u00eame temps. Au-del\u00e0 dune philologie historique portant sur Du Bellay, jai essay\u00e9 de montrer en recourant \u00e0 lexemple le statut crucial, voire incontournable du probl\u00e8me de lautorit\u00e9 po\u00e9tique pour lanalyse historique de la litt\u00e9rature de la modernit\u00e9 ant\u00e9rieure, et, en m\u00eame temps, jai essay\u00e9 de mettre en relief la fonction pr\u00e9\u00e9minente de la figuration textuelle de lauteur pour la constitution de lautorit\u00e9 dune norme po\u00e9tique. Diffusion sur France Culture, chaque samedi, jusquau 27 ao\u00fbt, de 19 heures \u00e0 20 h 30.  n\u00e9anmoins r\u00e9el avec le patrimoine faut-il dire du Il a re\u00e7u le prix des lyc\u00e9ens du livre \u00e9conomique pour un livre r\u00e9dig\u00e9 avec Antoine Dumini, Comment ils nous ont vol\u00e9 le football Fakir, 2014. Son dernier ouvrage : Ce pays que tu ne connais pas, aux \u00e9ditions Les Ar\u00e8nes. Il a \u00e9galement r\u00e9alis\u00e9 les films Merci patron! et Jveux du soleil. Linscrit dans un maintenant, vou\u00e9 \u00e0 la dissipation. 220711 20h02Ma r\u00e9flexion sur les collectivit\u00e9s et des peuples me conduit \u00e0 proposer le concept dindice de m\u00e9diocrit\u00e9 des individus monadis\u00e9s puisquil y a de moins en moins de communication autre que binaire entre les cellules sociales. Lindice de m\u00e9diocrit\u00e9 dune nation d\u00e9finit le type de m\u00e9diocratie quelle g\u00e9n\u00e8re. Selon la moyenne et son \u00e9cart-type, cest un Concorde, un A-380, une aile volante, un coucou Quel est lindice de m\u00e9diocrit\u00e9 de la France et des Fran\u00e7ais 2011? La mention TB ex-passable! R\u00e9pondre 8 f\u00e9vrier 2018, 12 h 55-13 h 30: F sur \u00c9thique de la consid\u00e9ration. \u00c0 lheure du conformisme de masse, la singularit\u00e9 serait-elle engloutie? Ou sagit-il au contraire de la red\u00e9couvrir? Ce livre traverse les mers et continents des intuitions et cr\u00e9ations humaines pour gagner larchipel de la personne o\u00f9.. En 1341, il est couronn\u00e9 po\u00e8te des po\u00e8tes au Capitole, \u00e0 Rome-Il est \u00e0 noter.<\/p>\n","protected":false},"excerpt":{"rendered":"<p>rencontre de p\u00e9trarque 2011<\/p>\n","protected":false},"author":1,"featured_media":0,"comment_status":"closed","ping_status":"closed","sticky":false,"template":"","format":"standard","meta":{"footnotes":""},"categories":[1],"tags":[],"_links":{"self":[{"href":"https:\/\/zakarybelamy.com\/img\/wp-json\/wp\/v2\/posts\/4017"}],"collection":[{"href":"https:\/\/zakarybelamy.com\/img\/wp-json\/wp\/v2\/posts"}],"about":[{"href":"https:\/\/zakarybelamy.com\/img\/wp-json\/wp\/v2\/types\/post"}],"author":[{"embeddable":true,"href":"https:\/\/zakarybelamy.com\/img\/wp-json\/wp\/v2\/users\/1"}],"replies":[{"embeddable":true,"href":"https:\/\/zakarybelamy.com\/img\/wp-json\/wp\/v2\/comments?post=4017"}],"version-history":[{"count":1,"href":"https:\/\/zakarybelamy.com\/img\/wp-json\/wp\/v2\/posts\/4017\/revisions"}],"predecessor-version":[{"id":4018,"href":"https:\/\/zakarybelamy.com\/img\/wp-json\/wp\/v2\/posts\/4017\/revisions\/4018"}],"wp:attachment":[{"href":"https:\/\/zakarybelamy.com\/img\/wp-json\/wp\/v2\/media?parent=4017"}],"wp:term":[{"taxonomy":"category","embeddable":true,"href":"https:\/\/zakarybelamy.com\/img\/wp-json\/wp\/v2\/categories?post=4017"},{"taxonomy":"post_tag","embeddable":true,"href":"https:\/\/zakarybelamy.com\/img\/wp-json\/wp\/v2\/tags?post=4017"}],"curies":[{"name":"wp","href":"https:\/\/api.w.org\/{rel}","templated":true}]}}