{"id":4081,"date":"2020-09-28T16:43:05","date_gmt":"2020-09-28T16:43:05","guid":{"rendered":"http:\/\/zakarybelamy.com\/img\/?p=4081"},"modified":"2020-09-23T08:31:25","modified_gmt":"2020-09-23T08:31:25","slug":"les-rencontres-de-la-photographie-arles-2011","status":"publish","type":"post","link":"https:\/\/zakarybelamy.com\/img\/2020\/09\/28\/les-rencontres-de-la-photographie-arles-2011\/","title":{"rendered":"Les Rencontres De La Photographie Arles 2011"},"content":{"rendered":"<p>Coup de projecteur sur une partie du monde, comme une correspondance photographique. Les Rencontres de la photographie dArles, plus de 60 expositions jusquau 18 septembre, programme consultable sur www.rencontres-arles.com. Catalogue, Ed. Actes Sud, 576 pp, 46 euros. LEMAGNY, Jean-Claude 1992, Lombre et le temps, Paris, Armand Colin. Pixy Liao, Open Kimono, from the Experimental Relationship series, 2018. Courtesy of the artist. <img decoding=\"async\" src=\"http:\/\/know.underbearshop.com\/1337-home_default\/poignee-de-porte-laiton-cle-l-vachette.jpg\" alt=\"les rencontres de la photographie arles 2011\" align=\"center\"> Cette section est vide, insuffisamment d\u00e9taill\u00e9e ou incompl\u00e8te. Est la bienvenue! Publi\u00e9 le 12032019 \u00e0 18:50 Mis \u00e0 jour le 12032019 \u00e0 21:20 Voici les vide-greniers et brocantes qui se tiennent \u00e0 Dijon pendant le mois de juin 2020.. Intensit\u00e9 des f\u00e9rias, majest\u00e9 des vestiges antiques travers\u00e9s par le Rh\u00f4ne : \u00e9vadez-vous le temps dun s\u00e9jour dans la cit\u00e9 qui a tant inspir\u00e9 Van Gogh. Projection of the fifteen nominated artists, presented by the nominators. Une \u00e9dition exceptionnelle pour cette 50\u00e8me ann\u00e9e des Rencontres Internationales de la Photographie qui se d\u00e9rouleront \u00e0 Arles du 1 juillet au 22 septembre 2019. JUILLET AO\u00dbT : En ligne : 35 Tarif r\u00e9duit : 27 Sur place : 42 Cette ann\u00e9e 2020, le lundi de Pentec\u00f4te tombe le 1er juin, offrant aux fran\u00e7ais un week-end de 3.. Rencontres de la photographie dArles, 2019. Marian Teeuwen, Destroyed House Mondriaanstraat 1, 2011. Du 5 juillet au 29 ao\u00fbt, de 10h \u00e0 12h30 et de 15h \u00e0 19h Expositions et projets hors les murs Jimei x Arles International Photo Festival    Dans la sph\u00e8re des mus\u00e9es, limportance de larchitecture fonctionnant comme cadre dinterpr\u00e9tation et, lorsquelle est monumentale, comme signal dune fronti\u00e8re entre deux mondes de valeurs, a \u00e9t\u00e9 soulign\u00e9e par le mus\u00e9ologue Marc Maure 1988. Pour une \u00e9tude de la morphologie architecturale \u00e9clectique des mus\u00e9es des beaux-arts, de leurs fonctions et des tensions entre exp\u00f4ts et architectures de ma\u00eetre, voir Von Moos 1996, qui refuse n\u00e9anmoins lalternative entre architecture ancillaire ou objet de valeur. 45Lincertitude est \u00e9vidente non seulement en ce qui concerne le mode dappr\u00e9hension \u00e0 adopter face aux \u0153uvres, mais aussi en ce qui concerne la mani\u00e8re quaurait le chercheur daborder et de traiter de la r\u00e9ception. De m\u00eame quil doit assumer leffet grossissant que la description et lanalyse ont n\u00e9cessairement sur les objets d\u00e9crits, il doit faire avec cette incertitude. La solution que nous avons retenue, en accord avec une s\u00e9miotique ph\u00e9nom\u00e9nologique qui postule linterd\u00e9finition relative des instances, est de partir dune description pr\u00e9cise des dispositifs et des formes pour tenter de leur corr\u00e9ler des types dappr\u00e9hension. La d\u00e9marche nest certes pas nouvelle, cest celle que nous trouvons par exemple chez Heinrich W\u00f6lfflin 19161992 d\u00e9crivant les esth\u00e9tiques baroque et classique. Mais il va de soi quanalyser ainsi des dispositifs de m\u00e9diation, ce nest pas avoir des certitudes sur les r\u00e9ceptions, cest \u00e9voquer des conditions qui rendent celles-l\u00e0 seulement possibles ou envisageables. Les \u00e9bauches de lecture des exp\u00f4ts que nous avons propos\u00e9es ne font en fait quillustrer les potentialit\u00e9s ouvertes par des m\u00e9diations technique et symbolique divergentes ou par des saisies diff\u00e9rentes. Le fonctionnement, les \u00e9lus et les actions de la R\u00e9gion Promenade Argentine : L\u00e9on Ferrari, Marcos Adandia, Leandro Berra, Marcos Lopez, Sebastiano Mauri, Gabriel Valansi, Promenade rock : Mick Jagger, Jean Pigozzi, Claude Gassian, I am a clich\u00e9, \u00c9chos de lesth\u00e9tique punk, Andy Warhol, Billy Name, Stephen Shore, Robert Mapplethorpe 5, Dan Graham, Peter Hujar, David Wojnarowicz, Bruce Conner, Destroy All Monsters, Sue Rynski, David Lamelas, Dennis Morris, Jamie Reid, Album Covers, Linder, Alain Dister, Robert Malaval, Belle journ\u00e9e en perspective, Katharina Sieverding, Rhona Bitner, C\u00e9leste Boursier-Mougenot, Christian Marclay, Meredith Sparks, Wolfgang Tillmans, Copyright 2018 Club Innovation Culture CLIC France Sinapses Conseils Christophe Asso, directeur, festival Photo Marseille. <img decoding=\"async\" src=\"http:\/\/79hbm1979mg58bnh1fp50y1bry.wpengine.netdna-cdn.com\/wp-content\/uploads\/2018\/07\/PRIX-DU-LIVRE2041-1024x682.jpg\" alt=\"les rencontres de la photographie arles 2011\" align=\"center\"> Qui durant le confinement na pas souhait\u00e9 pouvoir s\u00e9vader dans la nature? Respirer \u00e0 Les rencontres dArles photographie 2011. Non conforme uncertified, 42e \u00e9dition <img decoding=\"async\" src=\"http:\/\/www.venetifan.cf\/files\/image_file_629.jpg\" alt=\"les rencontres de la photographie arles 2011\" align=\"left\"> Prix du livre : Temporary Discomfort, Jules Spinatsch, Lars Mueller publisher Les engagements culturels dEmmanuel Macron font du surplace.<\/p>\n","protected":false},"excerpt":{"rendered":"<p>les rencontres de la photographie arles 2011<\/p>\n","protected":false},"author":1,"featured_media":0,"comment_status":"closed","ping_status":"closed","sticky":false,"template":"","format":"standard","meta":{"footnotes":""},"categories":[1],"tags":[],"_links":{"self":[{"href":"https:\/\/zakarybelamy.com\/img\/wp-json\/wp\/v2\/posts\/4081"}],"collection":[{"href":"https:\/\/zakarybelamy.com\/img\/wp-json\/wp\/v2\/posts"}],"about":[{"href":"https:\/\/zakarybelamy.com\/img\/wp-json\/wp\/v2\/types\/post"}],"author":[{"embeddable":true,"href":"https:\/\/zakarybelamy.com\/img\/wp-json\/wp\/v2\/users\/1"}],"replies":[{"embeddable":true,"href":"https:\/\/zakarybelamy.com\/img\/wp-json\/wp\/v2\/comments?post=4081"}],"version-history":[{"count":1,"href":"https:\/\/zakarybelamy.com\/img\/wp-json\/wp\/v2\/posts\/4081\/revisions"}],"predecessor-version":[{"id":4082,"href":"https:\/\/zakarybelamy.com\/img\/wp-json\/wp\/v2\/posts\/4081\/revisions\/4082"}],"wp:attachment":[{"href":"https:\/\/zakarybelamy.com\/img\/wp-json\/wp\/v2\/media?parent=4081"}],"wp:term":[{"taxonomy":"category","embeddable":true,"href":"https:\/\/zakarybelamy.com\/img\/wp-json\/wp\/v2\/categories?post=4081"},{"taxonomy":"post_tag","embeddable":true,"href":"https:\/\/zakarybelamy.com\/img\/wp-json\/wp\/v2\/tags?post=4081"}],"curies":[{"name":"wp","href":"https:\/\/api.w.org\/{rel}","templated":true}]}}