{"id":4441,"date":"2020-09-29T04:59:55","date_gmt":"2020-09-29T04:59:55","guid":{"rendered":"http:\/\/zakarybelamy.com\/img\/?p=4441"},"modified":"2020-09-23T21:12:08","modified_gmt":"2020-09-23T21:12:08","slug":"rencontres-nationales-energie-et-territoires-ruraux","status":"publish","type":"post","link":"https:\/\/zakarybelamy.com\/img\/2020\/09\/29\/rencontres-nationales-energie-et-territoires-ruraux\/","title":{"rendered":"Rencontres Nationales Energie Et Territoires Ruraux"},"content":{"rendered":"<p>Atelier 1 : La r\u00e9novation basse \u00e9nergie de lhabitat priv\u00e9, un march\u00e9 pour les artisans et les petites entreprises du territoire 9 septembre 2019 Rendez-vous aux 9e rencontres nationales \u00c9nergie et territoires ruraux  090620 : A Bordeaux, les modalit\u00e9s daccueil de la plage du Lac \u00e9voluent : bain de soleil autoris\u00e9, r\u00e9vision de la jauge \u00e0 400 usagers en instantan\u00e9 et cr\u00e9ation de 3 cr\u00e9neaux : 12h-14h30, 14h30-17h et 17h-20h sur r\u00e9servation sur le site mapiscine.bordeaux.fr. Pr\u00e9sentations des ateliers des rencontres TEPOS 2014 Le patrimoine de la CC du Clunisois est peu important. Ses deux sites repr\u00e9sentant les consommations d\u00e9nergie les plus fortes ont \u00e9t\u00e9 cibl\u00e9s pour \u00eatre aliment\u00e9s exclusivement en source d\u00e9nergie renouvelable. 6e Rencontres Nationales \u00c9nergie et Territoires ruraux : vers des territoires \u00e0 \u00e9nergie positive TEPOS <img decoding=\"async\" src=\"http:\/\/www.energy-cities.eu\/squelettes3\/images\/map.jpg\" alt=\"rencontres nationales energie et territoires ruraux\" align=\"center\"> Citons la commune de Baixas Pyr\u00e9n\u00e9es-Orientales, 2611 habitants, h\u00e9bergeant 2 sites \u00e9oliens majeurs totalisant une puissance de 96 MW. La commune de Thimert-Gatelles Eure-et-Loir, 1278 habitants, abrite elle une des plus importantes centrales photovolta\u00efques de France 50,4 MW. Notre s\u00e9lection de textes officiels, jurisprudences et r\u00e9ponses minist\u00e9rielles int\u00e9ressant les cadres de la fili\u00e8re technique, publi\u00e9s par le Club Techni.Cit\u00e9s et sur Lagazette.fr entre le 5 et le 11 juin 2020&#8230; Toutes les Rencontres TEPOS 2018 \u00e0 retrouver en ligne, comme si vous y \u00e9tiez! <img decoding=\"async\" src=\"http:\/\/www.ofme.org\/documents\/Carto\/ONF\/ZonageONF2002.jpg\" alt=\"rencontres nationales energie et territoires ruraux\" align=\"center\"> Une question, une demande? Contactez directement nos \u00e9quipes! Lundi 11 juillet, lancement de l de lOCDE, au Minist\u00e8re de lEnvironnement, de l\u00e9nergie et de la mer \u00e0 Paris. Lexamen fait le point sur l\u00e9volution des performances du pays depuis le second Examen publi\u00e9 en 2005 et formule 33 recommandations pour stimuler la croissance verte et am\u00e9liorer la gouvernance et la gestion de lenvironnement en France.  Programme 2e rencontres Energie et Territoires ruraux by R\u00e9seau Territoires \u00e0 \u00e9nergie positive-Issuu Un territoire \u00e0 \u00e9nergie positive est aussi un territoire qui, pour r\u00e9pondre aux enjeux fondamentaux de notre \u00e9poque, int\u00e8gre l\u00e9nergie dans des approches sp\u00e9cifiques d\u00e9veloppement \u00e9conomique, protection de lenvironnement, participation citoyenne, solidarit\u00e9 ruralurbain. En faveur dun authentique d\u00e9veloppement durable du territoire.  pr\u00e9sentation au Conseil Communautaire du 5 novembre 2018 Les 14 et 15 d\u00e9cembre 2016, les \u00e9nergies renouvelables seront \u00e0 lhonneur \u00e0 Montpellier avec trois \u00e9v\u00e9nements :, forum des \u00e9nergies renouvelables ; les organis\u00e9es par le Syndicat des \u00e9nergies renouvelables et lAdeme ; et les rencontres. <img decoding=\"async\" src=\"http:\/\/www.aqui.fr\/bib\/photos\/img_id_19062.jpg\" alt=\"rencontres nationales energie et territoires ruraux\" align=\"left\"> D\u00e9j\u00e0 en grande partie r\u00e9pondu, liens pr\u00e9cis \u00e0 lappui, \u00e0 vos fr\u00e9quentes fake news non \u00e9tay\u00e9es sur ce lien entre autres : Blandine Aubert a mis laccent sur trois points pr\u00e9cis : limportance de l ing\u00e9nierie dans les territoires ; le r\u00f4le clef de la capitalisation et lanimation de r\u00e9seau ; la coh\u00e9rence et la lisibilit\u00e9 de lenvironnement r\u00e9glementaire et incitatif pour permettre aux territoires de construire leur action dans la dur\u00e9e. La Communaut\u00e9 de communes du Val de Dr\u00f4me organise du 26 au 29 septembre 2012 les 2\u00e8mes rencontres nationales \u00c9nergie Territoires ruraux. Son th\u00e8me : Vers des territoires \u00e0 \u00e9nergie positive. Cest Biovall\u00e9e, territoire europ\u00e9en de r\u00e9f\u00e9rence, ayant pour projet d\u00eatre \u00e0 100 d\u00e9nergies positives dici 2040, qui accueille cette ann\u00e9e le r\u00e9seau TEPOS territoires \u00e0 \u00e9nergie positive.<\/p>\n","protected":false},"excerpt":{"rendered":"<p>rencontres nationales energie et territoires ruraux<\/p>\n","protected":false},"author":1,"featured_media":0,"comment_status":"closed","ping_status":"closed","sticky":false,"template":"","format":"standard","meta":{"footnotes":""},"categories":[1],"tags":[],"_links":{"self":[{"href":"https:\/\/zakarybelamy.com\/img\/wp-json\/wp\/v2\/posts\/4441"}],"collection":[{"href":"https:\/\/zakarybelamy.com\/img\/wp-json\/wp\/v2\/posts"}],"about":[{"href":"https:\/\/zakarybelamy.com\/img\/wp-json\/wp\/v2\/types\/post"}],"author":[{"embeddable":true,"href":"https:\/\/zakarybelamy.com\/img\/wp-json\/wp\/v2\/users\/1"}],"replies":[{"embeddable":true,"href":"https:\/\/zakarybelamy.com\/img\/wp-json\/wp\/v2\/comments?post=4441"}],"version-history":[{"count":1,"href":"https:\/\/zakarybelamy.com\/img\/wp-json\/wp\/v2\/posts\/4441\/revisions"}],"predecessor-version":[{"id":4442,"href":"https:\/\/zakarybelamy.com\/img\/wp-json\/wp\/v2\/posts\/4441\/revisions\/4442"}],"wp:attachment":[{"href":"https:\/\/zakarybelamy.com\/img\/wp-json\/wp\/v2\/media?parent=4441"}],"wp:term":[{"taxonomy":"category","embeddable":true,"href":"https:\/\/zakarybelamy.com\/img\/wp-json\/wp\/v2\/categories?post=4441"},{"taxonomy":"post_tag","embeddable":true,"href":"https:\/\/zakarybelamy.com\/img\/wp-json\/wp\/v2\/tags?post=4441"}],"curies":[{"name":"wp","href":"https:\/\/api.w.org\/{rel}","templated":true}]}}