{"id":455,"date":"2020-09-19T22:34:56","date_gmt":"2020-09-19T22:34:56","guid":{"rendered":"http:\/\/zakarybelamy.com\/img\/?p=455"},"modified":"2020-09-18T18:52:06","modified_gmt":"2020-09-18T18:52:06","slug":"rencontre-nationale-des-cattp","status":"publish","type":"post","link":"https:\/\/zakarybelamy.com\/img\/2020\/09\/19\/rencontre-nationale-des-cattp\/","title":{"rendered":"Rencontre Nationale Des Cattp"},"content":{"rendered":"<p>Perdue la nonchalance doublier n\u00e9gligemment son sac de travail ou sa cl\u00e9 sur un bureau du CMP au hasard dun retour de visite. Il faut dor\u00e9navant \u00eatre sur le qui-vive \u00e0 chaque instant. Le Covid-19 est potentiellement partout, dans lair comme sur les surfaces et autrui potentiellement infect\u00e9. Nous devenons des champions de l\u00e9clairage avec le coude qui presse les interrupteurs. Le point de saign\u00e9e est r\u00e9serv\u00e9 aux \u00e9ternuements. Fermer une porte avec le pied? Pas de probl\u00e8me. Je me demande si les cirques engagent des infirmi\u00e8res. Il nest pas exclus que nous finissions par renommer le CMP. La Team Op\u00e9rationnelle Covid de psychiatrie ou TOC-psy tient la corde dans mes pronostics. Les lavages de mains ne se comptent plus, quant aux d\u00e9sinfectionsque dire? Lop\u00e9ration r\u00e9silience sera pr\u00e9c\u00e9d\u00e9e par lop\u00e9ration d\u00e9tergence. Comme on dit en Belgique : \u00e7a carwash. La peur de la contamination physique par le contact a supplant\u00e9 la peur de la contamination mentale d\u00e9j\u00e0 d\u00e9crite en 1949 par Winnicott sous lappellation de contamination du soignant. Le CATTP est une prise en charge de type ambulatoire. La prise en charge de type CATTP ne donne pas lieu \u00e0 une admission hospitali\u00e8re et est comptabilis\u00e9e au titre de lactivit\u00e9 des CMP dont d\u00e9pendent les enfants. <img decoding=\"async\" src=\"http:\/\/cache.media.education.gouv.fr\/image\/170613_echange_franco_alld_cote_legris_epernay\/72\/7\/02_779727.jpg\" alt=\"rencontre nationale des cattp\" align=\"center\">   UNE CIRCULAIRE SUR LA PRISE EN CHARGE DES VICTIMES Ecoute des personnes en grande souffrance psychologique ou confront\u00e9es au suicide Tous le mois dOCTOBRE R-\u00e9veil-ECRITURE ET MISE EN VOIX ATELIERS Avec la romanci\u00e8re Diane Peylin, les adolescents et les adultes du CMP dAubenas, diffusion radiophonique des cr\u00e9ations po\u00e9tiques.  Ce service sadresse \u00e0 toute personne de plus de 20 ans en souffrance psychique vivant sur Tours ou son agglom\u00e9ration. Le SASV intervient sur d\u00e9cision dorientation de la commission des droits et de lautonomie des personnes handicap\u00e9es de la MDPH. Le service peut \u00eatre sollicit\u00e9 par la personne elle-m\u00eame, un membre de sa famille ou tout professionnel. <img decoding=\"async\" src=\"http:\/\/cdn2.artwhere.net\/www.cinetelerevue.be\/images\/capture-da-a-cran-2016-03-23-a-13.36.57.png\" alt=\"rencontre nationale des cattp\" align=\"right\"> Des solutions sont extr\u00eamement variables selon le contexte de diversit\u00e9 et le volume de la population. Les zones urbaines denses, les zones rurales ou semi-rurales n\u00e9cessitent de trouver le bon niveau de lad\u00e9quation offredemande et n\u00e9cessitent toujours de privil\u00e9gier la continuit\u00e9 et la qualit\u00e9 des soins. Le CHVSM investit une nouvelle fois pour garantir une offre de soin de qualit\u00e9 sur le territoire en se dotant dun nouvel \u00e9quipement dIRM. La n\u00e9cessit\u00e9 de faire face aux graves cons\u00e9quences physiques et psychologiques qui marquent les personnes, victimes dagressions ou de s\u00e9vices, conduit les pouvoirs publics \u00e0 promouvoir une action de sensibilisation et de prise en charge en faveur de ces personnes. Quelques pr\u00e9cisions sur les modalit\u00e9s de soins psychiatriques p classtexteVous trouverez ci-dessous des acc\u00e8s directs pour consulter des informations utilesp \u039c\u03b5 \u03c4\u03b7\u03bd \u03b1\u03c0\u03bf\u03c3\u03c4\u03bf\u03bb\u03ae \u03b1\u03c0\u03bf\u03b4\u03ad\u03c7\u03b5\u03c3\u03c4\u03b5 \u03c4\u03bf\u03c5\u03c2 \u038c\u03c1\u03bf\u03c5\u03c2 \u03ba\u03b1\u03b9 \u03a0\u03c1\u03bf\u03c5\u03c0\u03bf\u03b8\u03ad\u03c3\u03b5\u03b9\u03c2 \u03c7\u03c1\u03ae\u03c3\u03b7\u03c2 \u03ba\u03b1\u03b8\u03ce\u03c2 \u03ba\u03b1\u03b9 \u03c4\u03bf\u03c5\u03c2 \u03cc\u03c1\u03bf\u03c5\u03c2 \u03c0\u03b5\u03c1\u03af \u03c0\u03c1\u03bf\u03c3\u03c4\u03b1\u03c3\u03af\u03b1\u03c2 \u03c0\u03c1\u03bf\u03c3\u03c9\u03c0\u03b9\u03ba\u03ce\u03bd \u03b4\u03b5\u03b4\u03bf\u03bc\u03ad\u03bd\u03c9\u03bd \u03cc\u03c0\u03c9\u03c2 \u03b1\u03bd\u03b1\u03b3\u03c1\u03ac\u03c6\u03bf\u03bd\u03c4\u03b1\u03b9 \u03c3\u03c4\u03bf site. Covid-19 : dispositifs \u00e0 Ste Eulalie en Born et cr\u00e9ation de la plate forme digitale Actizee dans la r\u00e9gion des Grands Lacs.. Le r\u00e9seau national de prise en charge de lurgence m\u00e9dico-psychologique repose sur la cr\u00e9ation de sept cellules permanentes durgence m\u00e9dico-psychologique charg\u00e9es de la coordination des soins durgence m\u00e9dico-psychologiques et dassurer le soutien m\u00e9dical dun r\u00e9seau de psychiatres r\u00e9f\u00e9rents pr\u00e9sents dans chaque d\u00e9partement. Les psychiatres coordonnateurs de cellules et les psychiatres r\u00e9f\u00e9rents sont charg\u00e9s de constituer des listes d\u00e9partementales de psychiatres, de psychologues et dinfirmiers psychiatriques volontaires pour intervenir en cas de sinistre majeur. Les \u00e9quipes ainsi constitu\u00e9es interviennent dans le cadre des structures hospitali\u00e8res daide m\u00e9dicale urgente. Un sch\u00e9ma type dintervention m\u00e9dico-psychologique y est d\u00e9fini, en liaison avec les directeurs d\u00e9tablissements concern\u00e9s. Les frais de d\u00e9placements des psychiatres, des psychologues et des infirmiers lors de leurs interventions donnent lieu \u00e0 remboursement. IFSI sont parfois redout\u00e9s mais toujours essentiels \u00e0 votre apprentissage. Afin que ce stage soit une r\u00e9ussite, et de soins palliatifs Sfap organise au CHU de Toulouse une journ\u00e9e sur le th\u00e8me soins infirmiers en soins palliatifs, am\u00e9liorer les sympt\u00f4mes dinconfort et la qualit\u00e9 de vie. Au programme : soins dhygi\u00e8ne et de confort, position lat\u00e9rale de trois quarts, soins de bouche, socioesth\u00e9tique, pr\u00e9vention de la douleur induite, hypnose You have reached your viewing limit for this book. <img decoding=\"async\" src=\"http:\/\/passion-moto-formation.com\/wp-content\/uploads\/2014\/02\/P1000149-1024x768.jpg\" alt=\"rencontre nationale des cattp\" align=\"center\"> Informations et modalit\u00e9s dinscription pour les Ateliers du Mouvement 2018. Jappelle votre attention sur le fait que certaines pr\u00e9cisions qualitatives donn\u00e9es dans lannexe technique peuvent servir de r\u00e9f\u00e9rence pour les \u00e9quipements et services tels quh\u00f4pitaux de jour et CMPP qui ne participent pas \u00e0 la sectorisation psychiatrique.<\/p>\n","protected":false},"excerpt":{"rendered":"<p>rencontre nationale des cattp<\/p>\n","protected":false},"author":1,"featured_media":0,"comment_status":"closed","ping_status":"closed","sticky":false,"template":"","format":"standard","meta":{"footnotes":""},"categories":[1],"tags":[],"_links":{"self":[{"href":"https:\/\/zakarybelamy.com\/img\/wp-json\/wp\/v2\/posts\/455"}],"collection":[{"href":"https:\/\/zakarybelamy.com\/img\/wp-json\/wp\/v2\/posts"}],"about":[{"href":"https:\/\/zakarybelamy.com\/img\/wp-json\/wp\/v2\/types\/post"}],"author":[{"embeddable":true,"href":"https:\/\/zakarybelamy.com\/img\/wp-json\/wp\/v2\/users\/1"}],"replies":[{"embeddable":true,"href":"https:\/\/zakarybelamy.com\/img\/wp-json\/wp\/v2\/comments?post=455"}],"version-history":[{"count":1,"href":"https:\/\/zakarybelamy.com\/img\/wp-json\/wp\/v2\/posts\/455\/revisions"}],"predecessor-version":[{"id":456,"href":"https:\/\/zakarybelamy.com\/img\/wp-json\/wp\/v2\/posts\/455\/revisions\/456"}],"wp:attachment":[{"href":"https:\/\/zakarybelamy.com\/img\/wp-json\/wp\/v2\/media?parent=455"}],"wp:term":[{"taxonomy":"category","embeddable":true,"href":"https:\/\/zakarybelamy.com\/img\/wp-json\/wp\/v2\/categories?post=455"},{"taxonomy":"post_tag","embeddable":true,"href":"https:\/\/zakarybelamy.com\/img\/wp-json\/wp\/v2\/tags?post=455"}],"curies":[{"name":"wp","href":"https:\/\/api.w.org\/{rel}","templated":true}]}}