{"id":4585,"date":"2020-09-29T23:07:13","date_gmt":"2020-09-29T23:07:13","guid":{"rendered":"http:\/\/zakarybelamy.com\/img\/?p=4585"},"modified":"2020-09-24T02:57:09","modified_gmt":"2020-09-24T02:57:09","slug":"rencontres-prades","status":"publish","type":"post","link":"https:\/\/zakarybelamy.com\/img\/2020\/09\/29\/rencontres-prades\/","title":{"rendered":"Rencontres Prades"},"content":{"rendered":"<p>L\u00e9tang de Salses entre voiles et roseaux par le Photo Club de Rivesaltes, Bonjour, bonjour. Moi je mappelle Sarah, jai 23 ans et je suis avide de nouvelles aventures Je ne sais pas encore vraiment ce que je recherche, jaime laisser venir les choses-Long-m\u00e9trage prim\u00e9 : Lesprit de la Ruche de Victor ERICE, Espagne. Le cheval venu de la mer Mike Newell GB1993 100 mn VF-CE1CM2 PREVISIONNAGE : Lundi 24 septembre 2012 \u00e0 18h au cin\u00e9ma Le Castillet de Perpignan  <img decoding=\"async\" src=\"http:\/\/idata.over-blog.com\/1\/90\/86\/29\/autres4\/jeandouchet2.jpg\" alt=\"rencontres prades\" align=\"right\"> Chaque jour, la r\u00e9daction des Echos r\u00e9pond \u00e0 votre besoin dune information fiable et vous aide \u00e0 prendre les meilleures d\u00e9cisions. P\u00e8re de quatre enfants dont il soccupait avec engagement et responsabilit\u00e9, homme mari\u00e9, respectueux et attentionn\u00e9, Lino Ventura a aussi v\u00e9cu une passion interdite. Yanou Collart a r\u00e9v\u00e9l\u00e9 apr\u00e8s le d\u00e9c\u00e8s du Tonton Flingeur, leur liaison cach\u00e9e..  Entre d\u00e9fil\u00e9s et engagements aupr\u00e8s de nombreuses causes, Cindy Bruna fait brillamment rimer beaut\u00e9 et solidarit\u00e9. A 25 ans, la nouvelle ambassadrice de lOr\u00e9al Paris est la preuve que toutes les femmes le valent bien, et fait de ce message authentique, son combat. V\u00e9ritables temps forts du festival, les projections de films pr\u00e9sent\u00e9s par leurs r\u00e9alisateurs ou acteur principal, sont ponctu\u00e9s de tables rondes. Parmi les personnalit\u00e9s invit\u00e9es cette ann\u00e9e, le r\u00e9alisateur C\u00e9dric Kahn, dont sept films seront projet\u00e9s, sera accompagn\u00e9 du critique de cin\u00e9ma Michel Ciment, qui pr\u00e9sentera ses films. Le r\u00e9alisateur Nicolas Philibert, c\u00e9sar du meilleur documentaire en 2012 pour La Maison de la radio, sera aussi pr\u00e9sent. 1968 : 10e Festival Hommages \u00e0 Samuel FULLER Jerry LEWIS, anim\u00e9s par Jean DOUCHET. Acc\u00e9dez aux num\u00e9ros de TVA en illimit\u00e9 et sans publicit\u00e9. <img decoding=\"async\" src=\"http:\/\/i65.tinypic.com\/54t8pu.jpg\" alt=\"rencontres prades\" align=\"left\"> Festival de cin\u00e9ma organis\u00e9 par les Cin\u00e9-rencontres On se retrouve en 2021! Vivement d\u00e9j\u00e0 lan prochain pour le soixanti\u00e8me anniversaire! 1998 : 39e Festival R\u00e9trospective Bertrand TAVERNIER. Anim\u00e9e par Jean-Louis COY. <img decoding=\"async\" src=\"http:\/\/ensemblecalliopee.com\/wp-content\/uploads\/2016\/03\/Concours-Prades-2013-BD-812x1024.jpeg\" alt=\"rencontres prades\" align=\"right\">-Long-m\u00e9trage prim\u00e9 : Vigil, de Vincent WARD, Nouvelle-Z\u00e9lande. Coronavirus : ce que les pr\u00e9c\u00e9dentes \u00e9pid\u00e9mies peuvent nous apprendre Nomm\u00e9 coordonnateur de la strat\u00e9gie nationale de d\u00e9confinement \u00e0 compter du 6 avril, Jean Castex, haut fonctionnaire et par ailleurs maire de Prades, a eu \u00e0 peine un mois pour \u00e9laborer en association avec tous les minist\u00e8res une pr\u00e9sent\u00e9e par Edouard Philippe le 6 mai dernier. Celle-ci repose sur trois principes, la progressivit\u00e9, la vigilance, et ladaptabilit\u00e9. REPAS QUOTIDIENS LES MIDI EN PLEIN AIR A LHOSTALRICH 50 m\u00e8tres du Lido 3 Rencontre avec le com\u00e9dien, lhomme de th\u00e9\u00e2tre, sur son premier m\u00e9tier qui reste sa passion. Il affirmait lan dernier apr\u00e8s les repr\u00e9sentations du Roi Lear : Maintenant, jai la vanit\u00e9 de dire que je ne veux plus jouer que Shakespeare., Il interpr\u00e9ta Moli\u00e8re dans Don Juan ou Le Festin de Pierre, mis en sc\u00e8ne en 1965 par Marcel Bluwal pour la t\u00e9l\u00e9vision  Les objectifs g\u00e9n\u00e9raux du festival de Prades sont toujours d \u0153uvrer \u00e0 une meilleure diffusion et \u00e0 une accessibilit\u00e9 des films dauteur, avec laccompagnement des \u0153uvres par leurs r\u00e9alisateurs, et en pr\u00e9sence dacteurs, producteurs, critiques.. De valoriser les jeunes cin\u00e9astes, de rendre possibles les rencontres entre le public et les professionnels du cin\u00e9ma, et de promouvoir cette transmission dans un esprit de convivialit\u00e9 et de proximit\u00e9 qui est cher \u00e0 notre comit\u00e9 de parrainage pr\u00e9sid\u00e9 par le r\u00e9alisateur Robert Gu\u00e9diguian. Lafor\u00eat traite les donn\u00e9es recueillies afin de faire suite \u00e0 votre demande dinscription \u00e0 la newsletter.<\/p>\n","protected":false},"excerpt":{"rendered":"<p>rencontres prades<\/p>\n","protected":false},"author":1,"featured_media":0,"comment_status":"closed","ping_status":"closed","sticky":false,"template":"","format":"standard","meta":{"footnotes":""},"categories":[1],"tags":[],"_links":{"self":[{"href":"https:\/\/zakarybelamy.com\/img\/wp-json\/wp\/v2\/posts\/4585"}],"collection":[{"href":"https:\/\/zakarybelamy.com\/img\/wp-json\/wp\/v2\/posts"}],"about":[{"href":"https:\/\/zakarybelamy.com\/img\/wp-json\/wp\/v2\/types\/post"}],"author":[{"embeddable":true,"href":"https:\/\/zakarybelamy.com\/img\/wp-json\/wp\/v2\/users\/1"}],"replies":[{"embeddable":true,"href":"https:\/\/zakarybelamy.com\/img\/wp-json\/wp\/v2\/comments?post=4585"}],"version-history":[{"count":1,"href":"https:\/\/zakarybelamy.com\/img\/wp-json\/wp\/v2\/posts\/4585\/revisions"}],"predecessor-version":[{"id":4586,"href":"https:\/\/zakarybelamy.com\/img\/wp-json\/wp\/v2\/posts\/4585\/revisions\/4586"}],"wp:attachment":[{"href":"https:\/\/zakarybelamy.com\/img\/wp-json\/wp\/v2\/media?parent=4585"}],"wp:term":[{"taxonomy":"category","embeddable":true,"href":"https:\/\/zakarybelamy.com\/img\/wp-json\/wp\/v2\/categories?post=4585"},{"taxonomy":"post_tag","embeddable":true,"href":"https:\/\/zakarybelamy.com\/img\/wp-json\/wp\/v2\/tags?post=4585"}],"curies":[{"name":"wp","href":"https:\/\/api.w.org\/{rel}","templated":true}]}}