{"id":4746,"date":"2020-09-29T03:37:01","date_gmt":"2020-09-29T03:37:01","guid":{"rendered":"http:\/\/zakarybelamy.com\/img\/?p=4746"},"modified":"2020-09-24T10:08:55","modified_gmt":"2020-09-24T10:08:55","slug":"rencontre-femme-niqab","status":"publish","type":"post","link":"https:\/\/zakarybelamy.com\/img\/2020\/09\/29\/rencontre-femme-niqab\/","title":{"rendered":"Rencontre Femme Niqab"},"content":{"rendered":"<p>Nous utilisons des cookies pour vous garantir la meilleure exp\u00e9rience sur notre site web. Si vous continuez \u00e0 utiliser ce site, nous supposerons que vous en \u00eates satisfait. Fiammetta Venner: Aujourdhui des associations musulmanes d\u00e9clarent enfin que la burqa nest pas un commandement de lislam. Elles ont raison, mais le hijab ne lest pas non plus. L\u00e9mergence du voile a pos\u00e9 dabord probl\u00e8me dans les pays musulmans qui en ont compris la symbolique politique radicale. Pour une raison tr\u00e8s simple, il sagissait souvent de tenues totalement inconnues dans le territoire, import\u00e9es dArabie Saoudite, dIran ou dAfghanistan. In Frankreich tritt am heutigen Montag das Burka-Verbot in Kraft: Frauen, die in der \u00d6ffentlichkeit einen Ganzk\u00f6rperschleier tragen, k\u00f6nnen von der Polizei aufgefordert werden, ihn abzulegen. Able to offer bespoke ball manufacturing from customerfree issue supplied La loi \u00e9dicte linterdiction de la dissimulation du visage dans lespace public. Or lutilisation de cette notion d espace public est une premi\u00e8re dans la l\u00e9gislation fran\u00e7aise. De plus elle nest pas d\u00e9finie dans la loi. Larticle 2 de la loi pr\u00e9cise donc que lespace public est constitu\u00e9 des voies publiques ainsi que des lieux ouverts au public ou affect\u00e9s \u00e0 un service public. Si la d\u00e9finition de voie publique nappelle pas \u00e0 des commentaires, les lieux ouverts au public ou affect\u00e9s \u00e0 un service public sont encore insuffisamment d\u00e9finis. Afin de lever les ambigu\u00eft\u00e9s, la circulaire du 2 mars 2011, relative \u00e0 la mise en \u0153uvre de la loi, pr\u00e9cise donc cette notion : <img decoding=\"async\" src=\"http:\/\/footage.framepool.com\/shotimg\/259212732-zabadani-mission-d'observation-de-l'onu-printemps-arabe-rencontre.jpg\" alt=\"rencontre femme niqab\" align=\"center\"> La CEDH sest refus\u00e9e \u00e0 une tr\u00e8s large majorit\u00e9, mardi 1 er juillet 2011, \u00e0 condamner la France \u00e0 la demande de la jeune musulmane. La cour ne valide pas pour autant la loi mais elle estime quil faut laisser aux \u00c9tats une large marge de man\u0153uvre. Elle pr\u00e9cise de surcro\u00eet que le motif du vivre ensemble peut l\u00e9gitimement \u00eatre invoqu\u00e9 pour r\u00e9glementer cette pratique la burqa et que linterdiction absolue nest pas disproportionn\u00e9e au but poursuivi.  Le projet de loi interdisant le port du voile int\u00e9gral dans lespace public sera pr\u00e9sent\u00e9 aujourdhui en Conseil des ministres. Le texte pr\u00e9voit notamment une amende de 150 euros pour toute personne dissimulant son visage et sanctionne s\u00e9v\u00e8rement ceux qui limposent. _ France Info a choisi de donner la parole \u00e0 une jeune musulmane qui, pendant quatre ans, a port\u00e9 le niqab sous la contrainte. Il y a deux ans, elle la enlev\u00e9 au p\u00e9ril de sa vie. _ Cest ce quelle raconte dans un livre intitul\u00e9 Sous mon niqab avec Dj\u00e9nane Kareh Tager, aux \u00e9ditions Plon. Radio France France Info  Parce quune autre personne ou vous est en train de lire Le Monde avec ce compte sur un autre appareil. La loi sapplique sur lensemble du territoire de la R\u00e9publique article 6. <img decoding=\"async\" src=\"http:\/\/superiohr.gq\/wp-content\/uploads\/2017\/10\/CV_RIAND_La-clinique-des-groupes_BAT_15.12.17.jpg\" alt=\"rencontre femme niqab\" align=\"center\"> Votre adresse mail est collect\u00e9e par Le Parisien pour vous permettre de recevoir nos actualit\u00e9s et offres commerciales. Parvez, Z. Fareen, 2013, D\u00e9battre de la burqa en France : lantipolitisme du R\u00e9veil islamique, dans David Koussens et Olivier Roy dir, Quand la burqa passe \u00e0 louest. Enjeux \u00e9thiques, politiques et juridiques, Rennes, Presses universitaires de Rennes, p 89-120. Fran\u00e7ois Pupponi d\u00e9nonce le laxisme de l\u00c9tat, dans certaines d\u00e9cisions par rapport \u00e0 des mosqu\u00e9es ou certains imams consid\u00e9r\u00e9s comme dangereux. On voit bien comment ladministration d\u00c9tat est g\u00ean\u00e9e par ces sujets, confirme-t-il. Ils font tout pour \u00e9viter laffrontement. \u00c0 force de renoncer, le syst\u00e8me se met en place. La libert\u00e9 est un mot ou on nous enseigne dans les \u00e9cole primaires ils disent que la libert\u00e9 sarr\u00eate ou commence celle de lautre. Le fait d\u00eatre contre le niqab est une atteinte \u00e0 la libert\u00e9 individuelle!! V\u00e9ritable journal de combat et de d\u00e9fense des valeurs humanistes, ces chroniques sont enfin un hymne \u00e0 la libert\u00e9 et \u00e0 la r\u00e9sistance des hommes et femmes du savoir, de la culture et des arts. En d\u00e9non\u00e7ant les briseurs de r\u00eaves, elles incarnent un espoir : que la Tunisie soit \u00e0 la hauteur de sa R\u00e9volution. New York, NY-In a powerful new essay for Le Monde Fr, Alain Badiou, arguably the greatest living French philosopher, pinpoints the principal culprit in the success of the far-right in the recent French presidential election that resulted in the presidency of Francois Hollande. Die Frage der Verschleierung bzw. Des Kopftuchs.. <img decoding=\"async\" src=\"http:\/\/rampok.org\/img\/d8f0f4bc7c0dee332d361d58c0cea9fa.jpg\" alt=\"rencontre femme niqab\" align=\"left\"> Quel avenir pour lislam? Rencontre avec Gilles Kepel .<\/p>\n","protected":false},"excerpt":{"rendered":"<p>rencontre femme niqab<\/p>\n","protected":false},"author":1,"featured_media":0,"comment_status":"closed","ping_status":"closed","sticky":false,"template":"","format":"standard","meta":{"footnotes":""},"categories":[1],"tags":[],"_links":{"self":[{"href":"https:\/\/zakarybelamy.com\/img\/wp-json\/wp\/v2\/posts\/4746"}],"collection":[{"href":"https:\/\/zakarybelamy.com\/img\/wp-json\/wp\/v2\/posts"}],"about":[{"href":"https:\/\/zakarybelamy.com\/img\/wp-json\/wp\/v2\/types\/post"}],"author":[{"embeddable":true,"href":"https:\/\/zakarybelamy.com\/img\/wp-json\/wp\/v2\/users\/1"}],"replies":[{"embeddable":true,"href":"https:\/\/zakarybelamy.com\/img\/wp-json\/wp\/v2\/comments?post=4746"}],"version-history":[{"count":1,"href":"https:\/\/zakarybelamy.com\/img\/wp-json\/wp\/v2\/posts\/4746\/revisions"}],"predecessor-version":[{"id":4747,"href":"https:\/\/zakarybelamy.com\/img\/wp-json\/wp\/v2\/posts\/4746\/revisions\/4747"}],"wp:attachment":[{"href":"https:\/\/zakarybelamy.com\/img\/wp-json\/wp\/v2\/media?parent=4746"}],"wp:term":[{"taxonomy":"category","embeddable":true,"href":"https:\/\/zakarybelamy.com\/img\/wp-json\/wp\/v2\/categories?post=4746"},{"taxonomy":"post_tag","embeddable":true,"href":"https:\/\/zakarybelamy.com\/img\/wp-json\/wp\/v2\/tags?post=4746"}],"curies":[{"name":"wp","href":"https:\/\/api.w.org\/{rel}","templated":true}]}}