{"id":4768,"date":"2020-09-29T19:05:40","date_gmt":"2020-09-29T19:05:40","guid":{"rendered":"http:\/\/zakarybelamy.com\/img\/?p=4768"},"modified":"2020-09-24T10:36:08","modified_gmt":"2020-09-24T10:36:08","slug":"rencontre-furet-du-nord","status":"publish","type":"post","link":"https:\/\/zakarybelamy.com\/img\/2020\/09\/29\/rencontre-furet-du-nord\/","title":{"rendered":"Rencontre Furet Du Nord"},"content":{"rendered":"<p>R\u00e9alis\u00e9e conjointement par les Chambres consulaires, l\u00e9dition 2020 des Chiffres Cl\u00e9s de Sa\u00f4ne-et-Loire est un v\u00e9ritable outil de connaissance des principaux indicateurs \u00e9conomiques et d\u00e9mographiques du d\u00e9partement. Chica Rencontre avec Anna Todd au Furet du Nord de Lille A labordage de la Culture -Lundi 17 f\u00e9vrier \u00e0 17h30 dans les Grands salons de lH\u00f4tel de Ville de Nancy, en partenariat avec la librairie le Hall du livre : ANNUL\u00c9 Entrez vos coordonn\u00e9es ci-dessous ou cliquez sur une ic\u00f4ne pour vous connecter: Jean-Luc Lahaye dans l\u00e9mission Allo Baba sur C8, le 30 avril 2020. <img decoding=\"async\" src=\"http:\/\/www.lacontreallee.com\/sites\/default\/files\/fichiers\/LETSMOTIVnovembre2011.jpg\" alt=\"rencontre furet du nord\" align=\"center\"> La CGT 2018 Tous droits r\u00e9serv\u00e9s-La CGT 2018 Tous droits r\u00e9serv\u00e9s  Au 1 er janvier 2019, en accord avec ses deux tutelles, lInstitut Marcel Mauss IMM sest transform\u00e9 en deux FRE formation de recherche \u00e9volutive ascendantes: le Lier-FYT et le CEMS. LEHESS compte donc deux nouvelles unit\u00e9s de recherche. Proactif, tu prends les devants et tu pars \u00e0 leur rencontre. Une soir\u00e9e en hommage \u00e0 Leonard Bernstein. Inititul\u00e9 Tonight, Tonight! La mezzo-soprano Julie Boulianne continue de participer cette semaine au Festival de Glyndebourne en incarnant Marguerite dans une nouvelle production de La Damnation de Faust de Berlioz les 25 et 30 mai. Lauteur de La conjuration primitive sint\u00e9resse actuellement \u00e0 la manipulation num\u00e9rique, ainsi qu\u00e0 la manipulation mentale. Ses id\u00e9es ne sont pas encore assez concr\u00e8tes, mais il y aura toujours un tueur en s\u00e9rie derri\u00e8re tout \u00e7a!. Mais ce qui int\u00e9resserait lauteur, cest quil ny ait pas de tueur! Rev Rhum. Pelvic floor nerve conduction studies: establishing clinically relevant normative data. Computed tomography-guided pudendal nerve block. A new diagnostic approach to long-term anoperineal pain: a report of two cases. Reg Anesth Pain Med. New, simple, ultrasound guided infiltration of the pudendal nerve: ultra-sonographic technique. Dis Colon Rectum. Approche symptomatique des douleurs pudendales chroniques. <img decoding=\"async\" src=\"http:\/\/gonzague.saint.bris.free.fr\/photos\/GonzagueSaintBris.photoA.langlois.jpg\" alt=\"rencontre furet du nord\" align=\"left\"> Les sapeurs-pompiers sont mobilis\u00e9s sur le Rh\u00f4ne ce samedi en fin de journ\u00e9e. Recevoir un email lorsquun commentaire est publi\u00e9 sur ce message. A cette occasion, cest un v\u00e9ritable marathon de promotion qui attend la jeune \u00e9crivaine. Avant la fameuse rencontre qui aura lieu \u00e0 la, Virginie Despentes organise une rencontre avec son public \u00e0 la le mercredi 31 mai. Cet \u00e9v\u00e9nement aura lieu 16 octobre \u00e0 19 h 30 et se d\u00e9roulera \u00e0 la salle Bourgie du Mus\u00e9e des Beaux-Arts de Montr\u00e9al. Notre contralto nationale Marie-Nicole Lemieux poursuit sa tourn\u00e9e qu\u00e9b\u00e9coise. Accompagn\u00e9e de son pianiste Daniel Blumenthal et le com\u00e9dien Raymond Cloutierelle se rendra cette semaine \u00e0 Saint-Jean-Sur-Richelieu 13 octobreVictoriaville 16 octobreLongueuil 17 octobre et Orford 18 octobre. Sublime moment. Claire de S\u00e9vign\u00e9 sera au Grand Th\u00e9\u00e2tre de Gen\u00e8ve pour richard bite colline et Curtis LeMay le r\u00f4le de la Sacerdotessa dans Aida de Verdi les 12, 13, 15 et 17 octobre Alain Gauthier signera la mise en sc\u00e8ne de La Traviata de Verdi au Vancouver Opera dont la premi\u00e8re a lieu le 17 octobre \u00c0 son \u00e9mission La semaine lyriq ueJustin Bernard fera entendre le dimanche 13 octobre les plus belles pages du r\u00e9pertoire lyrique.  <img decoding=\"async\" src=\"http:\/\/www.whoozone.com\/external_files\/images\/jean-denis-clabaut-entrevue-prix-bleuets-2014.jpg\" alt=\"rencontre furet du nord\" align=\"right\">.<\/p>\n","protected":false},"excerpt":{"rendered":"<p>rencontre furet du nord<\/p>\n","protected":false},"author":1,"featured_media":0,"comment_status":"closed","ping_status":"closed","sticky":false,"template":"","format":"standard","meta":{"footnotes":""},"categories":[1],"tags":[],"_links":{"self":[{"href":"https:\/\/zakarybelamy.com\/img\/wp-json\/wp\/v2\/posts\/4768"}],"collection":[{"href":"https:\/\/zakarybelamy.com\/img\/wp-json\/wp\/v2\/posts"}],"about":[{"href":"https:\/\/zakarybelamy.com\/img\/wp-json\/wp\/v2\/types\/post"}],"author":[{"embeddable":true,"href":"https:\/\/zakarybelamy.com\/img\/wp-json\/wp\/v2\/users\/1"}],"replies":[{"embeddable":true,"href":"https:\/\/zakarybelamy.com\/img\/wp-json\/wp\/v2\/comments?post=4768"}],"version-history":[{"count":1,"href":"https:\/\/zakarybelamy.com\/img\/wp-json\/wp\/v2\/posts\/4768\/revisions"}],"predecessor-version":[{"id":4769,"href":"https:\/\/zakarybelamy.com\/img\/wp-json\/wp\/v2\/posts\/4768\/revisions\/4769"}],"wp:attachment":[{"href":"https:\/\/zakarybelamy.com\/img\/wp-json\/wp\/v2\/media?parent=4768"}],"wp:term":[{"taxonomy":"category","embeddable":true,"href":"https:\/\/zakarybelamy.com\/img\/wp-json\/wp\/v2\/categories?post=4768"},{"taxonomy":"post_tag","embeddable":true,"href":"https:\/\/zakarybelamy.com\/img\/wp-json\/wp\/v2\/tags?post=4768"}],"curies":[{"name":"wp","href":"https:\/\/api.w.org\/{rel}","templated":true}]}}