{"id":479,"date":"2020-09-19T10:32:57","date_gmt":"2020-09-19T10:32:57","guid":{"rendered":"http:\/\/zakarybelamy.com\/img\/?p=479"},"modified":"2020-09-18T19:26:34","modified_gmt":"2020-09-18T19:26:34","slug":"rencontre-musicale-de-calenzana","status":"publish","type":"post","link":"https:\/\/zakarybelamy.com\/img\/2020\/09\/19\/rencontre-musicale-de-calenzana\/","title":{"rendered":"Rencontre Musicale De Calenzana"},"content":{"rendered":"<p><img decoding=\"async\" src=\"http:\/\/www.corsenetinfos.corsica\/photo\/gal\/pic\/gal-2214862.jpg\" alt=\"rencontre musicale de calenzana\" align=\"right\"> La liste P\u00e8 Calinzana conduite par le maire sortant Pierre Guidoni, \u00e9lue d\u00e8s le premier tour des \u00e9lections municipales du 15 mats dernier, sest retrouv\u00e9e.. Du lundi au vendredi de 08h30 \u00e0 12h00 de 14h00 \u00e0 16h15 Le samedi de 8h30 \u00e0 12h00 master class, stages de chant ou stages autour dun instrument en relation avec le festival, Deux secours en montagne ont \u00e9t\u00e9 op\u00e9r\u00e9s ce lundi par le peloton de gendarmerie de haute-montagne PGHM de Corse \u00e0 Calenzana et Albertacce. Jean Sicurani, le directeur artistique, le rappelle : Les rencontres de musiques classique et contemporaine de Calenzana ont su grandir tout en pr\u00e9servant le m\u00eame esprit : simplicit\u00e9 dans laccueil des artistes et des auditeurs, qualit\u00e9 des concerts, d\u00e9vouement de nombreux b\u00e9n\u00e9voles fid\u00e8les qui font lessence de l\u00e9v\u00e9nement. Ici, la musique se vit \u00e0 travers de \u00e9changes v\u00e9ritables entre artistes, spectateurs et organisateurs. Auditorium de Pigna Corse. Enregistrement du CD Lieder et pi\u00e8ces pour piano choisis avec Ilya Rashkovskiy piano. Quand les temps sont durs, quand lart et la culture ne semblent pas prioritaires, il faut plus que jamais affirmer que la culture nest pas un produit marchand, quelle est affaire de sens et de responsabilit\u00e9 collective, de volont\u00e9 politique, de projet de soci\u00e9t\u00e9, quelle est un bien commun \u00e0 d\u00e9fendre, \u00e0 pr\u00e9server, \u00e0 partager. Retrouvez lunivers de SECESSION ORCHESTRA sur :. Cin\u00e9ma : le Festival du film de Lama annule sa 27e \u00e9dition  Calenzana est sur le parcours de la Route des vins Strada Vinaghjola, un circuit cr\u00e9\u00e9 par le Syndicat AOC Corse-Calvi et le Comit\u00e9 R\u00e9gional dExpansion et de Promotion Agricole de la Corse CREPAC. Or, lorganisation de ces \u00e9v\u00e8nements, tout au long de lann\u00e9e, n\u00e9cessitent de notre part la cr\u00e9ation dun emploi de charg\u00e9 de production \u00e0 temps plein et en milieu rural. Ce souhait est une fois de plus un projet militant. Nous nous tournons donc vers votre magnanimit\u00e9 afin de permettre la concr\u00e9tisation de nos objectifs. <img decoding=\"async\" src=\"http:\/\/more.wfcrimewatch.com\/upload\/podcasts\/photos\/normal\/5a783f35444d36.49538483_mini.jpg\" alt=\"rencontre musicale de calenzana\" align=\"right\">  Attention, pour b\u00e9n\u00e9ficier des tarifs Week-End, tous les passagers doivent disposer dune carte Week-End Air France valide \u00e0 la date du voyage. Le territoire communal \u00e9tait d\u00e9j\u00e0 occup\u00e9 comme en t\u00e9moignent les deux statues-menhirs d\u00e9couvertes au milieu du \u00e0 Luzzipeo. Une campagne de fouilles arch\u00e9ologiques vient de d\u00e9marrer sur le site. <img decoding=\"async\" src=\"http:\/\/www.mycorsica.com\/loisirs-corse\/6158.jpg\" alt=\"rencontre musicale de calenzana\" align=\"right\"> La est en net regain malgr\u00e9 le terrible incendie de l\u00e9t\u00e9 qui ravagea sur pr\u00e8s de 1 500 hectares plusieurs milliers doliviers dont de nombreux arbres s\u00e9culaires. Les habitants ont pris conscience de ce patrimoine l\u00e9gu\u00e9 par les anc\u00eatres qui avaient fait de la Balagne le jardin de la Corse. Une foire de lolivier A Fiera di lAlivu se tient chaque ann\u00e9e le 3 e week-end de juillet au village voisin de. 7 des 21 concerts sont gratuits. Les billets pour les autres repr\u00e9sentations sont vendus entre 10 et 25 euros. Au Domaine Orsini. Quatuor \u00e0 cordes espagnol atypique, PaGAGnini offre un Ch\u00e2teau de Lun\u00e9ville Memoriae. Mise en sc\u00e8ne Orianne Moretti. .<\/p>\n","protected":false},"excerpt":{"rendered":"<p>rencontre musicale de calenzana<\/p>\n","protected":false},"author":1,"featured_media":0,"comment_status":"closed","ping_status":"closed","sticky":false,"template":"","format":"standard","meta":{"footnotes":""},"categories":[1],"tags":[],"_links":{"self":[{"href":"https:\/\/zakarybelamy.com\/img\/wp-json\/wp\/v2\/posts\/479"}],"collection":[{"href":"https:\/\/zakarybelamy.com\/img\/wp-json\/wp\/v2\/posts"}],"about":[{"href":"https:\/\/zakarybelamy.com\/img\/wp-json\/wp\/v2\/types\/post"}],"author":[{"embeddable":true,"href":"https:\/\/zakarybelamy.com\/img\/wp-json\/wp\/v2\/users\/1"}],"replies":[{"embeddable":true,"href":"https:\/\/zakarybelamy.com\/img\/wp-json\/wp\/v2\/comments?post=479"}],"version-history":[{"count":1,"href":"https:\/\/zakarybelamy.com\/img\/wp-json\/wp\/v2\/posts\/479\/revisions"}],"predecessor-version":[{"id":480,"href":"https:\/\/zakarybelamy.com\/img\/wp-json\/wp\/v2\/posts\/479\/revisions\/480"}],"wp:attachment":[{"href":"https:\/\/zakarybelamy.com\/img\/wp-json\/wp\/v2\/media?parent=479"}],"wp:term":[{"taxonomy":"category","embeddable":true,"href":"https:\/\/zakarybelamy.com\/img\/wp-json\/wp\/v2\/categories?post=479"},{"taxonomy":"post_tag","embeddable":true,"href":"https:\/\/zakarybelamy.com\/img\/wp-json\/wp\/v2\/tags?post=479"}],"curies":[{"name":"wp","href":"https:\/\/api.w.org\/{rel}","templated":true}]}}